{"id":17056,"date":"2021-06-04T16:15:13","date_gmt":"2021-06-04T14:15:13","guid":{"rendered":"http:\/\/sp1.kielce.eu\/?p=17056"},"modified":"2021-06-04T16:15:13","modified_gmt":"2021-06-04T14:15:13","slug":"wielkie-serce-jedynki-dla-hospicjum-w-kielcach","status":"publish","type":"post","link":"https:\/\/sp1.kielce.eu\/index.php\/2021\/06\/04\/wielkie-serce-jedynki-dla-hospicjum-w-kielcach\/","title":{"rendered":"Wielkie Serce \u201eJEDYNKI\u201d dla Hospicjum w Kielcach"},"content":{"rendered":"\n<p>Po w\u0142\u0105czeniu si\u0119 w&nbsp;ca\u0142oroczn\u0105 Kampani\u0119 POLA NADZIEI 2020\/2021 <strong>rozpoczynamy kolejn\u0105 szlachetn\u0105 inicjatyw\u0119 naszej Szko\u0142y<\/strong>, mianowicie <strong>bezterminow\u0105 wsp\u00f3\u0142prac\u0119 z&nbsp;Diecezjalnym Centrum Wolontariatu w&nbsp;ramach eko-akcji \u201eODKR\u0118\u0106 marnowanie \u2013 NAKR\u0118\u0106 pomaganie\u201d.<\/strong><\/p>\n\n\n\n<p>Inicjatywa ta zach\u0119ca do dzia\u0142ania maj\u0105cego na celu kszta\u0142towania w&nbsp;nas <strong>postawy ekologicznej i&nbsp;mi\u0142osierdzia<\/strong> wzgl\u0119dem innych.<strong><\/strong><\/p>\n\n\n\n<p>Chodzi w&nbsp;niej<strong> o&nbsp;zbierania plastikowych nakr\u0119tek do Wielkiego Serca, kt\u00f3re otrzymali\u015bmy w&nbsp;darze<\/strong> w&nbsp;Dzie\u0144 Dziecka 1&nbsp;czerwca 2021&nbsp;r., dzi\u0119ki \u017cyczliwo\u015bci ks.&nbsp;Jana I\u0142czyka, Proboszcza parafii pw.&nbsp;\u015bw.&nbsp;J\u00f3zefa Robotnika w&nbsp;Kielcach.<\/p>\n\n\n\n<p><strong>Zbieraj\u0105c nakr\u0119tki wspomagamy Hospicjum \u015bw.&nbsp;Matki Teresy z&nbsp;Kalkuty w&nbsp;Kielcach!<\/strong><\/p>\n\n\n\n<p>\u201eDo\u0142\u0105cz do nas i&nbsp;<strong>sta\u0144 si\u0119 Ekologiem Mi\u0142osierdzia<\/strong>. \u015awiat i&nbsp;ludzie chorzy potrzebuj\u0105 naszego wsparcia! Ka\u017cdy z&nbsp;nas korzysta z&nbsp;wielu butelek czy karton\u00f3w. Zamykane s\u0105 one plastikowymi nakr\u0119tkami, kt\u00f3re \u0142atwo podda\u0107 recyklingowi. Zach\u0119camy do wyrobienia nawyku ich zbierania. Dzi\u0119ki ka\u017cdej od\u0142o\u017conej nakr\u0119tce na \u015bwiecie b\u0119dzie kilka cm<sup>3<\/sup> mniej odpad\u00f3w. Zebrane tworzywo zostanie sprzedane do ponownego u\u017cycia, a&nbsp;z&nbsp;uzyskanych pieni\u0119dzy wsparcie otrzyma <a href=\"https:\/\/www.facebook.com\/hospicjumcaritaskielce\/?__cft__%5b0%5d=AZXqnBBPaKmQz447GGazKb-6Mf-G87E62uK7001qb5a3ws5PLV2azgVMdxFIqEEF3gYaPxbWYTVfA8XKqPC7m6SmO2RHz1X716zdGvm8l44D7bkAGxJZ_hcwpFmpJsEN0RaXigs4gy3lDqVbaIf4Cl8LDYgFDQtpgMDi6duXL7Gmwg&amp;__tn__=kK-y-R\">Hospicjum Caritas im.&nbsp;\u015bw.&nbsp;Matki Teresy z&nbsp;Kalkuty w&nbsp;Kielcach<\/a>. Fundusze przeznaczone zostan\u0105 na zakup niezb\u0119dnego sprz\u0119tu medycznego.<strong> Za 80&nbsp;kg nakr\u0119tek mo\u017cna kupi\u0107 stolik do \u0142\u00f3\u017cka chorego, za 400&nbsp;kg \u2013 materac przeciwodle\u017cynowy, za 2,5&nbsp;tony \u2013 elektryczne \u0142\u00f3\u017cko rehabilitacyjne.<\/strong> Ka\u017cda nakr\u0119tka to konkretna pomoc: nie czekaj, zbieraj \u2013 przekazuj \u2013 pomagaj! <img loading=\"lazy\" decoding=\"async\" src=\"\" alt=\"?\" width=\"16\" height=\"16\">\u201d &#8211; (zobacz wi\u0119cej: #Odkr\u0119\u0107Nakr\u0119\u0107 \u2013 facebook)<strong><\/strong><\/p>\n\n\n\n<p>Swoje podzi\u0119kowania kierujemy wobec Przewodnicz\u0105cej Rady Rodzic\u00f3w Pani Katarzyny Wrzosek i&nbsp;jej Taty, <strong>za fachowe, bezpieczne umocowanie naszego \u201eWielkiego Serca\u201d przed budynkiem szkolnym<\/strong>.<\/p>\n\n\n\n<p>Mamy mocn\u0105 nadziej\u0119, \u017ce <strong>nasze Wielkie Serce dla Hospicjum nigdy nie b\u0119dzie puste i&nbsp;cz\u0119sto b\u0119dzie si\u0119 przepe\u0142nia\u0107 <\/strong><img loading=\"lazy\" decoding=\"async\" src=\"\" alt=\"\u2764\ufe0f\" width=\"16\" height=\"16\"><img loading=\"lazy\" decoding=\"async\" src=\"\" alt=\"\u2764\ufe0f\" width=\"16\" height=\"16\"><img loading=\"lazy\" decoding=\"async\" src=\"\" alt=\"\u2764\ufe0f\" width=\"16\" height=\"16\">&nbsp;(\u2026)<strong>!<\/strong><\/p>\n\n\n\n<p><strong>\u201eTo, co robimy, jest tylko kropl\u0105 w&nbsp;oceanie. Jednak gdyby tej kropli zabrak\u0142o, ocean by\u0142by o&nbsp;ni\u0105 ubo\u017cszy\u201d. \u2013 <\/strong>\u015bw.&nbsp;Matka Teresa z&nbsp;Kalkuty<\/p>\n\n\n\n<p>Parafrazuj\u0105c wy\u017cej zamieszczony cytat, mo\u017cna powiedzie\u0107:<\/p>\n\n\n\n<p><strong>\u201eTo, co robimy, zbieraj\u0105c nakr\u0119tk\u0119 za nakr\u0119tk\u0105, wydaj\u0119 si\u0119 ziarenkiem na g\u00f3rze potrzeb, ludzi chorych, potrzebuj\u0105cych, czy umieraj\u0105cych. Jednak gdyby tego ziarenka nie by\u0142o, g\u00f3ra mi\u0142o\u015bci by\u0142aby o&nbsp;nie ubo\u017csza\u201d.<\/strong><\/p>\n\n\n\n<p>W imieniu wszystkich chorych, cierpi\u0105cych, podopiecznych kieleckiego Hospicjum bardzo wszystkim dzi\u0119kujemy za wszelkie dobro i\u00a0pomoc, <strong>za ka\u017cd\u0105 nakr\u0119tk\u0119 na wag\u0119 mi\u0142o\u015bci<\/strong>! B\u00d3G ZAP\u0141A\u0106!<\/p>\n\n\n\n<p class=\"has-text-align-right\"> ks. Konrad Walerczak<br>ks. Micha\u0142 Segiet<br>Agnieszka Rycombel<\/p>\n\n\n\n<figure class=\"wp-block-gallery columns-3 is-cropped wp-block-gallery-1 is-layout-flex wp-block-gallery-is-layout-flex\"><ul class=\"blocks-gallery-grid\"><li class=\"blocks-gallery-item\"><figure><a href=\"http:\/\/sp1.kielce.eu\/wp-content\/uploads\/2021\/06\/Odkrec-marnowanie-nakrec-pomaganie.-Plakat-Copy.jpg\"><img loading=\"lazy\" decoding=\"async\" width=\"1200\" height=\"848\" src=\"http:\/\/sp1.kielce.eu\/wp-content\/uploads\/2021\/06\/Odkrec-marnowanie-nakrec-pomaganie.-Plakat-Copy.jpg\" alt=\"\" data-id=\"17059\" data-full-url=\"http:\/\/sp1.kielce.eu\/wp-content\/uploads\/2021\/06\/Odkrec-marnowanie-nakrec-pomaganie.-Plakat-Copy.jpg\" data-link=\"http:\/\/sp1.kielce.eu\/?attachment_id=17059\" class=\"wp-image-17059\" srcset=\"https:\/\/sp1.kielce.eu\/wp-content\/uploads\/2021\/06\/Odkrec-marnowanie-nakrec-pomaganie.-Plakat-Copy.jpg 1200w, https:\/\/sp1.kielce.eu\/wp-content\/uploads\/2021\/06\/Odkrec-marnowanie-nakrec-pomaganie.-Plakat-Copy-300x212.jpg 300w, https:\/\/sp1.kielce.eu\/wp-content\/uploads\/2021\/06\/Odkrec-marnowanie-nakrec-pomaganie.-Plakat-Copy-768x543.jpg 768w, https:\/\/sp1.kielce.eu\/wp-content\/uploads\/2021\/06\/Odkrec-marnowanie-nakrec-pomaganie.-Plakat-Copy-820x579.jpg 820w\" sizes=\"auto, (max-width: 1200px) 100vw, 1200px\" \/><\/a><\/figure><\/li><li class=\"blocks-gallery-item\"><figure><a href=\"http:\/\/sp1.kielce.eu\/wp-content\/uploads\/2021\/06\/Serce-1-Copy.jpg\"><img loading=\"lazy\" decoding=\"async\" width=\"1200\" height=\"600\" src=\"http:\/\/sp1.kielce.eu\/wp-content\/uploads\/2021\/06\/Serce-1-Copy.jpg\" alt=\"\" data-id=\"17061\" data-full-url=\"http:\/\/sp1.kielce.eu\/wp-content\/uploads\/2021\/06\/Serce-1-Copy.jpg\" data-link=\"http:\/\/sp1.kielce.eu\/?attachment_id=17061\" class=\"wp-image-17061\" srcset=\"https:\/\/sp1.kielce.eu\/wp-content\/uploads\/2021\/06\/Serce-1-Copy.jpg 1200w, https:\/\/sp1.kielce.eu\/wp-content\/uploads\/2021\/06\/Serce-1-Copy-300x150.jpg 300w, https:\/\/sp1.kielce.eu\/wp-content\/uploads\/2021\/06\/Serce-1-Copy-768x384.jpg 768w, https:\/\/sp1.kielce.eu\/wp-content\/uploads\/2021\/06\/Serce-1-Copy-820x410.jpg 820w\" sizes=\"auto, (max-width: 1200px) 100vw, 1200px\" \/><\/a><\/figure><\/li><li class=\"blocks-gallery-item\"><figure><a href=\"http:\/\/sp1.kielce.eu\/wp-content\/uploads\/2021\/06\/Serce-2-Copy.jpg\"><img loading=\"lazy\" decoding=\"async\" width=\"1200\" height=\"600\" src=\"http:\/\/sp1.kielce.eu\/wp-content\/uploads\/2021\/06\/Serce-2-Copy.jpg\" alt=\"\" data-id=\"17062\" data-full-url=\"http:\/\/sp1.kielce.eu\/wp-content\/uploads\/2021\/06\/Serce-2-Copy.jpg\" data-link=\"http:\/\/sp1.kielce.eu\/?attachment_id=17062\" class=\"wp-image-17062\" srcset=\"https:\/\/sp1.kielce.eu\/wp-content\/uploads\/2021\/06\/Serce-2-Copy.jpg 1200w, https:\/\/sp1.kielce.eu\/wp-content\/uploads\/2021\/06\/Serce-2-Copy-300x150.jpg 300w, https:\/\/sp1.kielce.eu\/wp-content\/uploads\/2021\/06\/Serce-2-Copy-768x384.jpg 768w, https:\/\/sp1.kielce.eu\/wp-content\/uploads\/2021\/06\/Serce-2-Copy-820x410.jpg 820w\" sizes=\"auto, (max-width: 1200px) 100vw, 1200px\" \/><\/a><\/figure><\/li><li class=\"blocks-gallery-item\"><figure><a href=\"http:\/\/sp1.kielce.eu\/wp-content\/uploads\/2021\/06\/Serce-3-Copy.jpg\"><img loading=\"lazy\" decoding=\"async\" width=\"1200\" height=\"600\" src=\"http:\/\/sp1.kielce.eu\/wp-content\/uploads\/2021\/06\/Serce-3-Copy.jpg\" alt=\"\" data-id=\"17063\" data-full-url=\"http:\/\/sp1.kielce.eu\/wp-content\/uploads\/2021\/06\/Serce-3-Copy.jpg\" data-link=\"http:\/\/sp1.kielce.eu\/?attachment_id=17063\" class=\"wp-image-17063\" srcset=\"https:\/\/sp1.kielce.eu\/wp-content\/uploads\/2021\/06\/Serce-3-Copy.jpg 1200w, https:\/\/sp1.kielce.eu\/wp-content\/uploads\/2021\/06\/Serce-3-Copy-300x150.jpg 300w, https:\/\/sp1.kielce.eu\/wp-content\/uploads\/2021\/06\/Serce-3-Copy-768x384.jpg 768w, https:\/\/sp1.kielce.eu\/wp-content\/uploads\/2021\/06\/Serce-3-Copy-820x410.jpg 820w\" sizes=\"auto, (max-width: 1200px) 100vw, 1200px\" \/><\/a><\/figure><\/li><li class=\"blocks-gallery-item\"><figure><a href=\"http:\/\/sp1.kielce.eu\/wp-content\/uploads\/2021\/06\/Serce-4-Copy.jpg\"><img loading=\"lazy\" decoding=\"async\" width=\"1200\" height=\"600\" src=\"http:\/\/sp1.kielce.eu\/wp-content\/uploads\/2021\/06\/Serce-4-Copy.jpg\" alt=\"\" data-id=\"17064\" data-full-url=\"http:\/\/sp1.kielce.eu\/wp-content\/uploads\/2021\/06\/Serce-4-Copy.jpg\" data-link=\"http:\/\/sp1.kielce.eu\/?attachment_id=17064\" class=\"wp-image-17064\" srcset=\"https:\/\/sp1.kielce.eu\/wp-content\/uploads\/2021\/06\/Serce-4-Copy.jpg 1200w, https:\/\/sp1.kielce.eu\/wp-content\/uploads\/2021\/06\/Serce-4-Copy-300x150.jpg 300w, https:\/\/sp1.kielce.eu\/wp-content\/uploads\/2021\/06\/Serce-4-Copy-768x384.jpg 768w, https:\/\/sp1.kielce.eu\/wp-content\/uploads\/2021\/06\/Serce-4-Copy-820x410.jpg 820w\" sizes=\"auto, (max-width: 1200px) 100vw, 1200px\" \/><\/a><\/figure><\/li><li class=\"blocks-gallery-item\"><figure><a href=\"http:\/\/sp1.kielce.eu\/wp-content\/uploads\/2021\/06\/Serce-5-Copy.jpg\"><img loading=\"lazy\" decoding=\"async\" width=\"1200\" height=\"600\" src=\"http:\/\/sp1.kielce.eu\/wp-content\/uploads\/2021\/06\/Serce-5-Copy.jpg\" alt=\"\" data-id=\"17065\" data-full-url=\"http:\/\/sp1.kielce.eu\/wp-content\/uploads\/2021\/06\/Serce-5-Copy.jpg\" data-link=\"http:\/\/sp1.kielce.eu\/?attachment_id=17065\" class=\"wp-image-17065\" srcset=\"https:\/\/sp1.kielce.eu\/wp-content\/uploads\/2021\/06\/Serce-5-Copy.jpg 1200w, https:\/\/sp1.kielce.eu\/wp-content\/uploads\/2021\/06\/Serce-5-Copy-300x150.jpg 300w, https:\/\/sp1.kielce.eu\/wp-content\/uploads\/2021\/06\/Serce-5-Copy-768x384.jpg 768w, https:\/\/sp1.kielce.eu\/wp-content\/uploads\/2021\/06\/Serce-5-Copy-820x410.jpg 820w\" sizes=\"auto, (max-width: 1200px) 100vw, 1200px\" \/><\/a><\/figure><\/li><\/ul><\/figure>\n\n\n\n<p><\/p>\n","protected":false},"excerpt":{"rendered":"<p>Po w\u0142\u0105czeniu si\u0119 w&nbsp;ca\u0142oroczn\u0105 Kampani\u0119 POLA NADZIEI 2020\/2021 rozpoczynamy kolejn\u0105 szlachetn\u0105 inicjatyw\u0119 naszej Szko\u0142y, mianowicie [&hellip;]<\/p>\n","protected":false},"author":13,"featured_media":17060,"comment_status":"closed","ping_status":"open","sticky":false,"template":"","format":"standard","meta":{"footnotes":""},"categories":[36,163,23],"tags":[],"class_list":["post-17056","post","type-post","status-publish","format-standard","has-post-thumbnail","hentry","category-wydarzenia","category-skw","category-charytatywne"],"_links":{"self":[{"href":"https:\/\/sp1.kielce.eu\/index.php\/wp-json\/wp\/v2\/posts\/17056","targetHints":{"allow":["GET"]}}],"collection":[{"href":"https:\/\/sp1.kielce.eu\/index.php\/wp-json\/wp\/v2\/posts"}],"about":[{"href":"https:\/\/sp1.kielce.eu\/index.php\/wp-json\/wp\/v2\/types\/post"}],"author":[{"embeddable":true,"href":"https:\/\/sp1.kielce.eu\/index.php\/wp-json\/wp\/v2\/users\/13"}],"replies":[{"embeddable":true,"href":"https:\/\/sp1.kielce.eu\/index.php\/wp-json\/wp\/v2\/comments?post=17056"}],"version-history":[{"count":2,"href":"https:\/\/sp1.kielce.eu\/index.php\/wp-json\/wp\/v2\/posts\/17056\/revisions"}],"predecessor-version":[{"id":17066,"href":"https:\/\/sp1.kielce.eu\/index.php\/wp-json\/wp\/v2\/posts\/17056\/revisions\/17066"}],"wp:featuredmedia":[{"embeddable":true,"href":"https:\/\/sp1.kielce.eu\/index.php\/wp-json\/wp\/v2\/media\/17060"}],"wp:attachment":[{"href":"https:\/\/sp1.kielce.eu\/index.php\/wp-json\/wp\/v2\/media?parent=17056"}],"wp:term":[{"taxonomy":"category","embeddable":true,"href":"https:\/\/sp1.kielce.eu\/index.php\/wp-json\/wp\/v2\/categories?post=17056"},{"taxonomy":"post_tag","embeddable":true,"href":"https:\/\/sp1.kielce.eu\/index.php\/wp-json\/wp\/v2\/tags?post=17056"}],"curies":[{"name":"wp","href":"https:\/\/api.w.org\/{rel}","templated":true}]}}