{"id":17046,"date":"2021-06-04T16:06:22","date_gmt":"2021-06-04T14:06:22","guid":{"rendered":"http:\/\/sp1.kielce.eu\/?p=17046"},"modified":"2021-06-04T16:06:22","modified_gmt":"2021-06-04T14:06:22","slug":"konkurs-matematyczny-puchacz-piotr","status":"publish","type":"post","link":"https:\/\/sp1.kielce.eu\/index.php\/2021\/06\/04\/konkurs-matematyczny-puchacz-piotr\/","title":{"rendered":"Konkurs matematyczny \u201ePuchacz Piotr\u201d"},"content":{"rendered":"\n<p>W 13 maja, ch\u0119tni uczniowie klas drugich wzi\u0119li udzia\u0142 w\u00a0I\u00a0etapie Og\u00f3lnopolskiego Konkursu Matematycznego \u201ePuchacz Piotr\u201d 2020\/2021. Ze wzgl\u0119du na sytuacj\u0119 epidemiczn\u0105, zmieni\u0142y si\u0119 terminy poszczeg\u00f3lnych etap\u00f3w. <br>Wszystkim uczestnikom gratulujemy wysokich wynik\u00f3w!<br>Drugi, mi\u0119dzyszkolny etap odb\u0119dzie si\u0119 7\u00a0czerwca 2021\u00a0r. Zakwalifikowa\u0142y si\u0119 do niego z\u00a0ponad 90% wynikami: <strong>Maja Ulrich<\/strong> z\u00a0klasy 2\u00a0a oraz <strong>Aleksandra Basiak<\/strong> z\u00a0klasy 2\u00a0b.<br>\u017byczymy powodzenia!<\/p>\n\n\n\n<p class=\"has-text-align-right\">Kinga Kozie\u0142<br>El\u017cbieta Lis<\/p>\n\n\n\n<figure class=\"wp-block-gallery columns-3 is-cropped wp-block-gallery-1 is-layout-flex wp-block-gallery-is-layout-flex\"><ul class=\"blocks-gallery-grid\"><li class=\"blocks-gallery-item\"><figure><a href=\"http:\/\/sp1.kielce.eu\/wp-content\/uploads\/2021\/06\/20210513_1039491-Copy.jpg\"><img loading=\"lazy\" decoding=\"async\" width=\"1200\" height=\"788\" src=\"http:\/\/sp1.kielce.eu\/wp-content\/uploads\/2021\/06\/20210513_1039491-Copy.jpg\" alt=\"\" data-id=\"17049\" data-full-url=\"http:\/\/sp1.kielce.eu\/wp-content\/uploads\/2021\/06\/20210513_1039491-Copy.jpg\" data-link=\"http:\/\/sp1.kielce.eu\/?attachment_id=17049\" class=\"wp-image-17049\" srcset=\"https:\/\/sp1.kielce.eu\/wp-content\/uploads\/2021\/06\/20210513_1039491-Copy.jpg 1200w, https:\/\/sp1.kielce.eu\/wp-content\/uploads\/2021\/06\/20210513_1039491-Copy-300x197.jpg 300w, https:\/\/sp1.kielce.eu\/wp-content\/uploads\/2021\/06\/20210513_1039491-Copy-768x504.jpg 768w, https:\/\/sp1.kielce.eu\/wp-content\/uploads\/2021\/06\/20210513_1039491-Copy-820x538.jpg 820w\" sizes=\"auto, (max-width: 1200px) 100vw, 1200px\" \/><\/a><\/figure><\/li><li class=\"blocks-gallery-item\"><figure><a href=\"http:\/\/sp1.kielce.eu\/wp-content\/uploads\/2021\/06\/20210513_081749-Copy.jpg\"><img loading=\"lazy\" decoding=\"async\" width=\"621\" height=\"900\" src=\"http:\/\/sp1.kielce.eu\/wp-content\/uploads\/2021\/06\/20210513_081749-Copy.jpg\" alt=\"\" data-id=\"17047\" data-full-url=\"http:\/\/sp1.kielce.eu\/wp-content\/uploads\/2021\/06\/20210513_081749-Copy.jpg\" data-link=\"http:\/\/sp1.kielce.eu\/?attachment_id=17047\" class=\"wp-image-17047\" srcset=\"https:\/\/sp1.kielce.eu\/wp-content\/uploads\/2021\/06\/20210513_081749-Copy.jpg 621w, https:\/\/sp1.kielce.eu\/wp-content\/uploads\/2021\/06\/20210513_081749-Copy-207x300.jpg 207w\" sizes=\"auto, (max-width: 621px) 100vw, 621px\" \/><\/a><\/figure><\/li><li class=\"blocks-gallery-item\"><figure><a href=\"http:\/\/sp1.kielce.eu\/wp-content\/uploads\/2021\/06\/20210513_081809-Copy.jpg\"><img loading=\"lazy\" decoding=\"async\" width=\"586\" height=\"900\" src=\"http:\/\/sp1.kielce.eu\/wp-content\/uploads\/2021\/06\/20210513_081809-Copy.jpg\" alt=\"\" data-id=\"17048\" data-full-url=\"http:\/\/sp1.kielce.eu\/wp-content\/uploads\/2021\/06\/20210513_081809-Copy.jpg\" data-link=\"http:\/\/sp1.kielce.eu\/?attachment_id=17048\" class=\"wp-image-17048\" srcset=\"https:\/\/sp1.kielce.eu\/wp-content\/uploads\/2021\/06\/20210513_081809-Copy.jpg 586w, https:\/\/sp1.kielce.eu\/wp-content\/uploads\/2021\/06\/20210513_081809-Copy-195x300.jpg 195w\" sizes=\"auto, (max-width: 586px) 100vw, 586px\" \/><\/a><\/figure><\/li><\/ul><\/figure>\n","protected":false},"excerpt":{"rendered":"<p>W 13 maja, ch\u0119tni uczniowie klas drugich wzi\u0119li udzia\u0142 w\u00a0I\u00a0etapie Og\u00f3lnopolskiego Konkursu Matematycznego \u201ePuchacz Piotr\u201d [&hellip;]<\/p>\n","protected":false},"author":13,"featured_media":17050,"comment_status":"closed","ping_status":"open","sticky":false,"template":"","format":"standard","meta":{"footnotes":""},"categories":[36],"tags":[],"class_list":["post-17046","post","type-post","status-publish","format-standard","has-post-thumbnail","hentry","category-wydarzenia"],"_links":{"self":[{"href":"https:\/\/sp1.kielce.eu\/index.php\/wp-json\/wp\/v2\/posts\/17046","targetHints":{"allow":["GET"]}}],"collection":[{"href":"https:\/\/sp1.kielce.eu\/index.php\/wp-json\/wp\/v2\/posts"}],"about":[{"href":"https:\/\/sp1.kielce.eu\/index.php\/wp-json\/wp\/v2\/types\/post"}],"author":[{"embeddable":true,"href":"https:\/\/sp1.kielce.eu\/index.php\/wp-json\/wp\/v2\/users\/13"}],"replies":[{"embeddable":true,"href":"https:\/\/sp1.kielce.eu\/index.php\/wp-json\/wp\/v2\/comments?post=17046"}],"version-history":[{"count":1,"href":"https:\/\/sp1.kielce.eu\/index.php\/wp-json\/wp\/v2\/posts\/17046\/revisions"}],"predecessor-version":[{"id":17051,"href":"https:\/\/sp1.kielce.eu\/index.php\/wp-json\/wp\/v2\/posts\/17046\/revisions\/17051"}],"wp:featuredmedia":[{"embeddable":true,"href":"https:\/\/sp1.kielce.eu\/index.php\/wp-json\/wp\/v2\/media\/17050"}],"wp:attachment":[{"href":"https:\/\/sp1.kielce.eu\/index.php\/wp-json\/wp\/v2\/media?parent=17046"}],"wp:term":[{"taxonomy":"category","embeddable":true,"href":"https:\/\/sp1.kielce.eu\/index.php\/wp-json\/wp\/v2\/categories?post=17046"},{"taxonomy":"post_tag","embeddable":true,"href":"https:\/\/sp1.kielce.eu\/index.php\/wp-json\/wp\/v2\/tags?post=17046"}],"curies":[{"name":"wp","href":"https:\/\/api.w.org\/{rel}","templated":true}]}}