{"id":16968,"date":"2021-06-02T12:30:02","date_gmt":"2021-06-02T10:30:02","guid":{"rendered":"http:\/\/sp1.kielce.eu\/?p=16968"},"modified":"2021-06-02T12:30:02","modified_gmt":"2021-06-02T10:30:02","slug":"i-edycja-wojewodzkiego-konkursu-okomode","status":"publish","type":"post","link":"https:\/\/sp1.kielce.eu\/index.php\/2021\/06\/02\/i-edycja-wojewodzkiego-konkursu-okomode\/","title":{"rendered":"I edycja Wojew\u00f3dzkiego  Konkursu \u201e\u00d6komode"},"content":{"rendered":"\n<p><strong>Ekologiczna moda niemieckiego obszaru j\u0119zykowego\u201d<\/strong><\/p>\n\n\n\n<p><strong>dla uczni\u00f3w klas IV-VIII szk\u00f3\u0142 podstawowych.<\/strong><strong><\/strong><\/p>\n\n\n\n<p>02 czerwca 2021 roku odby\u0142 si\u0119 w Szkole Podstawowej nr 1 im. Stanis\u0142awa Staszica w Kielcach fina\u0142 I&nbsp;edycjiwojew\u00f3dzkiego konkursu \u201e\u00d6komode \u2013 ekologiczna moda niemieckiego obszaru j\u0119zykowego\u201d. Konkurs odby\u0142 si\u0119 pod honorowym patronatem Prezydenta Miasta Kielce oraz \u015awi\u0119tokrzyskiego Kuratora O\u015bwiaty.<\/p>\n\n\n\n<p>&nbsp;&nbsp;&nbsp;&nbsp;&nbsp; Zadaniem konkursu by\u0142o promowanie zainteresowa\u0144 i postaw ekologicznych,popularyzacja wiedzy dotycz\u0105cej segregacji i recyklinguoraz uwra\u017cliwienie na konieczno\u015b\u0107 dbania o \u015brodowisko naturalne. Celem nadrz\u0119dnym by\u0142o rozwijanie ciekawo\u015bci poznawczej zwi\u0105zanej z krajami niemieckoj\u0119zycznymi&nbsp; oraz zach\u0119cenie uczni\u00f3w do nauki j\u0119zyka niemieckiego.A wszystko to z wykorzystaniem narz\u0119dzi technologii informacyjno \u2013 komputerowej.<\/p>\n\n\n\n<p>Uczestnicy trzeciego etapu konkursu&nbsp; wykonali na bazie ekologicznych materia\u0142\u00f3w i tekstyli\u00f3w ubi\u00f3r inspirowany strojem lat 20-tych XX wieku, w kt\u00f3rym zaprezentowali si\u0119 \u201ena czerwonym dywanie\u201d.<\/p>\n\n\n\n<p>W konkursie wzi\u0119\u0142o udzia\u0142 a\u017c 82 uczestnik\u00f3w reprezentuj\u0105cych 33 szko\u0142y z terenu wojew\u00f3dztwa \u015bwi\u0119tokrzyskiego.&nbsp; Do fina\u0142u zakwalifikowano 27 uczestnik\u00f3w. Jest nam niezmiernie mi\u0142o, \u017ce nasz konkurs cieszy\u0142 si\u0119 takim zainteresowaniem.<\/p>\n\n\n\n<p>&nbsp;&nbsp;&nbsp;&nbsp;&nbsp;&nbsp;&nbsp;&nbsp;&nbsp;&nbsp;&nbsp; Mieli\u015bmy zaszczyt go\u015bci\u0107 na konkursie Wiceprezydenta Miasta Kielce Pana Marcina Ch\u0142odnickiego, Dyrektora Wydzia\u0142u Edukacji Kultury i Sportu Pana Piotra \u0141ojka, Prezesa Przedsi\u0119biorstwa Gospodarki Odpadami Pana Miros\u0142awa Banacha.<\/p>\n\n\n\n<p>Zwyci\u0119zc\u00f3w wy\u0142oni\u0142o niezale\u017cne jury w sk\u0142adzie:<\/p>\n\n\n\n<p>\u2013 Pani&nbsp;<strong>dr Donata W\u00f3jcik&nbsp;&nbsp;<\/strong>&#8211; Wyk\u0142adowca Uniwersytetu Jana Kochanowskiego<\/p>\n\n\n\n<p>\u2013 Pan <strong>RalphArzt<\/strong> &#8211; Wyk\u0142adowca Uniwersytetu Jana Kochanowskiego<\/p>\n\n\n\n<p>\u2013 Pani&nbsp;<strong>Ewa \u0141ukawska&nbsp;<\/strong>&#8211;&nbsp; projektantka mody<\/p>\n\n\n\n<p><strong>I miejsce &#8211; \u015anioch Ola SP D\u0119bska Wola<\/strong><\/p>\n\n\n\n<p><strong>II miejsce (ex aequo)- Mr\u00f3z Oliwia SP Bilcza, Waszka Jacek SP nr 13 Starachowice, Marsza\u0142ek Magdalena SP Piekosz\u00f3w<\/strong><\/p>\n\n\n\n<p><strong>III miejsce \u2013 Podraza Hanna SP Busko Zdr\u00f3j<\/strong><\/p>\n\n\n\n<p><strong>Wyr\u00f3\u017cnienia otrzyma\u0142a:<\/strong><\/p>\n\n\n\n<p><strong>Walo Maria SP nr 39 Kielce<\/strong><\/p>\n\n\n\n<p>&nbsp;&nbsp;&nbsp;&nbsp;&nbsp;&nbsp;&nbsp;&nbsp;&nbsp;&nbsp;&nbsp; Partnerami konkursu byli: Przedsi\u0119biorstwo Gospodarki Odpadami w Promniku, &nbsp;Wydzia\u0142 Us\u0142ug Komunalnych i Zarz\u0105dzania \u015arodowiskiem Urz\u0105d Miasta Kielce. Wspierali nas r\u00f3wnie\u017c Instytut Goethego w Warszawie. Patronat medialny obj\u0119li TVP Kielce, Radio Kielce i Echo Dnia.<\/p>\n\n\n\n<p>Wszystkim uczestnikom konkursu gratulujemy fantastycznych pomys\u0142\u00f3w i wspaniale wykonanych kreacji, a przede wszystkim znajomo\u015bci j\u0119zyka niemieckiego.<\/p>\n\n\n\n<p>Alina Dziopa<\/p>\n\n\n\n<p>Kinga Kozie\u0142<\/p>\n\n\n\n<p>\u00a0Ewa Stachura Oprawa Techniczna: Dariusz St\u0119pie\u0144<\/p>\n\n\n\n<figure class=\"wp-block-embed-youtube wp-block-embed is-type-video is-provider-youtube wp-embed-aspect-16-9 wp-has-aspect-ratio\"><div class=\"wp-block-embed__wrapper\">\n<iframe loading=\"lazy\" title=\"Okomode\" width=\"1160\" height=\"653\" src=\"https:\/\/www.youtube.com\/embed\/7gpIQ2Xl-w0?feature=oembed\" frameborder=\"0\" allow=\"accelerometer; autoplay; clipboard-write; encrypted-media; gyroscope; picture-in-picture\" allowfullscreen><\/iframe>\n<\/div><\/figure>\n\n\n\n<figure class=\"wp-block-gallery columns-3 is-cropped wp-block-gallery-1 is-layout-flex wp-block-gallery-is-layout-flex\"><ul class=\"blocks-gallery-grid\"><li class=\"blocks-gallery-item\"><figure><a href=\"http:\/\/sp1.kielce.eu\/wp-content\/uploads\/2021\/06\/20210602_080602-Large.jpg\"><img loading=\"lazy\" decoding=\"async\" width=\"1400\" height=\"663\" src=\"http:\/\/sp1.kielce.eu\/wp-content\/uploads\/2021\/06\/20210602_080602-Large-1400x663.jpg\" alt=\"\" data-id=\"16969\" data-full-url=\"http:\/\/sp1.kielce.eu\/wp-content\/uploads\/2021\/06\/20210602_080602-Large.jpg\" data-link=\"http:\/\/sp1.kielce.eu\/?attachment_id=16969\" class=\"wp-image-16969\" srcset=\"https:\/\/sp1.kielce.eu\/wp-content\/uploads\/2021\/06\/20210602_080602-Large-1400x663.jpg 1400w, https:\/\/sp1.kielce.eu\/wp-content\/uploads\/2021\/06\/20210602_080602-Large-300x142.jpg 300w, https:\/\/sp1.kielce.eu\/wp-content\/uploads\/2021\/06\/20210602_080602-Large-768x364.jpg 768w, https:\/\/sp1.kielce.eu\/wp-content\/uploads\/2021\/06\/20210602_080602-Large-1536x727.jpg 1536w, https:\/\/sp1.kielce.eu\/wp-content\/uploads\/2021\/06\/20210602_080602-Large-820x388.jpg 820w, https:\/\/sp1.kielce.eu\/wp-content\/uploads\/2021\/06\/20210602_080602-Large.jpg 1920w\" sizes=\"auto, (max-width: 1400px) 100vw, 1400px\" \/><\/a><figcaption class=\"blocks-gallery-item__caption\">1<\/figcaption><\/figure><\/li><li class=\"blocks-gallery-item\"><figure><a href=\"http:\/\/sp1.kielce.eu\/wp-content\/uploads\/2021\/06\/20210602_080748-Large.jpg\"><img loading=\"lazy\" decoding=\"async\" width=\"1400\" height=\"788\" src=\"http:\/\/sp1.kielce.eu\/wp-content\/uploads\/2021\/06\/20210602_080748-Large-1400x788.jpg\" alt=\"\" data-id=\"16970\" data-full-url=\"http:\/\/sp1.kielce.eu\/wp-content\/uploads\/2021\/06\/20210602_080748-Large.jpg\" data-link=\"http:\/\/sp1.kielce.eu\/?attachment_id=16970\" class=\"wp-image-16970\" srcset=\"https:\/\/sp1.kielce.eu\/wp-content\/uploads\/2021\/06\/20210602_080748-Large-1400x788.jpg 1400w, https:\/\/sp1.kielce.eu\/wp-content\/uploads\/2021\/06\/20210602_080748-Large-300x169.jpg 300w, https:\/\/sp1.kielce.eu\/wp-content\/uploads\/2021\/06\/20210602_080748-Large-768x432.jpg 768w, https:\/\/sp1.kielce.eu\/wp-content\/uploads\/2021\/06\/20210602_080748-Large-1536x864.jpg 1536w, https:\/\/sp1.kielce.eu\/wp-content\/uploads\/2021\/06\/20210602_080748-Large-820x461.jpg 820w, https:\/\/sp1.kielce.eu\/wp-content\/uploads\/2021\/06\/20210602_080748-Large.jpg 1920w\" sizes=\"auto, (max-width: 1400px) 100vw, 1400px\" \/><\/a><figcaption class=\"blocks-gallery-item__caption\">2<\/figcaption><\/figure><\/li><li class=\"blocks-gallery-item\"><figure><a href=\"http:\/\/sp1.kielce.eu\/wp-content\/uploads\/2021\/06\/20210602_083206-Large.jpg\"><img loading=\"lazy\" decoding=\"async\" width=\"1200\" height=\"900\" src=\"http:\/\/sp1.kielce.eu\/wp-content\/uploads\/2021\/06\/20210602_083206-Large-1200x900.jpg\" alt=\"\" data-id=\"16971\" data-full-url=\"http:\/\/sp1.kielce.eu\/wp-content\/uploads\/2021\/06\/20210602_083206-Large.jpg\" data-link=\"http:\/\/sp1.kielce.eu\/?attachment_id=16971\" class=\"wp-image-16971\" srcset=\"https:\/\/sp1.kielce.eu\/wp-content\/uploads\/2021\/06\/20210602_083206-Large-1200x900.jpg 1200w, https:\/\/sp1.kielce.eu\/wp-content\/uploads\/2021\/06\/20210602_083206-Large-300x225.jpg 300w, https:\/\/sp1.kielce.eu\/wp-content\/uploads\/2021\/06\/20210602_083206-Large-768x576.jpg 768w, https:\/\/sp1.kielce.eu\/wp-content\/uploads\/2021\/06\/20210602_083206-Large-820x615.jpg 820w, https:\/\/sp1.kielce.eu\/wp-content\/uploads\/2021\/06\/20210602_083206-Large.jpg 1440w\" sizes=\"auto, (max-width: 1200px) 100vw, 1200px\" \/><\/a><figcaption class=\"blocks-gallery-item__caption\">3<\/figcaption><\/figure><\/li><li class=\"blocks-gallery-item\"><figure><a href=\"http:\/\/sp1.kielce.eu\/wp-content\/uploads\/2021\/06\/20210602_102038-Large.jpg\"><img loading=\"lazy\" decoding=\"async\" width=\"1200\" height=\"900\" src=\"http:\/\/sp1.kielce.eu\/wp-content\/uploads\/2021\/06\/20210602_102038-Large-1200x900.jpg\" alt=\"\" data-id=\"16972\" data-full-url=\"http:\/\/sp1.kielce.eu\/wp-content\/uploads\/2021\/06\/20210602_102038-Large.jpg\" data-link=\"http:\/\/sp1.kielce.eu\/?attachment_id=16972\" class=\"wp-image-16972\" srcset=\"https:\/\/sp1.kielce.eu\/wp-content\/uploads\/2021\/06\/20210602_102038-Large-1200x900.jpg 1200w, https:\/\/sp1.kielce.eu\/wp-content\/uploads\/2021\/06\/20210602_102038-Large-300x225.jpg 300w, https:\/\/sp1.kielce.eu\/wp-content\/uploads\/2021\/06\/20210602_102038-Large-768x576.jpg 768w, https:\/\/sp1.kielce.eu\/wp-content\/uploads\/2021\/06\/20210602_102038-Large-820x615.jpg 820w, https:\/\/sp1.kielce.eu\/wp-content\/uploads\/2021\/06\/20210602_102038-Large.jpg 1440w\" sizes=\"auto, (max-width: 1200px) 100vw, 1200px\" \/><\/a><figcaption class=\"blocks-gallery-item__caption\">4<\/figcaption><\/figure><\/li><li class=\"blocks-gallery-item\"><figure><a href=\"http:\/\/sp1.kielce.eu\/wp-content\/uploads\/2021\/06\/20210602_102219-Large.jpg\"><img loading=\"lazy\" decoding=\"async\" width=\"1200\" height=\"900\" src=\"http:\/\/sp1.kielce.eu\/wp-content\/uploads\/2021\/06\/20210602_102219-Large-1200x900.jpg\" alt=\"\" data-id=\"16973\" data-full-url=\"http:\/\/sp1.kielce.eu\/wp-content\/uploads\/2021\/06\/20210602_102219-Large.jpg\" data-link=\"http:\/\/sp1.kielce.eu\/?attachment_id=16973\" class=\"wp-image-16973\" srcset=\"https:\/\/sp1.kielce.eu\/wp-content\/uploads\/2021\/06\/20210602_102219-Large-1200x900.jpg 1200w, https:\/\/sp1.kielce.eu\/wp-content\/uploads\/2021\/06\/20210602_102219-Large-300x225.jpg 300w, https:\/\/sp1.kielce.eu\/wp-content\/uploads\/2021\/06\/20210602_102219-Large-768x576.jpg 768w, https:\/\/sp1.kielce.eu\/wp-content\/uploads\/2021\/06\/20210602_102219-Large-820x615.jpg 820w, https:\/\/sp1.kielce.eu\/wp-content\/uploads\/2021\/06\/20210602_102219-Large.jpg 1440w\" sizes=\"auto, (max-width: 1200px) 100vw, 1200px\" \/><\/a><figcaption class=\"blocks-gallery-item__caption\">5<\/figcaption><\/figure><\/li><li class=\"blocks-gallery-item\"><figure><a href=\"http:\/\/sp1.kielce.eu\/wp-content\/uploads\/2021\/06\/20210602_102247-Large.jpg\"><img loading=\"lazy\" decoding=\"async\" width=\"1200\" height=\"900\" src=\"http:\/\/sp1.kielce.eu\/wp-content\/uploads\/2021\/06\/20210602_102247-Large-1200x900.jpg\" alt=\"\" data-id=\"16974\" data-full-url=\"http:\/\/sp1.kielce.eu\/wp-content\/uploads\/2021\/06\/20210602_102247-Large.jpg\" data-link=\"http:\/\/sp1.kielce.eu\/?attachment_id=16974\" class=\"wp-image-16974\" srcset=\"https:\/\/sp1.kielce.eu\/wp-content\/uploads\/2021\/06\/20210602_102247-Large-1200x900.jpg 1200w, https:\/\/sp1.kielce.eu\/wp-content\/uploads\/2021\/06\/20210602_102247-Large-300x225.jpg 300w, https:\/\/sp1.kielce.eu\/wp-content\/uploads\/2021\/06\/20210602_102247-Large-768x576.jpg 768w, https:\/\/sp1.kielce.eu\/wp-content\/uploads\/2021\/06\/20210602_102247-Large-820x615.jpg 820w, https:\/\/sp1.kielce.eu\/wp-content\/uploads\/2021\/06\/20210602_102247-Large.jpg 1440w\" sizes=\"auto, (max-width: 1200px) 100vw, 1200px\" \/><\/a><figcaption class=\"blocks-gallery-item__caption\">6<\/figcaption><\/figure><\/li><\/ul><\/figure>\n","protected":false},"excerpt":{"rendered":"<p>Ekologiczna moda niemieckiego obszaru j\u0119zykowego\u201d dla uczni\u00f3w klas IV-VIII szk\u00f3\u0142 podstawowych. 02 czerwca 2021 roku [&hellip;]<\/p>\n","protected":false},"author":5,"featured_media":16969,"comment_status":"closed","ping_status":"open","sticky":false,"template":"","format":"standard","meta":{"footnotes":""},"categories":[36],"tags":[],"class_list":["post-16968","post","type-post","status-publish","format-standard","has-post-thumbnail","hentry","category-wydarzenia"],"_links":{"self":[{"href":"https:\/\/sp1.kielce.eu\/index.php\/wp-json\/wp\/v2\/posts\/16968","targetHints":{"allow":["GET"]}}],"collection":[{"href":"https:\/\/sp1.kielce.eu\/index.php\/wp-json\/wp\/v2\/posts"}],"about":[{"href":"https:\/\/sp1.kielce.eu\/index.php\/wp-json\/wp\/v2\/types\/post"}],"author":[{"embeddable":true,"href":"https:\/\/sp1.kielce.eu\/index.php\/wp-json\/wp\/v2\/users\/5"}],"replies":[{"embeddable":true,"href":"https:\/\/sp1.kielce.eu\/index.php\/wp-json\/wp\/v2\/comments?post=16968"}],"version-history":[{"count":1,"href":"https:\/\/sp1.kielce.eu\/index.php\/wp-json\/wp\/v2\/posts\/16968\/revisions"}],"predecessor-version":[{"id":16975,"href":"https:\/\/sp1.kielce.eu\/index.php\/wp-json\/wp\/v2\/posts\/16968\/revisions\/16975"}],"wp:featuredmedia":[{"embeddable":true,"href":"https:\/\/sp1.kielce.eu\/index.php\/wp-json\/wp\/v2\/media\/16969"}],"wp:attachment":[{"href":"https:\/\/sp1.kielce.eu\/index.php\/wp-json\/wp\/v2\/media?parent=16968"}],"wp:term":[{"taxonomy":"category","embeddable":true,"href":"https:\/\/sp1.kielce.eu\/index.php\/wp-json\/wp\/v2\/categories?post=16968"},{"taxonomy":"post_tag","embeddable":true,"href":"https:\/\/sp1.kielce.eu\/index.php\/wp-json\/wp\/v2\/tags?post=16968"}],"curies":[{"name":"wp","href":"https:\/\/api.w.org\/{rel}","templated":true}]}}