{"id":16786,"date":"2021-05-19T11:52:29","date_gmt":"2021-05-19T09:52:29","guid":{"rendered":"http:\/\/sp1.kielce.eu\/?p=16786"},"modified":"2021-05-19T11:52:29","modified_gmt":"2021-05-19T09:52:29","slug":"karta-rowerowa-twoje-pierwsze-prawo-jazdy","status":"publish","type":"post","link":"https:\/\/sp1.kielce.eu\/index.php\/2021\/05\/19\/karta-rowerowa-twoje-pierwsze-prawo-jazdy\/","title":{"rendered":"Karta Rowerowa &#8211; Twoje pierwsze prawo jazdy"},"content":{"rendered":"\n<p>W dniu 07.05.2021 w naszej szkole odby\u0142o si\u0119 spotkanie klas 3 i 4 z Wydzia\u0142em Ruchu Drogowego Komendy Miejskiej Policji w Kielcach na temat:<\/p>\n\n\n\n<p><em>\u201eBezpieczny rowerzysta &#8211; pierwsze uprawnienie\u201d przygotowanie do egzaminu na kart\u0119 rowerow\u0105.<\/em><\/p>\n\n\n\n<p>Informujmy, \u017ce egzamin na Kart\u0119&nbsp; Rowerow\u0105 odb\u0119dzie si\u0119 w szkole dnia <strong>28 maja 2021 r. o godz. 11.30<\/strong>.<\/p>\n\n\n\n<p>G\u0142\u00f3wnym celem przeprowadzenia egzaminu na kart\u0119 rowerow\u0105 oraz dzia\u0142a\u0144 edukacyjnych z nim zwi\u0105zanych w szkole jest przygotowanie uczni\u00f3w do odpowiedzialnego i \u015bwiadomego uczestniczenia w ruchu drogowym, dba\u0142o\u015bci o w\u0142asne bezpiecze\u0144stwo, \u017cycie i zdrowie.<\/p>\n\n\n\n<p>Tematyka wychowania komunikacyjnego realizowana jest w ramach przedmiotu Technika w postaci zaj\u0119\u0107 teoretycznych w klasie IV : uczniowie zdobywaj\u0105 wiedz\u0119 na temat obowi\u0105zkowych przepis\u00f3w, znak\u00f3w drogowych, udzielania pierwszej pomocy przedmedycznej, umo\u017cliwiaj\u0105c\u0105 zdobycie karty rowerowej.<\/p>\n\n\n\n<p><strong><u>Warunki uzyskania KARTY ROWEROWEJ<\/u><\/strong><\/p>\n\n\n\n<p>&nbsp;O wydanie karty rowerowej mo\u017ce ubiega\u0107 si\u0119 ka\u017cdy ucze\u0144 szko\u0142y (r\u00f3wnie\u017c z rocznik\u00f3w starszych), kt\u00f3ry wyra\u017ca ch\u0119\u0107 jej uzyskania o ile ma uko\u0144czone 10 lat.<\/p>\n\n\n\n<p>Ucze\u0144 powinien:<\/p>\n\n\n\n<ol class=\"wp-block-list\" type=\"1\"><li>pobra\u0107 od nauczyciela <strong>zaj\u0119\u0107 technicznych<\/strong><strong> (Pani Anety Trzci\u0144skiej)<\/strong> Arkusz zalicze\u0144 ucznia,<\/li><li>wype\u0142ni\u0107 czytelnie swoje dane osobowe,<\/li><li>&nbsp;uzyska\u0107 wpis (zgod\u0119) rodzica lub prawnego opiekuna,<\/li><li>&nbsp;uzyska\u0107 wpis (zgod\u0119) nauczyciela wychowawcy,<\/li><li>&nbsp;zg\u0142osi\u0107 si\u0119 do nauczyciela zaj\u0119\u0107 technicznych w wyznaczonym terminie z wype\u0142nionym arkuszem zalicze\u0144 ucznia,<\/li><li>&nbsp;przyst\u0105pi\u0107 do testu teoretycznego,<\/li><li>&nbsp;po pozytywnym zaliczeniu cz\u0119\u015bci teoretycznej, przyst\u0105pi\u0107 do sprawdzianu praktycznego z jazdy na rowerze na placu manewrowym,<\/li><li>&nbsp;po pozytywnym zaliczeniu egzaminu dostarczy\u0107 zdj\u0119cie legitymacyjne.<\/li><\/ol>\n\n\n\n<p>Po przyswojeniu teorii ka\u017cdy ucze\u0144 mo\u017ce sprawdzi\u0107 nabyt\u0105 wiedz\u0119 wype\u0142niaj\u0105c przyk\u0142adowe testy, jakie np. przygotowa\u0142 Polski Zwi\u0105zek Motorowy. Materia\u0142y te s\u0105 og\u00f3lnodost\u0119pne na stronie internetowej:&nbsp;<a href=\"https:\/\/www.pzm.pl\/turnieje\/szkola-podstawowa-testy-brd-i-mtm\">https:\/\/www.pzm.pl\/turnieje\/szkola-podstawowa-testy-brd-i-mtm<\/a><\/p>\n\n\n\n<p>Przydatne linki:<\/p>\n\n\n\n<figure class=\"wp-block-embed\"><div class=\"wp-block-embed__wrapper\">\nhttps:\/\/brd.edu.pl\/\n<\/div><\/figure>\n\n\n\n<figure class=\"wp-block-embed-youtube wp-block-embed is-type-video is-provider-youtube wp-embed-aspect-16-9 wp-has-aspect-ratio\"><div class=\"wp-block-embed__wrapper\">\n<iframe loading=\"lazy\" title=\"Przepisowy rowerzysta\" width=\"1160\" height=\"653\" src=\"https:\/\/www.youtube.com\/embed\/5M0BryqjnJQ?feature=oembed\" frameborder=\"0\" allow=\"accelerometer; autoplay; clipboard-write; encrypted-media; gyroscope; picture-in-picture\" allowfullscreen><\/iframe>\n<\/div><\/figure>\n\n\n\n<p class=\"has-text-align-right\">Autor: Ewa Waleniak<\/p>\n\n\n\n<figure class=\"wp-block-gallery columns-3 is-cropped wp-block-gallery-1 is-layout-flex wp-block-gallery-is-layout-flex\"><ul class=\"blocks-gallery-grid\"><li class=\"blocks-gallery-item\"><figure><a href=\"http:\/\/sp1.kielce.eu\/wp-content\/uploads\/2021\/05\/MicrosoftTeams-image-2.png\"><img loading=\"lazy\" decoding=\"async\" width=\"1359\" height=\"607\" src=\"http:\/\/sp1.kielce.eu\/wp-content\/uploads\/2021\/05\/MicrosoftTeams-image-2.png\" alt=\"\" data-id=\"16787\" data-full-url=\"http:\/\/sp1.kielce.eu\/wp-content\/uploads\/2021\/05\/MicrosoftTeams-image-2.png\" data-link=\"http:\/\/sp1.kielce.eu\/?attachment_id=16787\" class=\"wp-image-16787\" srcset=\"https:\/\/sp1.kielce.eu\/wp-content\/uploads\/2021\/05\/MicrosoftTeams-image-2.png 1359w, https:\/\/sp1.kielce.eu\/wp-content\/uploads\/2021\/05\/MicrosoftTeams-image-2-300x134.png 300w, https:\/\/sp1.kielce.eu\/wp-content\/uploads\/2021\/05\/MicrosoftTeams-image-2-768x343.png 768w, https:\/\/sp1.kielce.eu\/wp-content\/uploads\/2021\/05\/MicrosoftTeams-image-2-820x366.png 820w\" sizes=\"auto, (max-width: 1359px) 100vw, 1359px\" \/><\/a><figcaption class=\"blocks-gallery-item__caption\">1<\/figcaption><\/figure><\/li><li class=\"blocks-gallery-item\"><figure><a href=\"http:\/\/sp1.kielce.eu\/wp-content\/uploads\/2021\/05\/MicrosoftTeams-image-3.png\"><img loading=\"lazy\" decoding=\"async\" width=\"1239\" height=\"610\" src=\"http:\/\/sp1.kielce.eu\/wp-content\/uploads\/2021\/05\/MicrosoftTeams-image-3.png\" alt=\"\" data-id=\"16788\" data-full-url=\"http:\/\/sp1.kielce.eu\/wp-content\/uploads\/2021\/05\/MicrosoftTeams-image-3.png\" data-link=\"http:\/\/sp1.kielce.eu\/?attachment_id=16788\" class=\"wp-image-16788\" srcset=\"https:\/\/sp1.kielce.eu\/wp-content\/uploads\/2021\/05\/MicrosoftTeams-image-3.png 1239w, https:\/\/sp1.kielce.eu\/wp-content\/uploads\/2021\/05\/MicrosoftTeams-image-3-300x148.png 300w, https:\/\/sp1.kielce.eu\/wp-content\/uploads\/2021\/05\/MicrosoftTeams-image-3-768x378.png 768w, https:\/\/sp1.kielce.eu\/wp-content\/uploads\/2021\/05\/MicrosoftTeams-image-3-820x404.png 820w\" sizes=\"auto, (max-width: 1239px) 100vw, 1239px\" \/><\/a><figcaption class=\"blocks-gallery-item__caption\">2<\/figcaption><\/figure><\/li><li class=\"blocks-gallery-item\"><figure><a href=\"http:\/\/sp1.kielce.eu\/wp-content\/uploads\/2021\/05\/MicrosoftTeams-image.png\"><img loading=\"lazy\" decoding=\"async\" width=\"1345\" height=\"636\" src=\"http:\/\/sp1.kielce.eu\/wp-content\/uploads\/2021\/05\/MicrosoftTeams-image.png\" alt=\"\" data-id=\"16789\" data-full-url=\"http:\/\/sp1.kielce.eu\/wp-content\/uploads\/2021\/05\/MicrosoftTeams-image.png\" data-link=\"http:\/\/sp1.kielce.eu\/?attachment_id=16789\" class=\"wp-image-16789\" srcset=\"https:\/\/sp1.kielce.eu\/wp-content\/uploads\/2021\/05\/MicrosoftTeams-image.png 1345w, https:\/\/sp1.kielce.eu\/wp-content\/uploads\/2021\/05\/MicrosoftTeams-image-300x142.png 300w, https:\/\/sp1.kielce.eu\/wp-content\/uploads\/2021\/05\/MicrosoftTeams-image-768x363.png 768w, https:\/\/sp1.kielce.eu\/wp-content\/uploads\/2021\/05\/MicrosoftTeams-image-820x388.png 820w\" sizes=\"auto, (max-width: 1345px) 100vw, 1345px\" \/><\/a><figcaption class=\"blocks-gallery-item__caption\">3<\/figcaption><\/figure><\/li><li class=\"blocks-gallery-item\"><figure><a href=\"http:\/\/sp1.kielce.eu\/wp-content\/uploads\/2021\/05\/spotkanie-1.jpg\"><img loading=\"lazy\" decoding=\"async\" width=\"500\" height=\"900\" src=\"http:\/\/sp1.kielce.eu\/wp-content\/uploads\/2021\/05\/spotkanie-1-500x900.jpg\" alt=\"\" data-id=\"16790\" data-full-url=\"http:\/\/sp1.kielce.eu\/wp-content\/uploads\/2021\/05\/spotkanie-1.jpg\" data-link=\"http:\/\/sp1.kielce.eu\/?attachment_id=16790\" class=\"wp-image-16790\" srcset=\"https:\/\/sp1.kielce.eu\/wp-content\/uploads\/2021\/05\/spotkanie-1-500x900.jpg 500w, https:\/\/sp1.kielce.eu\/wp-content\/uploads\/2021\/05\/spotkanie-1-167x300.jpg 167w, https:\/\/sp1.kielce.eu\/wp-content\/uploads\/2021\/05\/spotkanie-1-768x1382.jpg 768w, https:\/\/sp1.kielce.eu\/wp-content\/uploads\/2021\/05\/spotkanie-1-853x1536.jpg 853w, https:\/\/sp1.kielce.eu\/wp-content\/uploads\/2021\/05\/spotkanie-1-820x1476.jpg 820w, https:\/\/sp1.kielce.eu\/wp-content\/uploads\/2021\/05\/spotkanie-1.jpg 1120w\" sizes=\"auto, (max-width: 500px) 100vw, 500px\" \/><\/a><figcaption class=\"blocks-gallery-item__caption\">4<\/figcaption><\/figure><\/li><li class=\"blocks-gallery-item\"><figure><a href=\"http:\/\/sp1.kielce.eu\/wp-content\/uploads\/2021\/05\/spotkanie-2.jpg\"><img loading=\"lazy\" decoding=\"async\" width=\"500\" height=\"900\" src=\"http:\/\/sp1.kielce.eu\/wp-content\/uploads\/2021\/05\/spotkanie-2-500x900.jpg\" alt=\"\" data-id=\"16791\" data-full-url=\"http:\/\/sp1.kielce.eu\/wp-content\/uploads\/2021\/05\/spotkanie-2.jpg\" data-link=\"http:\/\/sp1.kielce.eu\/?attachment_id=16791\" class=\"wp-image-16791\" srcset=\"https:\/\/sp1.kielce.eu\/wp-content\/uploads\/2021\/05\/spotkanie-2-500x900.jpg 500w, https:\/\/sp1.kielce.eu\/wp-content\/uploads\/2021\/05\/spotkanie-2-167x300.jpg 167w, https:\/\/sp1.kielce.eu\/wp-content\/uploads\/2021\/05\/spotkanie-2-768x1382.jpg 768w, https:\/\/sp1.kielce.eu\/wp-content\/uploads\/2021\/05\/spotkanie-2-853x1536.jpg 853w, https:\/\/sp1.kielce.eu\/wp-content\/uploads\/2021\/05\/spotkanie-2-820x1476.jpg 820w, https:\/\/sp1.kielce.eu\/wp-content\/uploads\/2021\/05\/spotkanie-2.jpg 1120w\" sizes=\"auto, (max-width: 500px) 100vw, 500px\" \/><\/a><figcaption class=\"blocks-gallery-item__caption\">5<\/figcaption><\/figure><\/li><li class=\"blocks-gallery-item\"><figure><a href=\"http:\/\/sp1.kielce.eu\/wp-content\/uploads\/2021\/05\/spotkanie-3.jpg\"><img loading=\"lazy\" decoding=\"async\" width=\"500\" height=\"900\" src=\"http:\/\/sp1.kielce.eu\/wp-content\/uploads\/2021\/05\/spotkanie-3-500x900.jpg\" alt=\"\" data-id=\"16792\" data-full-url=\"http:\/\/sp1.kielce.eu\/wp-content\/uploads\/2021\/05\/spotkanie-3.jpg\" data-link=\"http:\/\/sp1.kielce.eu\/?attachment_id=16792\" class=\"wp-image-16792\" srcset=\"https:\/\/sp1.kielce.eu\/wp-content\/uploads\/2021\/05\/spotkanie-3-500x900.jpg 500w, https:\/\/sp1.kielce.eu\/wp-content\/uploads\/2021\/05\/spotkanie-3-167x300.jpg 167w, https:\/\/sp1.kielce.eu\/wp-content\/uploads\/2021\/05\/spotkanie-3-768x1382.jpg 768w, https:\/\/sp1.kielce.eu\/wp-content\/uploads\/2021\/05\/spotkanie-3-853x1536.jpg 853w, https:\/\/sp1.kielce.eu\/wp-content\/uploads\/2021\/05\/spotkanie-3-820x1476.jpg 820w, https:\/\/sp1.kielce.eu\/wp-content\/uploads\/2021\/05\/spotkanie-3.jpg 1120w\" sizes=\"auto, (max-width: 500px) 100vw, 500px\" \/><\/a><figcaption class=\"blocks-gallery-item__caption\">6<\/figcaption><\/figure><\/li><li class=\"blocks-gallery-item\"><figure><a href=\"http:\/\/sp1.kielce.eu\/wp-content\/uploads\/2021\/05\/spotkanie-4.jpg\"><img loading=\"lazy\" decoding=\"async\" width=\"500\" height=\"900\" src=\"http:\/\/sp1.kielce.eu\/wp-content\/uploads\/2021\/05\/spotkanie-4-500x900.jpg\" alt=\"\" data-id=\"16793\" data-full-url=\"http:\/\/sp1.kielce.eu\/wp-content\/uploads\/2021\/05\/spotkanie-4.jpg\" data-link=\"http:\/\/sp1.kielce.eu\/?attachment_id=16793\" class=\"wp-image-16793\" srcset=\"https:\/\/sp1.kielce.eu\/wp-content\/uploads\/2021\/05\/spotkanie-4-500x900.jpg 500w, https:\/\/sp1.kielce.eu\/wp-content\/uploads\/2021\/05\/spotkanie-4-167x300.jpg 167w, https:\/\/sp1.kielce.eu\/wp-content\/uploads\/2021\/05\/spotkanie-4-768x1382.jpg 768w, https:\/\/sp1.kielce.eu\/wp-content\/uploads\/2021\/05\/spotkanie-4-853x1536.jpg 853w, https:\/\/sp1.kielce.eu\/wp-content\/uploads\/2021\/05\/spotkanie-4-820x1476.jpg 820w, https:\/\/sp1.kielce.eu\/wp-content\/uploads\/2021\/05\/spotkanie-4.jpg 1120w\" sizes=\"auto, (max-width: 500px) 100vw, 500px\" \/><\/a><figcaption class=\"blocks-gallery-item__caption\">7<\/figcaption><\/figure><\/li><\/ul><\/figure>\n","protected":false},"excerpt":{"rendered":"<p>W dniu 07.05.2021 w naszej szkole odby\u0142o si\u0119 spotkanie klas 3 i 4 z Wydzia\u0142em [&hellip;]<\/p>\n","protected":false},"author":5,"featured_media":16793,"comment_status":"closed","ping_status":"open","sticky":false,"template":"","format":"standard","meta":{"footnotes":""},"categories":[36],"tags":[],"class_list":["post-16786","post","type-post","status-publish","format-standard","has-post-thumbnail","hentry","category-wydarzenia"],"_links":{"self":[{"href":"https:\/\/sp1.kielce.eu\/index.php\/wp-json\/wp\/v2\/posts\/16786","targetHints":{"allow":["GET"]}}],"collection":[{"href":"https:\/\/sp1.kielce.eu\/index.php\/wp-json\/wp\/v2\/posts"}],"about":[{"href":"https:\/\/sp1.kielce.eu\/index.php\/wp-json\/wp\/v2\/types\/post"}],"author":[{"embeddable":true,"href":"https:\/\/sp1.kielce.eu\/index.php\/wp-json\/wp\/v2\/users\/5"}],"replies":[{"embeddable":true,"href":"https:\/\/sp1.kielce.eu\/index.php\/wp-json\/wp\/v2\/comments?post=16786"}],"version-history":[{"count":1,"href":"https:\/\/sp1.kielce.eu\/index.php\/wp-json\/wp\/v2\/posts\/16786\/revisions"}],"predecessor-version":[{"id":16794,"href":"https:\/\/sp1.kielce.eu\/index.php\/wp-json\/wp\/v2\/posts\/16786\/revisions\/16794"}],"wp:featuredmedia":[{"embeddable":true,"href":"https:\/\/sp1.kielce.eu\/index.php\/wp-json\/wp\/v2\/media\/16793"}],"wp:attachment":[{"href":"https:\/\/sp1.kielce.eu\/index.php\/wp-json\/wp\/v2\/media?parent=16786"}],"wp:term":[{"taxonomy":"category","embeddable":true,"href":"https:\/\/sp1.kielce.eu\/index.php\/wp-json\/wp\/v2\/categories?post=16786"},{"taxonomy":"post_tag","embeddable":true,"href":"https:\/\/sp1.kielce.eu\/index.php\/wp-json\/wp\/v2\/tags?post=16786"}],"curies":[{"name":"wp","href":"https:\/\/api.w.org\/{rel}","templated":true}]}}