{"id":16783,"date":"2021-05-19T10:23:36","date_gmt":"2021-05-19T08:23:36","guid":{"rendered":"http:\/\/sp1.kielce.eu\/?p=16783"},"modified":"2021-07-01T23:45:19","modified_gmt":"2021-07-01T21:45:19","slug":"sukces-w-ii-miejskim-konkursie-krasomowczym","status":"publish","type":"post","link":"https:\/\/sp1.kielce.eu\/index.php\/2021\/05\/19\/sukces-w-ii-miejskim-konkursie-krasomowczym\/","title":{"rendered":"Sukces w II Miejskim Konkursie Krasom\u00f3wczym"},"content":{"rendered":"\n<p>W dniu 18 maja na platformie Teams odby\u0142o si\u0119 podsumowanie <strong>II Miejskiego Konkursu Krasom\u00f3wczego ,,Mistrz s\u0142owa 12+\u201d<\/strong> , kt\u00f3rego organizatorem by\u0142 Zesp\u00f3\u0142 Plac\u00f3wek O\u015bwiatowych nr 1 w Kielcach oraz Szko\u0142a Podstawowa nr 28 w Kielcach. &nbsp;Jedynk\u0119 w tym roku reprezentowa\u0142y uczennice klasy 7b ( Ewa Kwieci\u0144ska) i&nbsp; 7c ( Ewa Hlebicka- J\u00f3zefowicz).<\/p>\n\n\n\n<p>&nbsp;&nbsp;&nbsp;&nbsp;&nbsp;&nbsp;&nbsp;&nbsp;&nbsp; Zadaniem uczestnik\u00f3w konkursu by\u0142o przygotowanie i ustne zaprezentowanie autorskich tekst\u00f3w dotycz\u0105cych aktualnych spraw m\u0142odzie\u017cy, doros\u0142ych i \u015brodowiska, w kt\u00f3rym funkcjonuj\u0105. Mottem tegorocznego turnieju by\u0142o przys\u0142owie afryka\u0144skie: &nbsp;<strong>\u201eWszyscy ludzie \u015bmiej\u0105 si\u0119 w tym samym j\u0119zyku\u201d. <\/strong>&nbsp;W I etapie uczestnicy przygotowywali nagranie \u2013 news, czyli wiadomo\u015b\u0107 medialn\u0105 o wybranym (autentycznym lub fikcyjnym) fakcie zwi\u0105zanym z tematyk\u0105 tegorocznej edycji konkursu. W II etapie (fina\u0142owym) przedstawiali wypowiedzi o charakterze argumentacyjnym na jeden wybrany przez siebie temat w formie prezentacji multimedialnej.<\/p>\n\n\n\n<p>W finale <strong>III miejsce<\/strong> zaj\u0119\u0142a <strong>Ewa Hlebicka- J\u00f3zefowicz<\/strong> . Uczennica zaprezentowa\u0142a rozprawk\u0119 na temat ,, Cel podr\u00f3\u017cy to nie miejsce, do kt\u00f3rego zmierzasz, a nowa perspektywa, z jak\u0105 patrzysz na \u015bwiat\u201d.<\/p>\n\n\n\n<p>Gratulujemy serdecznie ! News i prezentacja multimedialna Ewy do zobaczenia w za\u0142\u0105czniku. To nasza szkolna Mitrzyni Krasom\u00f3wstwa! &nbsp;Warto zobaczy\u0107 jej wyst\u0119p.<\/p>\n\n\n\n<p>\u00a0\u00a0\u00a0\u00a0\u00a0\u00a0\u00a0\u00a0\u00a0\u00a0\u00a0\u00a0\u00a0\u00a0\u00a0\u00a0\u00a0\u00a0\u00a0\u00a0\u00a0\u00a0\u00a0\u00a0\u00a0\u00a0\u00a0\u00a0\u00a0\u00a0\u00a0\u00a0\u00a0\u00a0\u00a0\u00a0\u00a0\u00a0\u00a0\u00a0\u00a0\u00a0\u00a0\u00a0\u00a0\u00a0\u00a0\u00a0\u00a0\u00a0\u00a0\u00a0\u00a0\u00a0\u00a0\u00a0\u00a0\u00a0\u00a0\u00a0 \u00a0\u00a0\u00a0\u00a0\u00a0\u00a0\u00a0\u00a0\u00a0\u00a0\u00a0\u00a0\u00a0\u00a0\u00a0\u00a0\u00a0\u00a0\u00a0\u00a0\u00a0\u00a0\u00a0\u00a0\u00a0\u00a0\u00a0\u00a0\u00a0\u00a0\u00a0\u00a0\u00a0\u00a0\u00a0\u00a0\u00a0\u00a0\u00a0\u00a0\u00a0\u00a0Dorota Broni\u015b<\/p>\n\n\n\n<p><a href=\"https:\/\/drive.google.com\/file\/d\/1f6LqmA2JxAs5CQcBywbCwvePUp2e_qWM\/view?usp=sharing\">https:\/\/drive.google.com\/file\/d\/1f6LqmA2JxAs5CQcBywbCwvePUp2e_qWM\/view?usp=sharing<\/a><\/p>\n\n\n\n<p><a href=\"https:\/\/drive.google.com\/file\/d\/1H8p3HDl97fDEsQxRPNh6Xvux5nwIkRel\/view?usp=sharing\">https:\/\/drive.google.com\/file\/d\/1H8p3HDl97fDEsQxRPNh6Xvux5nwIkRel\/view?usp=sharing<\/a><\/p>\n","protected":false},"excerpt":{"rendered":"<p>W dniu 18 maja na platformie Teams odby\u0142o si\u0119 podsumowanie II Miejskiego Konkursu Krasom\u00f3wczego ,,Mistrz [&hellip;]<\/p>\n","protected":false},"author":5,"featured_media":16784,"comment_status":"closed","ping_status":"open","sticky":false,"template":"","format":"standard","meta":{"footnotes":""},"categories":[36,10,21],"tags":[],"class_list":["post-16783","post","type-post","status-publish","format-standard","has-post-thumbnail","hentry","category-wydarzenia","category-konkursy-przedmiotowe","category-konkursy"],"_links":{"self":[{"href":"https:\/\/sp1.kielce.eu\/index.php\/wp-json\/wp\/v2\/posts\/16783","targetHints":{"allow":["GET"]}}],"collection":[{"href":"https:\/\/sp1.kielce.eu\/index.php\/wp-json\/wp\/v2\/posts"}],"about":[{"href":"https:\/\/sp1.kielce.eu\/index.php\/wp-json\/wp\/v2\/types\/post"}],"author":[{"embeddable":true,"href":"https:\/\/sp1.kielce.eu\/index.php\/wp-json\/wp\/v2\/users\/5"}],"replies":[{"embeddable":true,"href":"https:\/\/sp1.kielce.eu\/index.php\/wp-json\/wp\/v2\/comments?post=16783"}],"version-history":[{"count":1,"href":"https:\/\/sp1.kielce.eu\/index.php\/wp-json\/wp\/v2\/posts\/16783\/revisions"}],"predecessor-version":[{"id":16785,"href":"https:\/\/sp1.kielce.eu\/index.php\/wp-json\/wp\/v2\/posts\/16783\/revisions\/16785"}],"wp:featuredmedia":[{"embeddable":true,"href":"https:\/\/sp1.kielce.eu\/index.php\/wp-json\/wp\/v2\/media\/16784"}],"wp:attachment":[{"href":"https:\/\/sp1.kielce.eu\/index.php\/wp-json\/wp\/v2\/media?parent=16783"}],"wp:term":[{"taxonomy":"category","embeddable":true,"href":"https:\/\/sp1.kielce.eu\/index.php\/wp-json\/wp\/v2\/categories?post=16783"},{"taxonomy":"post_tag","embeddable":true,"href":"https:\/\/sp1.kielce.eu\/index.php\/wp-json\/wp\/v2\/tags?post=16783"}],"curies":[{"name":"wp","href":"https:\/\/api.w.org\/{rel}","templated":true}]}}