{"id":16713,"date":"2021-05-18T08:08:30","date_gmt":"2021-05-18T06:08:30","guid":{"rendered":"http:\/\/sp1.kielce.eu\/?p=16713"},"modified":"2021-05-18T08:08:30","modified_gmt":"2021-05-18T06:08:30","slug":"wyniki-konkursu-geologiczno-srodowiskowego","status":"publish","type":"post","link":"https:\/\/sp1.kielce.eu\/index.php\/2021\/05\/18\/wyniki-konkursu-geologiczno-srodowiskowego\/","title":{"rendered":"WYNIKI KONKURSU GEOLOGICZNO-\u015aRODOWISKOWEGO"},"content":{"rendered":"\n<p>Szanowni Pa\u0144stwo,<br><br><\/p>\n\n\n\n<p>Pozwol\u0119 sobie zacytowa\u0107 Pani\u0105 mgr in\u017c. Ewelin\u0119 B\u0105k z Pa\u0144stwowego Instytutu Geologicznego Oddzia\u0142 \u015awi\u0119tokrzyski im. Jana Czarnockiego w Kielcach:<\/p>\n\n\n\n<p><br><br>\u201e Mam ogromn\u0105 przyjemno\u015b\u0107 poinformowa\u0107, \u017ce ucze\u0144 <strong>Kromer Cezary<\/strong> ze Szko\u0142y Podstawowej Nr 1 im. S. Staszica, kt\u00f3ry przygotowa\u0142 prac\u0119 pisemn\u0105 pod kierunkiem Pani Waleniak Ewy w konkursie geologiczno &#8211; \u015brodowiskowym \u201eNasza Ziemia \u2013 \u015brodowisko przyrodnicze wczoraj, dzi\u015b i jutro\u201d, zosta\u0142 zakwalifikowany do grona laureat\u00f3w fina\u0142u regionalnego konkursu oraz kolejnego etapu konkursu.<br><br>W zwi\u0105zku z tym, chcieliby\u015bmy serdecznie zaprosi\u0107 ww. ucznia na test wiedzy geologicznej, kt\u00f3ry rozpocznie si\u0119 dnia 18 maja 2021r. o godzinie 10:00.<br><br>Test wiedzy b\u0119dzie obejmowa\u0142 zagadnienia zwi\u0105zane z naukami geologicznymi, znajd\u0105 si\u0119 w nim r\u00f3wnie\u017c pytania odnosz\u0105ce si\u0119 do tegorocznego has\u0142a konkursu.<br><br>XXII edycja konkursu cieszy\u0142a si\u0119 ogromn\u0105 popularno\u015bci\u0105 w\u015br\u00f3d m\u0142odzie\u017cy szkolnej. Komisja Konkursowa stan\u0119\u0142a przed trudnym wyzwaniem, bowiem poziom nades\u0142anych prac by\u0142 bardzo wysoki, \u015bwiadcz\u0105cy o wiedzy, talencie i wyobra\u017ani uczni\u00f3w oraz wysi\u0142ku i zaanga\u017cowaniu nauczycieli i rodzic\u00f3w.\u201d<br><br><br>Lista laureat\u00f3w fina\u0142u regionalnego zosta\u0142a zamieszczona na oficjalnej stronie konkursu:<br><br><a href=\"https:\/\/www.pgi.gov.pl\/konkurs-geologiczny-2021\" target=\"_blank\" rel=\"noreferrer noopener\">https:\/\/www.pgi.gov.pl\/konkurs-geologiczny-2021<\/a>\/<br><br><\/p>\n\n\n\n<p><br>Czarkowi serdecznie gratuluj\u0119 i \u017cycz\u0119 dalszych sukces\u00f3w!<\/p>\n\n\n\n<p>Trzymajmy za niego kciuki 18 maja \ud83d\ude42<\/p>\n\n\n\n<p>nauczyciel geografii<\/p>\n\n\n\n<p class=\"has-text-align-right\">Ewa Waleniak<\/p>\n\n\n\n<figure class=\"wp-block-gallery columns-2 is-cropped wp-block-gallery-1 is-layout-flex wp-block-gallery-is-layout-flex\"><ul class=\"blocks-gallery-grid\"><li class=\"blocks-gallery-item\"><figure><a href=\"http:\/\/sp1.kielce.eu\/wp-content\/uploads\/2021\/05\/baner.jpg\"><img loading=\"lazy\" decoding=\"async\" width=\"1167\" height=\"372\" src=\"http:\/\/sp1.kielce.eu\/wp-content\/uploads\/2021\/05\/baner.jpg\" alt=\"\" data-id=\"16715\" data-full-url=\"http:\/\/sp1.kielce.eu\/wp-content\/uploads\/2021\/05\/baner.jpg\" data-link=\"http:\/\/sp1.kielce.eu\/?attachment_id=16715\" class=\"wp-image-16715\" srcset=\"https:\/\/sp1.kielce.eu\/wp-content\/uploads\/2021\/05\/baner.jpg 1167w, https:\/\/sp1.kielce.eu\/wp-content\/uploads\/2021\/05\/baner-300x96.jpg 300w, https:\/\/sp1.kielce.eu\/wp-content\/uploads\/2021\/05\/baner-768x245.jpg 768w, https:\/\/sp1.kielce.eu\/wp-content\/uploads\/2021\/05\/baner-820x261.jpg 820w\" sizes=\"auto, (max-width: 1167px) 100vw, 1167px\" \/><\/a><figcaption class=\"blocks-gallery-item__caption\">1<\/figcaption><\/figure><\/li><li class=\"blocks-gallery-item\"><figure><a href=\"http:\/\/sp1.kielce.eu\/wp-content\/uploads\/2021\/05\/MicrosoftTeams-image-1-scaled.jpg\"><img loading=\"lazy\" decoding=\"async\" width=\"1200\" height=\"900\" src=\"http:\/\/sp1.kielce.eu\/wp-content\/uploads\/2021\/05\/MicrosoftTeams-image-1-1200x900.jpg\" alt=\"\" data-id=\"16716\" data-full-url=\"http:\/\/sp1.kielce.eu\/wp-content\/uploads\/2021\/05\/MicrosoftTeams-image-1-scaled.jpg\" data-link=\"http:\/\/sp1.kielce.eu\/?attachment_id=16716\" class=\"wp-image-16716\" srcset=\"https:\/\/sp1.kielce.eu\/wp-content\/uploads\/2021\/05\/MicrosoftTeams-image-1-1200x900.jpg 1200w, https:\/\/sp1.kielce.eu\/wp-content\/uploads\/2021\/05\/MicrosoftTeams-image-1-300x225.jpg 300w, https:\/\/sp1.kielce.eu\/wp-content\/uploads\/2021\/05\/MicrosoftTeams-image-1-768x576.jpg 768w, https:\/\/sp1.kielce.eu\/wp-content\/uploads\/2021\/05\/MicrosoftTeams-image-1-1536x1152.jpg 1536w, https:\/\/sp1.kielce.eu\/wp-content\/uploads\/2021\/05\/MicrosoftTeams-image-1-2048x1536.jpg 2048w, https:\/\/sp1.kielce.eu\/wp-content\/uploads\/2021\/05\/MicrosoftTeams-image-1-820x615.jpg 820w\" sizes=\"auto, (max-width: 1200px) 100vw, 1200px\" \/><\/a><figcaption class=\"blocks-gallery-item__caption\">2<\/figcaption><\/figure><\/li><\/ul><\/figure>\n","protected":false},"excerpt":{"rendered":"<p>Szanowni Pa\u0144stwo, Pozwol\u0119 sobie zacytowa\u0107 Pani\u0105 mgr in\u017c. Ewelin\u0119 B\u0105k z Pa\u0144stwowego Instytutu Geologicznego Oddzia\u0142 [&hellip;]<\/p>\n","protected":false},"author":5,"featured_media":16715,"comment_status":"closed","ping_status":"open","sticky":false,"template":"","format":"standard","meta":{"footnotes":""},"categories":[36],"tags":[],"class_list":["post-16713","post","type-post","status-publish","format-standard","has-post-thumbnail","hentry","category-wydarzenia"],"_links":{"self":[{"href":"https:\/\/sp1.kielce.eu\/index.php\/wp-json\/wp\/v2\/posts\/16713","targetHints":{"allow":["GET"]}}],"collection":[{"href":"https:\/\/sp1.kielce.eu\/index.php\/wp-json\/wp\/v2\/posts"}],"about":[{"href":"https:\/\/sp1.kielce.eu\/index.php\/wp-json\/wp\/v2\/types\/post"}],"author":[{"embeddable":true,"href":"https:\/\/sp1.kielce.eu\/index.php\/wp-json\/wp\/v2\/users\/5"}],"replies":[{"embeddable":true,"href":"https:\/\/sp1.kielce.eu\/index.php\/wp-json\/wp\/v2\/comments?post=16713"}],"version-history":[{"count":1,"href":"https:\/\/sp1.kielce.eu\/index.php\/wp-json\/wp\/v2\/posts\/16713\/revisions"}],"predecessor-version":[{"id":16717,"href":"https:\/\/sp1.kielce.eu\/index.php\/wp-json\/wp\/v2\/posts\/16713\/revisions\/16717"}],"wp:featuredmedia":[{"embeddable":true,"href":"https:\/\/sp1.kielce.eu\/index.php\/wp-json\/wp\/v2\/media\/16715"}],"wp:attachment":[{"href":"https:\/\/sp1.kielce.eu\/index.php\/wp-json\/wp\/v2\/media?parent=16713"}],"wp:term":[{"taxonomy":"category","embeddable":true,"href":"https:\/\/sp1.kielce.eu\/index.php\/wp-json\/wp\/v2\/categories?post=16713"},{"taxonomy":"post_tag","embeddable":true,"href":"https:\/\/sp1.kielce.eu\/index.php\/wp-json\/wp\/v2\/tags?post=16713"}],"curies":[{"name":"wp","href":"https:\/\/api.w.org\/{rel}","templated":true}]}}