{"id":16593,"date":"2021-05-11T21:29:43","date_gmt":"2021-05-11T19:29:43","guid":{"rendered":"http:\/\/sp1.kielce.eu\/?p=16593"},"modified":"2021-05-11T21:29:43","modified_gmt":"2021-05-11T19:29:43","slug":"regulamin-konkursu-laurka-dla-mojej-mamy","status":"publish","type":"post","link":"https:\/\/sp1.kielce.eu\/index.php\/2021\/05\/11\/regulamin-konkursu-laurka-dla-mojej-mamy\/","title":{"rendered":"REGULAMIN KONKURSU \u201eLAURKA DLA MOJEJ MAMY\u201d"},"content":{"rendered":"\n<p>\u015awietlica Szko\u0142y Podstawowej Nr&nbsp;1 im.&nbsp;Stanis\u0142awa Staszica w&nbsp;Kielcach zaprasza do udzia\u0142u w&nbsp;konkursie na najciekawsz\u0105 prac\u0119 plastyczn\u0105 <strong>pt.&nbsp;\u201eLAURKA DLA MOJEJ MAMY\u201d<\/strong><\/p>\n\n\n\n<ol class=\"wp-block-list\" type=\"1\"><li>Organizatorem konkursu jest \u015awietlica Szko\u0142y Podstawowej Nr\u00a01 im.\u00a0Stanis\u0142awa Staszica w\u00a0Kielcach.<br><\/li><li>Uczestnicy Konkursu.<br>Konkurs jest skierowany do uczni\u00f3w zapisanych do \u015bwietlicy szkolnej.<br><\/li><li>Cele konkursu:<\/li><\/ol>\n\n\n\n<ul class=\"wp-block-list\"><li>promocja Dnia Matki<\/li><li>kszta\u0142towanie postaw tw\u00f3rczych, kreatywno\u015bci, innowacyjno\u015bci, \u015bmia\u0142o\u015bci w&nbsp;podejmowaniu trudnych zada\u0144<\/li><li>rozwijanie zdolno\u015bci plastycznych<\/li><\/ul>\n\n\n\n<ol class=\"wp-block-list\" type=\"1\" start=\"4\"><li>Tematyka konkursu<br>Konkurs polega na wykonaniu laurki z\u00a0okazji Dnia Matki.<br><\/li><li>Forma prac:<\/li><\/ol>\n\n\n\n<ul class=\"wp-block-list\"><li>technika p\u0142aska, dowolna: pastele, farby plakatowe, kredki, pisaki itp.<\/li><li>format A4, A5<\/li><li>laurka mo\u017ce zawiera\u0107 wypisane \u017cyczenia<\/li><\/ul>\n\n\n\n<ol class=\"wp-block-list\" type=\"1\" start=\"6\"><li>Ocena prac<br>Prace oceniane b\u0119d\u0105 pod wzgl\u0119dem oryginalno\u015bci, samodzielno\u015bci, estetyki wykonania oraz r\u00f3\u017cnorodno\u015bci wykorzystanych materia\u0142\u00f3w plastycznych. Prace b\u0119d\u0105 oceniane przez Jury, w\u00a0sk\u0142ad kt\u00f3rej wejd\u0105 pracownicy \u015awietlicy Szko\u0142y Podstawowej Nr\u00a01 im.\u00a0Stanis\u0142awa Staszica w\u00a0Kielcach.<br><\/li><li>Termin i\u00a0miejsce sk\u0142adania prac<br>Prace nale\u017cy sk\u0142ada\u0107 do 26.05.2021\u00a0r. w\u00a0\u015bwietlicy szkolnej.<br>Zg\u0142oszenie pracy musi zawiera\u0107 opis:<br>&#8211; imi\u0119 i\u00a0nazwisko autora<br>&#8211; klasa<\/li><\/ol>\n\n\n\n<p class=\"has-text-align-center\"><strong>Zach\u0119camy do wzi\u0119cia udzia\u0142u w\u00a0konkursie.<\/strong><\/p>\n\n\n\n<p><strong>Og\u0142oszenie wynik\u00f3w i&nbsp;wr\u0119czenie nagr\u00f3d nast\u0105pi w&nbsp;dniu 02.06.2021&nbsp;r.<\/strong><\/p>\n\n\n\n<p class=\"has-text-align-right\">Organizator konkursu: Karolina Skalska-\u0141osin <\/p>\n","protected":false},"excerpt":{"rendered":"<p>\u015awietlica Szko\u0142y Podstawowej Nr&nbsp;1 im.&nbsp;Stanis\u0142awa Staszica w&nbsp;Kielcach zaprasza do udzia\u0142u w&nbsp;konkursie na najciekawsz\u0105 prac\u0119 plastyczn\u0105 [&hellip;]<\/p>\n","protected":false},"author":13,"featured_media":16599,"comment_status":"closed","ping_status":"open","sticky":false,"template":"","format":"standard","meta":{"footnotes":""},"categories":[1,25],"tags":[],"class_list":["post-16593","post","type-post","status-publish","format-standard","has-post-thumbnail","hentry","category-bez-kategorii","category-swietlica"],"_links":{"self":[{"href":"https:\/\/sp1.kielce.eu\/index.php\/wp-json\/wp\/v2\/posts\/16593","targetHints":{"allow":["GET"]}}],"collection":[{"href":"https:\/\/sp1.kielce.eu\/index.php\/wp-json\/wp\/v2\/posts"}],"about":[{"href":"https:\/\/sp1.kielce.eu\/index.php\/wp-json\/wp\/v2\/types\/post"}],"author":[{"embeddable":true,"href":"https:\/\/sp1.kielce.eu\/index.php\/wp-json\/wp\/v2\/users\/13"}],"replies":[{"embeddable":true,"href":"https:\/\/sp1.kielce.eu\/index.php\/wp-json\/wp\/v2\/comments?post=16593"}],"version-history":[{"count":5,"href":"https:\/\/sp1.kielce.eu\/index.php\/wp-json\/wp\/v2\/posts\/16593\/revisions"}],"predecessor-version":[{"id":16598,"href":"https:\/\/sp1.kielce.eu\/index.php\/wp-json\/wp\/v2\/posts\/16593\/revisions\/16598"}],"wp:featuredmedia":[{"embeddable":true,"href":"https:\/\/sp1.kielce.eu\/index.php\/wp-json\/wp\/v2\/media\/16599"}],"wp:attachment":[{"href":"https:\/\/sp1.kielce.eu\/index.php\/wp-json\/wp\/v2\/media?parent=16593"}],"wp:term":[{"taxonomy":"category","embeddable":true,"href":"https:\/\/sp1.kielce.eu\/index.php\/wp-json\/wp\/v2\/categories?post=16593"},{"taxonomy":"post_tag","embeddable":true,"href":"https:\/\/sp1.kielce.eu\/index.php\/wp-json\/wp\/v2\/tags?post=16593"}],"curies":[{"name":"wp","href":"https:\/\/api.w.org\/{rel}","templated":true}]}}