{"id":16498,"date":"2021-05-05T09:14:24","date_gmt":"2021-05-05T07:14:24","guid":{"rendered":"http:\/\/sp1.kielce.eu\/?p=16498"},"modified":"2021-05-05T09:14:24","modified_gmt":"2021-05-05T07:14:24","slug":"konkurs-w-ramach-akcji-tydzien-energii-z-przyroda","status":"publish","type":"post","link":"https:\/\/sp1.kielce.eu\/index.php\/2021\/05\/05\/konkurs-w-ramach-akcji-tydzien-energii-z-przyroda\/","title":{"rendered":"Konkurs w ramach akcji \u201eTydzie\u0144 Energii z Przyrod\u0105\u201d"},"content":{"rendered":"\n<p>Zach\u0119cam uczni\u00f3w klas IV-VI do wzi\u0119cia udzia\u0142u w bardzo ciekawym Konkursie organizowanym przez UM Kielce Wydzia\u0142 Gospodarki Komunalnej i \u015arodowiska w ramach akcji \u201eTydzie\u0144 Energii z Przyrod\u0105\u201d.<\/p>\n\n\n\n<p>Konkurs ma trwa\u0107 od 5 do 12 czerwca 2021 roku.<\/p>\n\n\n\n<p><strong>Uwaga!!!!<\/strong><\/p>\n\n\n\n<p><strong>Ka\u017cdy uczestnik Konkursu otrzyma drobny upominek \ud83d\ude42<\/strong><\/p>\n\n\n\n<p><strong>Szczeg\u00f3\u0142y zawarte s\u0105 w poni\u017cszym Regulaminie Konkursu.<\/strong><\/p>\n\n\n\n<p>Nauczyciel geografii &#8211; Ewa Waleniak<\/p>\n\n\n\n<p><strong>REGULAMIN KONKURSU<\/strong><\/p>\n\n\n\n<p><strong>\u201eTYDZIE\u0143 ENERGII Z PRZYRODA\u201d<\/strong><\/p>\n\n\n\n<ol class=\"wp-block-list\" type=\"I\"><li><strong>Organizator akcji: <\/strong>PREZYDENT Miasta Kielce<\/li><\/ol>\n\n\n\n<ol class=\"wp-block-list\" type=\"I\"><li><strong>Wsp\u00f3\u0142organizator akcji<\/strong>: Wojew\u00f3dzki Fundusz Ochrony \u015arodowiska i Gospodarki Wodnejw Kielcach.<\/li><\/ol>\n\n\n\n<ol class=\"wp-block-list\" type=\"I\"><li><strong>Partnerzy:<\/strong><\/li><\/ol>\n\n\n\n<p>Wys\u0142ano do Instytucji kt\u00f3re zajmuj\u0105 si\u0119 ochron\u0105 \u015brodowiska i przyrody zaproszenia do udzia\u0142u w akcji.<\/p>\n\n\n\n<p><strong>IV.<\/strong><strong><br><\/strong><\/p>\n\n\n\n<p><strong>Cel akcji &#8211; \u201eTydzie\u0144 Energii z przyrod\u0105\u201d<\/strong><\/p>\n\n\n\n<p>a. Kszta\u0142towanie \u015bwiadomo\u015bci dzieci w zakresie racjonalnego wykorzystania energii w<\/p>\n\n\n\n<p>tym: poprawy efektywno\u015bci energetycznej, oszcz\u0119dzania energii oraz ochrony powietrza<\/p>\n\n\n\n<p>przed zanieczyszczeniem.<\/p>\n\n\n\n<p>b. Propagowanie potrzeby zmniejszenia zu\u017cycia energii elektrycznej maj\u0105cej wp\u0142yw na<\/p>\n\n\n\n<p>zanieczyszczenie powietrza, zu\u017cycie zasob\u00f3w naturalnych i ochron\u0119 \u015brodowiska<\/p>\n\n\n\n<p>naturalnego<\/p>\n\n\n\n<p>c. Promowanie niskoemisyjnego transportu oraz elekromobilno\u015bci maj\u0105cej wp\u0142yw na<\/p>\n\n\n\n<p>zanieczyszczenie powietrza<\/p>\n\n\n\n<p>d. Zach\u0119canie do aktywnego uczestnictwa w kampaniach i akcjach na rzecz ochrony<\/p>\n\n\n\n<p>\u015brodowiska.<\/p>\n\n\n\n<p>e. Pog\u0142\u0119bianie wiedzy z zakresu ochrony \u015brodowiska, w szczeg\u00f3lno\u015bci aspekt\u00f3w<\/p>\n\n\n\n<p>zwi\u0105zanych z segregowaniem i recyklingiem odpad\u00f3w<\/p>\n\n\n\n<p>f. Nauka wsp\u00f3\u0142dzia\u0142ania dla wsp\u00f3lnego dobra, inicjowanie zaanga\u017cowania lokalnych<\/p>\n\n\n\n<p>spo\u0142eczno\u015bci w dzia\u0142ania pro \u015brodowiskowe.<\/p>\n\n\n\n<ul class=\"wp-block-list\"><li><strong>Warunki udzia\u0142u w Konkursie<\/strong><ul><li>Konkurs przeznaczony dla uczni\u00f3w kl. IV-VI szk\u00f3\u0142 podstawowych<\/li><\/ul><\/li><\/ul>\n\n\n\n<ul class=\"wp-block-list\"><li>Warunkiem udzia\u0142u w konkursie jest przes\u0142anie zg\u0142oszenia na adres e-mail <a href=\"mailto:iza.wierznba@um.kielce.pl\">iza.wierznba@um.kielce.pl<\/a>wterminie do<strong>15 maja 2021r.<\/strong>(karta zg\u0142oszeniowa\u2013 za\u0142\u0105czniknr 1, RODO \u2013 za\u0142\u0105cznik nr 2.<\/li><\/ul>\n\n\n\n<ul class=\"wp-block-list\"><li>Opis za\u0142o\u017ce\u0144 konkursowych:<\/li><li>konkurs sk\u0142ada si\u0119 z zada\u0144 przygotowanych przez sze\u015b\u0107 Instytucji<\/li><li>ka\u017cda grupa szkolna musi wej\u015b\u0107 na linka przypisanego danej Instytucji<\/li><li>Konkurs trwa od 5 \u2013 12 czerwca 2021r.<\/li><\/ul>\n\n\n\n<ul class=\"wp-block-list\"><li>po zalogowaniu si\u0119 grupa rozwi\u0105zuje zadania QUIZY, zagadki, rebusy itp. dotycz\u0105ce szeroko rozumianego tematu \u201eTydzie\u0144 energii z Przyrod\u0105\u201d<\/li><\/ul>\n\n\n\n<figure class=\"wp-block-table\"><table><tbody><tr><td>&nbsp;<\/td><td>\u221e Pytania b\u0119d\u0105 dostosowane do przedzia\u0142u wiekowego uczestnik\u00f3w<\/td><\/tr><tr><td>&nbsp;<\/td><td>\u221e Grupa musi sk\u0142ada\u0107 si\u0119 z min. 20 os\u00f3b plus jeden opiekun<\/td><\/tr><tr><td>&nbsp;<\/td><td>\u221e Ka\u017cdy uczestnik Konkursu otrzymuje drobny upominek.<\/td><\/tr><tr><td>&nbsp;<\/td><td>\u221e Opiekunowie wytypuj\u0105 trzy osoby, kt\u00f3re wykaza\u0142y si\u0119 najlepsz\u0105 wiedz\u0105 podczas<\/td><\/tr><tr><td>&nbsp;<\/td><td>rozwi\u0105zywania wszystkich zada\u0144 Konkursowych.<\/td><\/tr><tr><td>&nbsp;<\/td><td>\u221e Osoby wytypowane otrzymaj\u0105 nagrody<\/td><\/tr><tr><td>&nbsp;<\/td><td>\u221e Podczas ca\u0142ego tygodnia grupa musi zalogowa\u0107 si\u0119 i uczestniczy\u0107 przynajmniej w<\/td><\/tr><tr><td>&nbsp;<\/td><td>czterech r\u00f3\u017cnych zaj\u0119ciach Konkursowych<\/td><\/tr><tr><td><strong>VI.<\/strong><\/td><td><strong>Etapy Konkursu<\/strong><\/td><\/tr><tr><td>&nbsp;<\/td><td>a. Zg\u0142oszenie szko\u0142y do Konkursu<\/td><\/tr><tr><td>&nbsp;<\/td><td>b. Po otrzymaniu Link\u00f3w wybranych Instytucji \u2013 zrealizowanie zada\u0144 Konkursowych<\/td><\/tr><tr><td>&nbsp;<\/td><td>c. Wytypowanie trzech os\u00f3b do nagr\u00f3d i przes\u0142anie na email. <a href=\"mailto:iza.wierzba@um.kielce.pl\">iza.wierzba@um.kielce.pl<\/a><\/td><\/tr><tr><td>&nbsp;<\/td><td>&nbsp;<\/td><td>&nbsp;<\/td><\/tr><tr><td>&nbsp;<\/td><td>d. Podsumowanie Konkursu i przekazanie nagr\u00f3d oraz upomink\u00f3w.<\/td><\/tr><tr><td><strong>VII.<\/strong><\/td><td><strong>Nagrody<\/strong><\/td><\/tr><tr><td>&nbsp;<\/td><td>a. Drobne upominki dla wszystkich uczestnik\u00f3w Konkursu<\/td><\/tr><tr><td>&nbsp;<\/td><td>b. Nagrody dla trzech wytypowanych uczestnik\u00f3w z poszczeg\u00f3lnych grup<\/td><\/tr><tr><td>&nbsp;<\/td><td>c<strong>.<\/strong> upominki dla opiekuna<\/td><\/tr><\/tbody><\/table><\/figure>\n\n\n\n<p><strong>VIII.<\/strong>&nbsp;&nbsp;&nbsp;&nbsp;&nbsp;&nbsp; <strong>Dane osobowe<\/strong><\/p>\n\n\n\n<ol class=\"wp-block-list\" type=\"1\"><li>W zwi\u0105zku z realizacj\u0105 wymog\u00f3w Rozporz\u0105dzenia Parlamentu Europejskiego i Rady (UE) 2016\/679 z dnia 27 kwietnia 2016 r. w sprawie ochrony os\u00f3b fizycznych w zwi\u0105zku z przetwarzaniem danych osobowych i w sprawie swobodnego przep\u0142ywu takich danych oraz uchylenia dyrektywy 95\/46\/WE (og\u00f3lne rozporz\u0105dzenie o ochronie danych \u201eRODO\u201d), uprzejmie informujemy, i\u017c:<\/li><\/ol>\n\n\n\n<ol class=\"wp-block-list\" type=\"a\"><li>Dane osobowe przetwarzane b\u0119d\u0105 w celu organizacji i przeprowadzenia konkursu<\/li><\/ol>\n\n\n\n<p>pt. <strong>\u201e TYDZIE\u0143 ENERGII Z PRZYRODA\u201d.<\/strong><\/p>\n\n\n\n<p>b. Podanie danych osobowych ma charakter dobrowolny, ale jest niezb\u0119dny do udzia\u0142u<\/p>\n\n\n\n<ul class=\"wp-block-list\"><li>konkursie.<\/li><\/ul>\n\n\n\n<p>c. Administratorem danych osobowych jest Prezydent Miasta Kielce, Rynek 1, 25-303<\/p>\n\n\n\n<p>Kielce. W przypadku pyta\u0144 dotycz\u0105cych procesu przetwarzania swoich danych osobowych mo\u017cna skontaktowa\u0107 si\u0119 z Inspektorem Ochrony Danych Osobowych pisz\u0105c na adres e-mail <strong>iod@um.kielce.pl,<\/strong><\/p>\n\n\n\n<ul class=\"wp-block-list\"><li>przekazane dane b\u0119d\u0105 przetwarzane przez okres niezb\u0119dny do realizacji konkursu uczestnikom konkursu kt\u00f3rzy podali dane osobowe przys\u0142uguje prawo dost\u0119pu do swoich danych, ich sprostowania, kopii, usuni\u0119cia oraz przenoszenia danych, ograniczenie przetwarzania danych, cofni\u0119cia zgody w dowolnym momencie.<\/li><\/ul>\n\n\n\n<ul class=\"wp-block-list\"><li>Organizator o\u015bwiadcza, i\u017c dane uczestnik\u00f3w konkursu nie b\u0119d\u0105 przetwarzane w spos\u00f3b zautomatyzowany i nie b\u0119d\u0105 poddane profilowaniu.<\/li><\/ul>\n\n\n\n<p>f. Okres przechowywania danych osobowych mo\u017ce zosta\u0107 ka\u017cdorazowo przed\u0142u\u017cony o okres przewidziany przez przepisy prawa, kt\u00f3re mog\u0105 mie\u0107 zwi\u0105zek z realizacj\u0105 niniejszej konkursu, lub bezterminowo w przypadku zaklasyfikowania dokumentacji do kategorii archiwalnej A,<\/p>\n\n\n\n<ul class=\"wp-block-list\"><li>w przypadku powzi\u0119cia informacji o niew\u0142a\u015bciwym przetwarzaniu danych osobowych uczestnika konkursu przez Administratora, przys\u0142uguje prawo wniesienia skargi<\/li><\/ul>\n\n\n\n<p>na przetwarzanie swoich danych osobowych do Prezesa Urz\u0119du Ochrony Danych<\/p>\n\n\n\n<p>Osobowych.<\/p>\n\n\n\n<p>h. <strong>Warunkiem udzia\u0142u w konkursie jest dostarczenie wype\u0142nionej zgodyprzetwarzania danych osobowych (za\u0142\u0105cznik nr 2)<\/strong><\/p>\n\n\n\n<p><strong>IX.<\/strong>&nbsp;&nbsp;&nbsp;&nbsp;&nbsp;&nbsp;&nbsp;&nbsp;&nbsp; <strong>Postanowienia ko\u0144cowe<\/strong><\/p>\n\n\n\n<p>a<strong>.<\/strong> Dokonanie zg\u0142oszenia zgodnie z zasadami niniejszego Regulaminu jest r\u00f3wnoznaczne z wyra\u017ceniem woli respektowania warunk\u00f3w tego Regulaminu oraz wszelkich decyzji podejmowanych przez organizatora w zwi\u0105zku z przebiegiem i rozstrzygni\u0119ciem Konkursu. b. Regulamin Konkursu dost\u0119pny na stronie <a href=\"http:\/\/www.um.kielce\/\">www.um.kielce.pl<\/a>w zak\u0142adce Energia<\/p>\n\n\n\n<p>c. Organizator zastrzega sobie prawo do wprowadzania zmian w Regulaminie<\/p>\n\n\n\n<p>d<strong>.<\/strong> O og\u0142oszeniu wynik\u00f3w oraz podsumowaniu Konkursu zostan\u0105 poinformowani opiekunowie grupy<\/p>\n\n\n\n<p>e. Nagrody \/ upominki nie odebrane podczas Fina\u0142u Konkursu w terminie 5 dni po jego zako\u0144czeniu przepadaj\u0105 na rzecz Organizatora.<\/p>\n\n\n\n<p>f. Sytuacje nie obj\u0119te Regulaminem b\u0119d\u0105 rozstrzygane przez Organizatora<\/p>\n\n\n\n<p>g. Dane osobowe uczestnik\u00f3w Konkursu podlegaj\u0105 ochronie prawnej i b\u0119d\u0105 wykorzystywane wy\u0142\u0105cznie w celu wy\u0142onienia laureat\u00f3w Konkursu, przyznania nagr\u00f3d oraz w celach promocyjnych.<\/p>\n\n\n\n<p>h. Wszelkich dodatkowych informacji mo\u017cna uzyska\u0107 pod numerem telefonu 41 367 64 66.<\/p>\n\n\n\n<p>Zapraszamy do udzia\u0142u w Konkursie.<\/p>\n\n\n\n<div class=\"wp-block-file\"><a href=\"http:\/\/sp1.kielce.eu\/wp-content\/uploads\/2021\/05\/zgloszenie-i-zgoda.docx\">zgloszenie-i-zgoda<\/a><a href=\"http:\/\/sp1.kielce.eu\/wp-content\/uploads\/2021\/05\/zgloszenie-i-zgoda.docx\" class=\"wp-block-file__button\" download>Pobierz<\/a><\/div>\n","protected":false},"excerpt":{"rendered":"<p>Zach\u0119cam uczni\u00f3w klas IV-VI do wzi\u0119cia udzia\u0142u w bardzo ciekawym Konkursie organizowanym przez UM Kielce [&hellip;]<\/p>\n","protected":false},"author":5,"featured_media":16500,"comment_status":"closed","ping_status":"open","sticky":false,"template":"","format":"standard","meta":{"footnotes":""},"categories":[36],"tags":[],"class_list":["post-16498","post","type-post","status-publish","format-standard","has-post-thumbnail","hentry","category-wydarzenia"],"_links":{"self":[{"href":"https:\/\/sp1.kielce.eu\/index.php\/wp-json\/wp\/v2\/posts\/16498","targetHints":{"allow":["GET"]}}],"collection":[{"href":"https:\/\/sp1.kielce.eu\/index.php\/wp-json\/wp\/v2\/posts"}],"about":[{"href":"https:\/\/sp1.kielce.eu\/index.php\/wp-json\/wp\/v2\/types\/post"}],"author":[{"embeddable":true,"href":"https:\/\/sp1.kielce.eu\/index.php\/wp-json\/wp\/v2\/users\/5"}],"replies":[{"embeddable":true,"href":"https:\/\/sp1.kielce.eu\/index.php\/wp-json\/wp\/v2\/comments?post=16498"}],"version-history":[{"count":1,"href":"https:\/\/sp1.kielce.eu\/index.php\/wp-json\/wp\/v2\/posts\/16498\/revisions"}],"predecessor-version":[{"id":16501,"href":"https:\/\/sp1.kielce.eu\/index.php\/wp-json\/wp\/v2\/posts\/16498\/revisions\/16501"}],"wp:featuredmedia":[{"embeddable":true,"href":"https:\/\/sp1.kielce.eu\/index.php\/wp-json\/wp\/v2\/media\/16500"}],"wp:attachment":[{"href":"https:\/\/sp1.kielce.eu\/index.php\/wp-json\/wp\/v2\/media?parent=16498"}],"wp:term":[{"taxonomy":"category","embeddable":true,"href":"https:\/\/sp1.kielce.eu\/index.php\/wp-json\/wp\/v2\/categories?post=16498"},{"taxonomy":"post_tag","embeddable":true,"href":"https:\/\/sp1.kielce.eu\/index.php\/wp-json\/wp\/v2\/tags?post=16498"}],"curies":[{"name":"wp","href":"https:\/\/api.w.org\/{rel}","templated":true}]}}