{"id":16449,"date":"2021-04-30T08:34:35","date_gmt":"2021-04-30T06:34:35","guid":{"rendered":"http:\/\/sp1.kielce.eu\/?p=16449"},"modified":"2021-04-30T08:34:35","modified_gmt":"2021-04-30T06:34:35","slug":"lekcja-przyrody-warsztaty-online-w-zespole-swietokrzyskich-i-nadnidzianskich-parkow-krajobrazowych-w-kielcach","status":"publish","type":"post","link":"https:\/\/sp1.kielce.eu\/index.php\/2021\/04\/30\/lekcja-przyrody-warsztaty-online-w-zespole-swietokrzyskich-i-nadnidzianskich-parkow-krajobrazowych-w-kielcach\/","title":{"rendered":"Lekcja przyrody  &#8211; warsztaty online w Zespole \u015awi\u0119tokrzyskich i Nadnidzia\u0144skich Park\u00f3w Krajobrazowych w Kielcach"},"content":{"rendered":"\n<p>Dnia 27 kwietnia 2021 roku uczniowie klas 4a i 4b na lekcjach przyrody uczestniczyli w warsztatach online prowadzonych przez Pani\u0105 Wiktori\u0119 Porzucek z Zespo\u0142u \u015awi\u0119tokrzyskich i Nadnidzia\u0144skich Park\u00f3w Krajobrazowych w Kielcach. Tematem naszych spotka\u0144 by\u0142y formy ochrony przyrody. Zaj\u0119cia obfitowa\u0142y w wiele ciekawych legend, wiadomo\u015bci na temat park\u00f3w narodowych, park\u00f3w krajobrazowych oraz malowniczych zdj\u0119\u0107 niezwyk\u0142ych pomnik\u00f3w przyrody. Oczywi\u015bcie nie zabrak\u0142o zagadek przyrodniczych z kt\u00f3rymi uczniowie klas czwartych poradzili sobie wy\u015bmienicie. Ju\u017c dzi\u015b um\u00f3wili\u015bmy si\u0119 na zaj\u0119cia w terenie licz\u0105c, \u017ce wkr\u00f3tce b\u0119dziemy mogli na \u017cywo podziwia\u0107 osobliwe elementy przyrodnicze naszego wojew\u00f3dztwa.<\/p>\n\n\n\n<p>&nbsp;&nbsp;&nbsp;&nbsp;&nbsp;&nbsp;&nbsp;&nbsp;&nbsp;&nbsp;&nbsp;&nbsp;&nbsp;&nbsp;&nbsp;&nbsp;&nbsp;&nbsp;&nbsp;&nbsp;&nbsp;&nbsp;&nbsp;&nbsp;&nbsp;&nbsp;&nbsp;&nbsp;&nbsp;&nbsp;&nbsp;&nbsp;&nbsp;&nbsp;&nbsp;&nbsp;&nbsp;&nbsp;&nbsp;&nbsp;&nbsp;&nbsp;&nbsp;&nbsp;&nbsp;&nbsp;&nbsp;&nbsp; Krystyna Banasik \u2013 nauczyciel biologii, przyrody<\/p>\n\n\n\n<figure class=\"wp-block-gallery columns-3 is-cropped wp-block-gallery-1 is-layout-flex wp-block-gallery-is-layout-flex\"><ul class=\"blocks-gallery-grid\"><li class=\"blocks-gallery-item\"><figure><a href=\"http:\/\/sp1.kielce.eu\/wp-content\/uploads\/2021\/04\/1-Large.png\"><img loading=\"lazy\" decoding=\"async\" width=\"1400\" height=\"788\" src=\"http:\/\/sp1.kielce.eu\/wp-content\/uploads\/2021\/04\/1-Large-1400x788.png\" alt=\"\" data-id=\"16450\" data-full-url=\"http:\/\/sp1.kielce.eu\/wp-content\/uploads\/2021\/04\/1-Large.png\" data-link=\"http:\/\/sp1.kielce.eu\/?attachment_id=16450\" class=\"wp-image-16450\" srcset=\"https:\/\/sp1.kielce.eu\/wp-content\/uploads\/2021\/04\/1-Large-1400x788.png 1400w, https:\/\/sp1.kielce.eu\/wp-content\/uploads\/2021\/04\/1-Large-300x169.png 300w, https:\/\/sp1.kielce.eu\/wp-content\/uploads\/2021\/04\/1-Large-768x432.png 768w, https:\/\/sp1.kielce.eu\/wp-content\/uploads\/2021\/04\/1-Large-1536x864.png 1536w, https:\/\/sp1.kielce.eu\/wp-content\/uploads\/2021\/04\/1-Large-820x461.png 820w, https:\/\/sp1.kielce.eu\/wp-content\/uploads\/2021\/04\/1-Large.png 1919w\" sizes=\"auto, (max-width: 1400px) 100vw, 1400px\" \/><\/a><figcaption class=\"blocks-gallery-item__caption\">1<\/figcaption><\/figure><\/li><li class=\"blocks-gallery-item\"><figure><a href=\"http:\/\/sp1.kielce.eu\/wp-content\/uploads\/2021\/04\/2-Large.png\"><img loading=\"lazy\" decoding=\"async\" width=\"1400\" height=\"805\" src=\"http:\/\/sp1.kielce.eu\/wp-content\/uploads\/2021\/04\/2-Large-1400x805.png\" alt=\"\" data-id=\"16451\" data-full-url=\"http:\/\/sp1.kielce.eu\/wp-content\/uploads\/2021\/04\/2-Large.png\" data-link=\"http:\/\/sp1.kielce.eu\/?attachment_id=16451\" class=\"wp-image-16451\" srcset=\"https:\/\/sp1.kielce.eu\/wp-content\/uploads\/2021\/04\/2-Large-1400x805.png 1400w, https:\/\/sp1.kielce.eu\/wp-content\/uploads\/2021\/04\/2-Large-300x173.png 300w, https:\/\/sp1.kielce.eu\/wp-content\/uploads\/2021\/04\/2-Large-768x442.png 768w, https:\/\/sp1.kielce.eu\/wp-content\/uploads\/2021\/04\/2-Large-1536x883.png 1536w, https:\/\/sp1.kielce.eu\/wp-content\/uploads\/2021\/04\/2-Large-820x472.png 820w, https:\/\/sp1.kielce.eu\/wp-content\/uploads\/2021\/04\/2-Large.png 1878w\" sizes=\"auto, (max-width: 1400px) 100vw, 1400px\" \/><\/a><figcaption class=\"blocks-gallery-item__caption\">2<\/figcaption><\/figure><\/li><li class=\"blocks-gallery-item\"><figure><a href=\"http:\/\/sp1.kielce.eu\/wp-content\/uploads\/2021\/04\/3-Large.png\"><img loading=\"lazy\" decoding=\"async\" width=\"1400\" height=\"812\" src=\"http:\/\/sp1.kielce.eu\/wp-content\/uploads\/2021\/04\/3-Large-1400x812.png\" alt=\"\" data-id=\"16452\" data-full-url=\"http:\/\/sp1.kielce.eu\/wp-content\/uploads\/2021\/04\/3-Large.png\" data-link=\"http:\/\/sp1.kielce.eu\/?attachment_id=16452\" class=\"wp-image-16452\" srcset=\"https:\/\/sp1.kielce.eu\/wp-content\/uploads\/2021\/04\/3-Large-1400x812.png 1400w, https:\/\/sp1.kielce.eu\/wp-content\/uploads\/2021\/04\/3-Large-300x174.png 300w, https:\/\/sp1.kielce.eu\/wp-content\/uploads\/2021\/04\/3-Large-768x445.png 768w, https:\/\/sp1.kielce.eu\/wp-content\/uploads\/2021\/04\/3-Large-1536x890.png 1536w, https:\/\/sp1.kielce.eu\/wp-content\/uploads\/2021\/04\/3-Large-820x475.png 820w, https:\/\/sp1.kielce.eu\/wp-content\/uploads\/2021\/04\/3-Large.png 1863w\" sizes=\"auto, (max-width: 1400px) 100vw, 1400px\" \/><\/a><figcaption class=\"blocks-gallery-item__caption\">3<\/figcaption><\/figure><\/li><li class=\"blocks-gallery-item\"><figure><a href=\"http:\/\/sp1.kielce.eu\/wp-content\/uploads\/2021\/04\/4-1-Large.png\"><img loading=\"lazy\" decoding=\"async\" width=\"1400\" height=\"811\" src=\"http:\/\/sp1.kielce.eu\/wp-content\/uploads\/2021\/04\/4-1-Large-1400x811.png\" alt=\"\" data-id=\"16453\" data-full-url=\"http:\/\/sp1.kielce.eu\/wp-content\/uploads\/2021\/04\/4-1-Large.png\" data-link=\"http:\/\/sp1.kielce.eu\/?attachment_id=16453\" class=\"wp-image-16453\" srcset=\"https:\/\/sp1.kielce.eu\/wp-content\/uploads\/2021\/04\/4-1-Large-1400x811.png 1400w, https:\/\/sp1.kielce.eu\/wp-content\/uploads\/2021\/04\/4-1-Large-300x174.png 300w, https:\/\/sp1.kielce.eu\/wp-content\/uploads\/2021\/04\/4-1-Large-768x445.png 768w, https:\/\/sp1.kielce.eu\/wp-content\/uploads\/2021\/04\/4-1-Large-1536x889.png 1536w, https:\/\/sp1.kielce.eu\/wp-content\/uploads\/2021\/04\/4-1-Large-820x475.png 820w, https:\/\/sp1.kielce.eu\/wp-content\/uploads\/2021\/04\/4-1-Large.png 1865w\" sizes=\"auto, (max-width: 1400px) 100vw, 1400px\" \/><\/a><figcaption class=\"blocks-gallery-item__caption\">4<\/figcaption><\/figure><\/li><\/ul><\/figure>\n","protected":false},"excerpt":{"rendered":"<p>Dnia 27 kwietnia 2021 roku uczniowie klas 4a i 4b na lekcjach przyrody uczestniczyli w [&hellip;]<\/p>\n","protected":false},"author":5,"featured_media":16453,"comment_status":"closed","ping_status":"open","sticky":false,"template":"","format":"standard","meta":{"footnotes":""},"categories":[36,17],"tags":[],"class_list":["post-16449","post","type-post","status-publish","format-standard","has-post-thumbnail","hentry","category-wydarzenia","category-lop"],"_links":{"self":[{"href":"https:\/\/sp1.kielce.eu\/index.php\/wp-json\/wp\/v2\/posts\/16449","targetHints":{"allow":["GET"]}}],"collection":[{"href":"https:\/\/sp1.kielce.eu\/index.php\/wp-json\/wp\/v2\/posts"}],"about":[{"href":"https:\/\/sp1.kielce.eu\/index.php\/wp-json\/wp\/v2\/types\/post"}],"author":[{"embeddable":true,"href":"https:\/\/sp1.kielce.eu\/index.php\/wp-json\/wp\/v2\/users\/5"}],"replies":[{"embeddable":true,"href":"https:\/\/sp1.kielce.eu\/index.php\/wp-json\/wp\/v2\/comments?post=16449"}],"version-history":[{"count":1,"href":"https:\/\/sp1.kielce.eu\/index.php\/wp-json\/wp\/v2\/posts\/16449\/revisions"}],"predecessor-version":[{"id":16454,"href":"https:\/\/sp1.kielce.eu\/index.php\/wp-json\/wp\/v2\/posts\/16449\/revisions\/16454"}],"wp:featuredmedia":[{"embeddable":true,"href":"https:\/\/sp1.kielce.eu\/index.php\/wp-json\/wp\/v2\/media\/16453"}],"wp:attachment":[{"href":"https:\/\/sp1.kielce.eu\/index.php\/wp-json\/wp\/v2\/media?parent=16449"}],"wp:term":[{"taxonomy":"category","embeddable":true,"href":"https:\/\/sp1.kielce.eu\/index.php\/wp-json\/wp\/v2\/categories?post=16449"},{"taxonomy":"post_tag","embeddable":true,"href":"https:\/\/sp1.kielce.eu\/index.php\/wp-json\/wp\/v2\/tags?post=16449"}],"curies":[{"name":"wp","href":"https:\/\/api.w.org\/{rel}","templated":true}]}}