{"id":16429,"date":"2021-04-28T11:59:59","date_gmt":"2021-04-28T09:59:59","guid":{"rendered":"http:\/\/sp1.kielce.eu\/?p=16429"},"modified":"2021-05-07T09:01:48","modified_gmt":"2021-05-07T07:01:48","slug":"wyniki-konkursu-moja-rada-na-odpada","status":"publish","type":"post","link":"https:\/\/sp1.kielce.eu\/index.php\/2021\/04\/28\/wyniki-konkursu-moja-rada-na-odpada\/","title":{"rendered":"Wyniki Konkursu \u201eMOJA RADA NA ODPADA \u201d"},"content":{"rendered":"\n<p>Z ogromn\u0105 przyjemno\u015bci\u0105 og\u0142aszamy wyniki Konkursu \u201eMOJA RADA NA ODPADA\u201d organizowanego przez Stra\u017c Miejsk\u0105 w Kielcach.<\/p>\n\n\n\n<p>Komisja konkursowa dokona\u0142a oceny prac zg\u0142oszonych do konkursu w\u015br\u00f3d laureat\u00f3w znale\u017ali si\u0119 tak\u017ce przedstawiciele naszej szko\u0142y. Poni\u017cej przedstawiamy laureat\u00f3w konkursu wraz z opiekunami.<\/p>\n\n\n\n<p>1.&nbsp;&nbsp;&nbsp;&nbsp;&nbsp;&nbsp;&nbsp;&nbsp;&nbsp;&nbsp;&nbsp; Mateusz Zacharz kl. 3b &#8211; opiekun Marta Okopie\u0144<\/p>\n\n\n\n<p>2.&nbsp;&nbsp;&nbsp;&nbsp;&nbsp;&nbsp;&nbsp;&nbsp;&nbsp;&nbsp;&nbsp; Oskar Podkowa kl. 3b &#8211; opiekun Marta Okopie\u0144<\/p>\n\n\n\n<p>3.&nbsp;&nbsp;&nbsp;&nbsp;&nbsp;&nbsp;&nbsp;&nbsp;&nbsp;&nbsp;&nbsp; Nina Kozak kl. 3a &#8211; opiekun Andrzej Pustu\u0142a<\/p>\n\n\n\n<p>4.&nbsp;&nbsp;&nbsp;&nbsp;&nbsp;&nbsp;&nbsp;&nbsp;&nbsp;&nbsp;&nbsp; Natalia Tomaszewska kl. 2a &#8211; opiekun Kinga Kozie\u0142<\/p>\n\n\n\n<p>5.&nbsp;&nbsp;&nbsp;&nbsp;&nbsp;&nbsp;&nbsp;&nbsp;&nbsp;&nbsp;&nbsp; Maria Mazur kl. 1c &#8211; opiekun Karolina Skalska-\u0141osin<\/p>\n\n\n\n<p>6.&nbsp;&nbsp;&nbsp;&nbsp;&nbsp;&nbsp;&nbsp;&nbsp;&nbsp;&nbsp;&nbsp; Franciszek Banasikkl. 4b &#8211; opiekun Krystyna Banasik<\/p>\n\n\n\n<p>7.&nbsp;&nbsp;&nbsp;&nbsp;&nbsp;&nbsp;&nbsp;&nbsp;&nbsp;&nbsp;&nbsp; Kamil Mazurkl. 6a &#8211; opiekun Krystyna Banasik<\/p>\n\n\n\n<p>&nbsp;Serdecznie dzi\u0119kujemy wszystkim uczestnikom konkursu, a autorom nagrodzonych prac bardzo mocno gratulujemy!!!<\/p>\n\n\n\n<p>Zesp\u00f3\u0142 d.s. promocji zdrowia<\/p>\n\n\n\n<p>&nbsp;Krystyna Banasik<\/p>\n\n\n\n<p>&nbsp;&nbsp; Anna Mazur<\/p>\n\n\n\n<p>&nbsp;&nbsp; El\u017cbieta Biesiada<\/p>\n\n\n\n<p>&nbsp;wraz z pedagogiem szkolnym (Beata Smag\u00f3r)<\/p>\n\n\n\n<figure class=\"wp-block-gallery columns-3 is-cropped wp-block-gallery-1 is-layout-flex wp-block-gallery-is-layout-flex\"><ul class=\"blocks-gallery-grid\"><li class=\"blocks-gallery-item\"><figure><a href=\"http:\/\/sp1.kielce.eu\/wp-content\/uploads\/2021\/04\/IMG_8167.jpg\"><img loading=\"lazy\" decoding=\"async\" width=\"1200\" height=\"900\" src=\"http:\/\/sp1.kielce.eu\/wp-content\/uploads\/2021\/04\/IMG_8167-1200x900.jpg\" alt=\"\" data-id=\"16433\" data-full-url=\"http:\/\/sp1.kielce.eu\/wp-content\/uploads\/2021\/04\/IMG_8167.jpg\" data-link=\"http:\/\/sp1.kielce.eu\/?attachment_id=16433\" class=\"wp-image-16433\" srcset=\"https:\/\/sp1.kielce.eu\/wp-content\/uploads\/2021\/04\/IMG_8167-1200x900.jpg 1200w, https:\/\/sp1.kielce.eu\/wp-content\/uploads\/2021\/04\/IMG_8167-300x225.jpg 300w, https:\/\/sp1.kielce.eu\/wp-content\/uploads\/2021\/04\/IMG_8167-768x576.jpg 768w, https:\/\/sp1.kielce.eu\/wp-content\/uploads\/2021\/04\/IMG_8167-1536x1152.jpg 1536w, https:\/\/sp1.kielce.eu\/wp-content\/uploads\/2021\/04\/IMG_8167-2048x1536.jpg 2048w, https:\/\/sp1.kielce.eu\/wp-content\/uploads\/2021\/04\/IMG_8167-820x615.jpg 820w\" sizes=\"auto, (max-width: 1200px) 100vw, 1200px\" \/><\/a><figcaption class=\"blocks-gallery-item__caption\">1<\/figcaption><\/figure><\/li><li class=\"blocks-gallery-item\"><figure><a href=\"http:\/\/sp1.kielce.eu\/wp-content\/uploads\/2021\/04\/MicrosoftTeams-image-10-1-scaled.jpg\"><img loading=\"lazy\" decoding=\"async\" width=\"1321\" height=\"900\" src=\"http:\/\/sp1.kielce.eu\/wp-content\/uploads\/2021\/04\/MicrosoftTeams-image-10-1-1321x900.jpg\" alt=\"\" data-id=\"16434\" data-full-url=\"http:\/\/sp1.kielce.eu\/wp-content\/uploads\/2021\/04\/MicrosoftTeams-image-10-1-scaled.jpg\" data-link=\"http:\/\/sp1.kielce.eu\/?attachment_id=16434\" class=\"wp-image-16434\" srcset=\"https:\/\/sp1.kielce.eu\/wp-content\/uploads\/2021\/04\/MicrosoftTeams-image-10-1-1321x900.jpg 1321w, https:\/\/sp1.kielce.eu\/wp-content\/uploads\/2021\/04\/MicrosoftTeams-image-10-1-300x204.jpg 300w, https:\/\/sp1.kielce.eu\/wp-content\/uploads\/2021\/04\/MicrosoftTeams-image-10-1-768x523.jpg 768w, https:\/\/sp1.kielce.eu\/wp-content\/uploads\/2021\/04\/MicrosoftTeams-image-10-1-1536x1046.jpg 1536w, https:\/\/sp1.kielce.eu\/wp-content\/uploads\/2021\/04\/MicrosoftTeams-image-10-1-2048x1395.jpg 2048w, https:\/\/sp1.kielce.eu\/wp-content\/uploads\/2021\/04\/MicrosoftTeams-image-10-1-820x558.jpg 820w\" sizes=\"auto, (max-width: 1321px) 100vw, 1321px\" \/><\/a><figcaption class=\"blocks-gallery-item__caption\">2<\/figcaption><\/figure><\/li><li class=\"blocks-gallery-item\"><figure><a href=\"http:\/\/sp1.kielce.eu\/wp-content\/uploads\/2021\/04\/MicrosoftTeams-image-11-1-scaled.jpg\"><img loading=\"lazy\" decoding=\"async\" width=\"576\" height=\"900\" src=\"http:\/\/sp1.kielce.eu\/wp-content\/uploads\/2021\/04\/MicrosoftTeams-image-11-1-576x900.jpg\" alt=\"\" data-id=\"16435\" data-full-url=\"http:\/\/sp1.kielce.eu\/wp-content\/uploads\/2021\/04\/MicrosoftTeams-image-11-1-scaled.jpg\" data-link=\"http:\/\/sp1.kielce.eu\/?attachment_id=16435\" class=\"wp-image-16435\" srcset=\"https:\/\/sp1.kielce.eu\/wp-content\/uploads\/2021\/04\/MicrosoftTeams-image-11-1-576x900.jpg 576w, https:\/\/sp1.kielce.eu\/wp-content\/uploads\/2021\/04\/MicrosoftTeams-image-11-1-192x300.jpg 192w, https:\/\/sp1.kielce.eu\/wp-content\/uploads\/2021\/04\/MicrosoftTeams-image-11-1-768x1201.jpg 768w, https:\/\/sp1.kielce.eu\/wp-content\/uploads\/2021\/04\/MicrosoftTeams-image-11-1-982x1536.jpg 982w, https:\/\/sp1.kielce.eu\/wp-content\/uploads\/2021\/04\/MicrosoftTeams-image-11-1-1310x2048.jpg 1310w, https:\/\/sp1.kielce.eu\/wp-content\/uploads\/2021\/04\/MicrosoftTeams-image-11-1-820x1282.jpg 820w, https:\/\/sp1.kielce.eu\/wp-content\/uploads\/2021\/04\/MicrosoftTeams-image-11-1-scaled.jpg 1637w\" sizes=\"auto, (max-width: 576px) 100vw, 576px\" \/><\/a><figcaption class=\"blocks-gallery-item__caption\">3<\/figcaption><\/figure><\/li><li class=\"blocks-gallery-item\"><figure><a href=\"http:\/\/sp1.kielce.eu\/wp-content\/uploads\/2021\/04\/rada-na-odpada-1.jpg\"><img loading=\"lazy\" decoding=\"async\" width=\"302\" height=\"167\" src=\"http:\/\/sp1.kielce.eu\/wp-content\/uploads\/2021\/04\/rada-na-odpada-1.jpg\" alt=\"\" data-id=\"16436\" data-full-url=\"http:\/\/sp1.kielce.eu\/wp-content\/uploads\/2021\/04\/rada-na-odpada-1.jpg\" data-link=\"http:\/\/sp1.kielce.eu\/?attachment_id=16436\" class=\"wp-image-16436\" srcset=\"https:\/\/sp1.kielce.eu\/wp-content\/uploads\/2021\/04\/rada-na-odpada-1.jpg 302w, https:\/\/sp1.kielce.eu\/wp-content\/uploads\/2021\/04\/rada-na-odpada-1-300x166.jpg 300w\" sizes=\"auto, (max-width: 302px) 100vw, 302px\" \/><\/a><figcaption class=\"blocks-gallery-item__caption\">4<\/figcaption><\/figure><\/li><\/ul><\/figure>\n\n\n\n<figure class=\"wp-block-gallery columns-3 is-cropped wp-block-gallery-2 is-layout-flex wp-block-gallery-is-layout-flex\"><ul class=\"blocks-gallery-grid\"><li class=\"blocks-gallery-item\"><figure><a href=\"http:\/\/sp1.kielce.eu\/wp-content\/uploads\/2021\/04\/IMG_0407-1-rotated-e1620370803530.jpg\"><img loading=\"lazy\" decoding=\"async\" width=\"674\" height=\"900\" src=\"http:\/\/sp1.kielce.eu\/wp-content\/uploads\/2021\/04\/IMG_0407-1-674x900.jpg\" alt=\"\" data-id=\"16512\" data-full-url=\"http:\/\/sp1.kielce.eu\/wp-content\/uploads\/2021\/04\/IMG_0407-1-rotated-e1620370803530.jpg\" data-link=\"http:\/\/sp1.kielce.eu\/index.php\/2021\/04\/28\/wyniki-konkursu-moja-rada-na-odpada\/img_0407-1\/\" class=\"wp-image-16512\" \/><\/a><\/figure><\/li><li class=\"blocks-gallery-item\"><figure><a href=\"http:\/\/sp1.kielce.eu\/wp-content\/uploads\/2021\/04\/IMG_0408.jpg\"><img loading=\"lazy\" decoding=\"async\" width=\"674\" height=\"900\" src=\"http:\/\/sp1.kielce.eu\/wp-content\/uploads\/2021\/04\/IMG_0408-674x900.jpg\" alt=\"\" data-id=\"16513\" data-full-url=\"http:\/\/sp1.kielce.eu\/wp-content\/uploads\/2021\/04\/IMG_0408.jpg\" data-link=\"http:\/\/sp1.kielce.eu\/index.php\/2021\/04\/28\/wyniki-konkursu-moja-rada-na-odpada\/img_0408\/\" class=\"wp-image-16513\" srcset=\"https:\/\/sp1.kielce.eu\/wp-content\/uploads\/2021\/04\/IMG_0408-674x900.jpg 674w, https:\/\/sp1.kielce.eu\/wp-content\/uploads\/2021\/04\/IMG_0408-225x300.jpg 225w, https:\/\/sp1.kielce.eu\/wp-content\/uploads\/2021\/04\/IMG_0408.jpg 685w\" sizes=\"auto, (max-width: 674px) 100vw, 674px\" \/><\/a><\/figure><\/li><li class=\"blocks-gallery-item\"><figure><a href=\"http:\/\/sp1.kielce.eu\/wp-content\/uploads\/2021\/04\/IMG_0409.jpg\"><img loading=\"lazy\" decoding=\"async\" width=\"674\" height=\"900\" src=\"http:\/\/sp1.kielce.eu\/wp-content\/uploads\/2021\/04\/IMG_0409-674x900.jpg\" alt=\"\" data-id=\"16514\" data-full-url=\"http:\/\/sp1.kielce.eu\/wp-content\/uploads\/2021\/04\/IMG_0409.jpg\" data-link=\"http:\/\/sp1.kielce.eu\/index.php\/2021\/04\/28\/wyniki-konkursu-moja-rada-na-odpada\/img_0409\/\" class=\"wp-image-16514\" srcset=\"https:\/\/sp1.kielce.eu\/wp-content\/uploads\/2021\/04\/IMG_0409-674x900.jpg 674w, https:\/\/sp1.kielce.eu\/wp-content\/uploads\/2021\/04\/IMG_0409-225x300.jpg 225w, https:\/\/sp1.kielce.eu\/wp-content\/uploads\/2021\/04\/IMG_0409.jpg 685w\" sizes=\"auto, (max-width: 674px) 100vw, 674px\" \/><\/a><\/figure><\/li><li class=\"blocks-gallery-item\"><figure><a href=\"http:\/\/sp1.kielce.eu\/wp-content\/uploads\/2021\/04\/IMG_0410-1-rotated.jpg\"><img loading=\"lazy\" decoding=\"async\" width=\"1203\" height=\"900\" src=\"http:\/\/sp1.kielce.eu\/wp-content\/uploads\/2021\/04\/IMG_0410-1-1203x900.jpg\" alt=\"\" data-id=\"16515\" data-full-url=\"http:\/\/sp1.kielce.eu\/wp-content\/uploads\/2021\/04\/IMG_0410-1-rotated.jpg\" data-link=\"http:\/\/sp1.kielce.eu\/index.php\/2021\/04\/28\/wyniki-konkursu-moja-rada-na-odpada\/img_0410-1\/\" class=\"wp-image-16515\" srcset=\"https:\/\/sp1.kielce.eu\/wp-content\/uploads\/2021\/04\/IMG_0410-1-1203x900.jpg 1203w, https:\/\/sp1.kielce.eu\/wp-content\/uploads\/2021\/04\/IMG_0410-1-300x224.jpg 300w, https:\/\/sp1.kielce.eu\/wp-content\/uploads\/2021\/04\/IMG_0410-1-768x575.jpg 768w, https:\/\/sp1.kielce.eu\/wp-content\/uploads\/2021\/04\/IMG_0410-1-820x614.jpg 820w, https:\/\/sp1.kielce.eu\/wp-content\/uploads\/2021\/04\/IMG_0410-1-rotated.jpg 1295w\" sizes=\"auto, (max-width: 1203px) 100vw, 1203px\" \/><\/a><\/figure><\/li><li class=\"blocks-gallery-item\"><figure><a href=\"http:\/\/sp1.kielce.eu\/wp-content\/uploads\/2021\/04\/IMG_0411-1-e1620370841304.jpg\"><img loading=\"lazy\" decoding=\"async\" width=\"1203\" height=\"900\" src=\"http:\/\/sp1.kielce.eu\/wp-content\/uploads\/2021\/04\/IMG_0411-1-e1620370841304-1203x900.jpg\" alt=\"\" data-id=\"16516\" data-full-url=\"http:\/\/sp1.kielce.eu\/wp-content\/uploads\/2021\/04\/IMG_0411-1-e1620370841304.jpg\" data-link=\"http:\/\/sp1.kielce.eu\/index.php\/2021\/04\/28\/wyniki-konkursu-moja-rada-na-odpada\/img_0411-1\/\" class=\"wp-image-16516\" srcset=\"https:\/\/sp1.kielce.eu\/wp-content\/uploads\/2021\/04\/IMG_0411-1-e1620370841304-1203x900.jpg 1203w, https:\/\/sp1.kielce.eu\/wp-content\/uploads\/2021\/04\/IMG_0411-1-e1620370841304-300x224.jpg 300w, https:\/\/sp1.kielce.eu\/wp-content\/uploads\/2021\/04\/IMG_0411-1-e1620370841304-768x575.jpg 768w, https:\/\/sp1.kielce.eu\/wp-content\/uploads\/2021\/04\/IMG_0411-1-e1620370841304-820x614.jpg 820w, https:\/\/sp1.kielce.eu\/wp-content\/uploads\/2021\/04\/IMG_0411-1-e1620370841304.jpg 1295w\" sizes=\"auto, (max-width: 1203px) 100vw, 1203px\" \/><\/a><\/figure><\/li><\/ul><\/figure>\n","protected":false},"excerpt":{"rendered":"<p>Z ogromn\u0105 przyjemno\u015bci\u0105 og\u0142aszamy wyniki Konkursu \u201eMOJA RADA NA ODPADA\u201d organizowanego przez Stra\u017c Miejsk\u0105 w [&hellip;]<\/p>\n","protected":false},"author":5,"featured_media":16436,"comment_status":"closed","ping_status":"open","sticky":false,"template":"","format":"standard","meta":{"footnotes":""},"categories":[36,24],"tags":[],"class_list":["post-16429","post","type-post","status-publish","format-standard","has-post-thumbnail","hentry","category-wydarzenia","category-zdrowie"],"_links":{"self":[{"href":"https:\/\/sp1.kielce.eu\/index.php\/wp-json\/wp\/v2\/posts\/16429","targetHints":{"allow":["GET"]}}],"collection":[{"href":"https:\/\/sp1.kielce.eu\/index.php\/wp-json\/wp\/v2\/posts"}],"about":[{"href":"https:\/\/sp1.kielce.eu\/index.php\/wp-json\/wp\/v2\/types\/post"}],"author":[{"embeddable":true,"href":"https:\/\/sp1.kielce.eu\/index.php\/wp-json\/wp\/v2\/users\/5"}],"replies":[{"embeddable":true,"href":"https:\/\/sp1.kielce.eu\/index.php\/wp-json\/wp\/v2\/comments?post=16429"}],"version-history":[{"count":3,"href":"https:\/\/sp1.kielce.eu\/index.php\/wp-json\/wp\/v2\/posts\/16429\/revisions"}],"predecessor-version":[{"id":16518,"href":"https:\/\/sp1.kielce.eu\/index.php\/wp-json\/wp\/v2\/posts\/16429\/revisions\/16518"}],"wp:featuredmedia":[{"embeddable":true,"href":"https:\/\/sp1.kielce.eu\/index.php\/wp-json\/wp\/v2\/media\/16436"}],"wp:attachment":[{"href":"https:\/\/sp1.kielce.eu\/index.php\/wp-json\/wp\/v2\/media?parent=16429"}],"wp:term":[{"taxonomy":"category","embeddable":true,"href":"https:\/\/sp1.kielce.eu\/index.php\/wp-json\/wp\/v2\/categories?post=16429"},{"taxonomy":"post_tag","embeddable":true,"href":"https:\/\/sp1.kielce.eu\/index.php\/wp-json\/wp\/v2\/tags?post=16429"}],"curies":[{"name":"wp","href":"https:\/\/api.w.org\/{rel}","templated":true}]}}