{"id":16392,"date":"2021-04-27T09:56:48","date_gmt":"2021-04-27T07:56:48","guid":{"rendered":"http:\/\/sp1.kielce.eu\/?p=16392"},"modified":"2021-04-27T09:56:48","modified_gmt":"2021-04-27T07:56:48","slug":"eko-poslanie","status":"publish","type":"post","link":"https:\/\/sp1.kielce.eu\/index.php\/2021\/04\/27\/eko-poslanie\/","title":{"rendered":"EKO &#8211; POS\u0141ANIE"},"content":{"rendered":"\n<p>Nowa akcja!<\/p>\n\n\n\n<p>&#8222;Jak sobie po\u015bcielesz tak si\u0119 wy\u015bpisz&#8221;&#8230; m\u00f3wi polskie powiedzenie. Jednak niekt\u00f3rzy potrzebuj\u0105 pomocy innych nawet w tak prostej czynno\u015bci. Podopieczni&nbsp;Hospicjum w Miechowie&nbsp;korzystaj\u0105 z opieki profesjonalnej kadry. Opr\u00f3cz czystej po\u015bcieli do pos\u0142ania dla nich u\u017cywane s\u0105 podk\u0142ady, kt\u00f3re przygotowywane s\u0105 z niepotrzebnych poszewek czy prze\u015bcierade\u0142.<\/p>\n\n\n\n<p>B\u0105d\u017a eko! Podziel si\u0119 tym co zalega w szafie. Dostarcz niepotrzebne ju\u017c poszewki i prze\u015bcierad\u0142a do szko\u0142y (przy g\u0142\u00f3wnym wej\u015bciu b\u0119dzie oznaczone pude\u0142ko). Zbi\u00f3rka w naszej szkole trwa do KO\u0143CA MAJA, zebrane dary przeka\u017cemy do Diecezjalnego Centrum Wolontariatu w Kielcach.<\/p>\n\n\n\n<p>Organizatorzy<\/p>\n\n\n\n<p class=\"has-text-align-right\">Agnieszka Rycombel<\/p>\n\n\n\n<p class=\"has-text-align-right\">ks. Konrad Walerczak<\/p>\n","protected":false},"excerpt":{"rendered":"<p>Nowa akcja! &#8222;Jak sobie po\u015bcielesz tak si\u0119 wy\u015bpisz&#8221;&#8230; m\u00f3wi polskie powiedzenie. Jednak niekt\u00f3rzy potrzebuj\u0105 pomocy [&hellip;]<\/p>\n","protected":false},"author":5,"featured_media":16393,"comment_status":"closed","ping_status":"open","sticky":false,"template":"","format":"standard","meta":{"footnotes":""},"categories":[36,163,23],"tags":[],"class_list":["post-16392","post","type-post","status-publish","format-standard","has-post-thumbnail","hentry","category-wydarzenia","category-skw","category-charytatywne"],"_links":{"self":[{"href":"https:\/\/sp1.kielce.eu\/index.php\/wp-json\/wp\/v2\/posts\/16392","targetHints":{"allow":["GET"]}}],"collection":[{"href":"https:\/\/sp1.kielce.eu\/index.php\/wp-json\/wp\/v2\/posts"}],"about":[{"href":"https:\/\/sp1.kielce.eu\/index.php\/wp-json\/wp\/v2\/types\/post"}],"author":[{"embeddable":true,"href":"https:\/\/sp1.kielce.eu\/index.php\/wp-json\/wp\/v2\/users\/5"}],"replies":[{"embeddable":true,"href":"https:\/\/sp1.kielce.eu\/index.php\/wp-json\/wp\/v2\/comments?post=16392"}],"version-history":[{"count":1,"href":"https:\/\/sp1.kielce.eu\/index.php\/wp-json\/wp\/v2\/posts\/16392\/revisions"}],"predecessor-version":[{"id":16394,"href":"https:\/\/sp1.kielce.eu\/index.php\/wp-json\/wp\/v2\/posts\/16392\/revisions\/16394"}],"wp:featuredmedia":[{"embeddable":true,"href":"https:\/\/sp1.kielce.eu\/index.php\/wp-json\/wp\/v2\/media\/16393"}],"wp:attachment":[{"href":"https:\/\/sp1.kielce.eu\/index.php\/wp-json\/wp\/v2\/media?parent=16392"}],"wp:term":[{"taxonomy":"category","embeddable":true,"href":"https:\/\/sp1.kielce.eu\/index.php\/wp-json\/wp\/v2\/categories?post=16392"},{"taxonomy":"post_tag","embeddable":true,"href":"https:\/\/sp1.kielce.eu\/index.php\/wp-json\/wp\/v2\/tags?post=16392"}],"curies":[{"name":"wp","href":"https:\/\/api.w.org\/{rel}","templated":true}]}}