{"id":16378,"date":"2021-04-27T09:48:36","date_gmt":"2021-04-27T07:48:36","guid":{"rendered":"http:\/\/sp1.kielce.eu\/?p=16378"},"modified":"2021-04-27T09:48:36","modified_gmt":"2021-04-27T07:48:36","slug":"swietokrzyskie-liczy-sie-dla-polski","status":"publish","type":"post","link":"https:\/\/sp1.kielce.eu\/index.php\/2021\/04\/27\/swietokrzyskie-liczy-sie-dla-polski\/","title":{"rendered":"\u015awi\u0119tokrzyskie liczy si\u0119 dla Polski&#8221;"},"content":{"rendered":"\n<p>1 kwietnia 2021 rozpocz\u0105\u0142 si\u0119 Polsce Narodowy Spis Powszechny Ludno\u015bci i Mieszka\u0144 2021.Spisy powszechne s\u0105 istotnymi momentami w \u017cyciu narodu, kiedy pa\u0144stwo pyta swoich obywateli \u201e<strong>ilu nas jest<\/strong>\u201d, \u201e<strong>kim jeste\u015bmy<\/strong>\u201d, \u201e<strong>jak \u017cyjemy<\/strong>\u201d oraz o inne istotniejsze informacje zwi\u0105zane z funkcjonowaniem spo\u0142ecze\u0144stwa. Spis powszechny przeprowadzany co 10 lat jest najwa\u017cniejszym badaniem realizowanym przez s\u0142u\u017cby statystyki publicznej. W zwi\u0105zku z trwaj\u0105cym spisem uczniowie naszej szko\u0142y wzi\u0119li udzia\u0142 w konkursie dla szk\u00f3\u0142 podstawowych \u201e\u015awi\u0119tokrzyskie liczy si\u0119 dla Polski&#8221;, kt\u00f3rego celem jest popularyzacja Narodowego Spisu Powszechnego Ludno\u015bci i Mieszka\u0144 2021. Podczas przeprowadzanych lekcji w klasach 1c, 4a, 5a, i 7c dowiedzieli si\u0119 po co prowadzi si\u0119 spis, dlaczego jest obowi\u0105zkowy, kto to jest rachmistrz, kto podlega spisowi i jak doro\u015bli mog\u0105 si\u0119 spisa\u0107 w obecnie trwaj\u0105cym badaniu. Na koniec na podstawie zdobytej wiedzy klasy wsp\u00f3lnie wykona\u0142y przeznaczone dla nich zadania.<\/p>\n\n\n\n<p>Jednocze\u015bnie przypominamy, \u017ce na stronie spis.gov.pl ka\u017cdy doros\u0142y mo\u017ce dokona\u0107 samospisu<\/p>\n\n\n\n<p>w trwaj\u0105cym obecnie Narodowym Spisie Powszechnym Ludno\u015bci i Mieszka\u0144 2021.<\/p>\n\n\n\n<p class=\"has-text-align-right\">Anna Mazur<\/p>\n\n\n\n<p class=\"has-text-align-right\">Urszula Sodek<\/p>\n\n\n\n<p class=\"has-text-align-right\">Karolina Skalska &#8211; \u0141osin<\/p>\n\n\n\n<figure class=\"wp-block-gallery columns-3 is-cropped wp-block-gallery-1 is-layout-flex wp-block-gallery-is-layout-flex\"><ul class=\"blocks-gallery-grid\"><li class=\"blocks-gallery-item\"><figure><a href=\"http:\/\/sp1.kielce.eu\/wp-content\/uploads\/2021\/04\/04-Liczymy-si\u00a6O.png\"><img loading=\"lazy\" decoding=\"async\" width=\"1400\" height=\"825\" src=\"http:\/\/sp1.kielce.eu\/wp-content\/uploads\/2021\/04\/04-Liczymy-si\u00a6O-1400x825.png\" alt=\"\" data-id=\"16377\" data-full-url=\"http:\/\/sp1.kielce.eu\/wp-content\/uploads\/2021\/04\/04-Liczymy-si\u00a6O.png\" data-link=\"http:\/\/sp1.kielce.eu\/?attachment_id=16377\" class=\"wp-image-16377\" srcset=\"https:\/\/sp1.kielce.eu\/wp-content\/uploads\/2021\/04\/04-Liczymy-si\u00a6O-1400x825.png 1400w, https:\/\/sp1.kielce.eu\/wp-content\/uploads\/2021\/04\/04-Liczymy-si\u00a6O-300x177.png 300w, https:\/\/sp1.kielce.eu\/wp-content\/uploads\/2021\/04\/04-Liczymy-si\u00a6O-768x453.png 768w, https:\/\/sp1.kielce.eu\/wp-content\/uploads\/2021\/04\/04-Liczymy-si\u00a6O-1536x905.png 1536w, https:\/\/sp1.kielce.eu\/wp-content\/uploads\/2021\/04\/04-Liczymy-si\u00a6O-2048x1207.png 2048w, https:\/\/sp1.kielce.eu\/wp-content\/uploads\/2021\/04\/04-Liczymy-si\u00a6O-820x483.png 820w\" sizes=\"auto, (max-width: 1400px) 100vw, 1400px\" \/><\/a><figcaption class=\"blocks-gallery-item__caption\">4<\/figcaption><\/figure><\/li><li class=\"blocks-gallery-item\"><figure><a href=\"http:\/\/sp1.kielce.eu\/wp-content\/uploads\/2021\/04\/03-Liczymy-si\u00a6O.png\"><img loading=\"lazy\" decoding=\"async\" width=\"1320\" height=\"801\" src=\"http:\/\/sp1.kielce.eu\/wp-content\/uploads\/2021\/04\/03-Liczymy-si\u00a6O.png\" alt=\"\" data-id=\"16376\" data-full-url=\"http:\/\/sp1.kielce.eu\/wp-content\/uploads\/2021\/04\/03-Liczymy-si\u00a6O.png\" data-link=\"http:\/\/sp1.kielce.eu\/?attachment_id=16376\" class=\"wp-image-16376\" srcset=\"https:\/\/sp1.kielce.eu\/wp-content\/uploads\/2021\/04\/03-Liczymy-si\u00a6O.png 1320w, https:\/\/sp1.kielce.eu\/wp-content\/uploads\/2021\/04\/03-Liczymy-si\u00a6O-300x182.png 300w, https:\/\/sp1.kielce.eu\/wp-content\/uploads\/2021\/04\/03-Liczymy-si\u00a6O-768x466.png 768w, https:\/\/sp1.kielce.eu\/wp-content\/uploads\/2021\/04\/03-Liczymy-si\u00a6O-820x498.png 820w\" sizes=\"auto, (max-width: 1320px) 100vw, 1320px\" \/><\/a><figcaption class=\"blocks-gallery-item__caption\">3<\/figcaption><\/figure><\/li><li class=\"blocks-gallery-item\"><figure><a href=\"http:\/\/sp1.kielce.eu\/wp-content\/uploads\/2021\/04\/02-Liczymy-si\u00a6O.png\"><img loading=\"lazy\" decoding=\"async\" width=\"1400\" height=\"804\" src=\"http:\/\/sp1.kielce.eu\/wp-content\/uploads\/2021\/04\/02-Liczymy-si\u00a6O-1400x804.png\" alt=\"\" data-id=\"16375\" data-full-url=\"http:\/\/sp1.kielce.eu\/wp-content\/uploads\/2021\/04\/02-Liczymy-si\u00a6O.png\" data-link=\"http:\/\/sp1.kielce.eu\/?attachment_id=16375\" class=\"wp-image-16375\" srcset=\"https:\/\/sp1.kielce.eu\/wp-content\/uploads\/2021\/04\/02-Liczymy-si\u00a6O-1400x804.png 1400w, https:\/\/sp1.kielce.eu\/wp-content\/uploads\/2021\/04\/02-Liczymy-si\u00a6O-300x172.png 300w, https:\/\/sp1.kielce.eu\/wp-content\/uploads\/2021\/04\/02-Liczymy-si\u00a6O-768x441.png 768w, https:\/\/sp1.kielce.eu\/wp-content\/uploads\/2021\/04\/02-Liczymy-si\u00a6O-1536x882.png 1536w, https:\/\/sp1.kielce.eu\/wp-content\/uploads\/2021\/04\/02-Liczymy-si\u00a6O-820x471.png 820w, https:\/\/sp1.kielce.eu\/wp-content\/uploads\/2021\/04\/02-Liczymy-si\u00a6O.png 1981w\" sizes=\"auto, (max-width: 1400px) 100vw, 1400px\" \/><\/a><figcaption class=\"blocks-gallery-item__caption\">2<\/figcaption><\/figure><\/li><li class=\"blocks-gallery-item\"><figure><a href=\"http:\/\/sp1.kielce.eu\/wp-content\/uploads\/2021\/04\/01-Liczymy-si\u00a6O.png\"><img loading=\"lazy\" decoding=\"async\" width=\"1400\" height=\"849\" src=\"http:\/\/sp1.kielce.eu\/wp-content\/uploads\/2021\/04\/01-Liczymy-si\u00a6O-1400x849.png\" alt=\"\" data-id=\"16374\" data-full-url=\"http:\/\/sp1.kielce.eu\/wp-content\/uploads\/2021\/04\/01-Liczymy-si\u00a6O.png\" data-link=\"http:\/\/sp1.kielce.eu\/?attachment_id=16374\" class=\"wp-image-16374\" srcset=\"https:\/\/sp1.kielce.eu\/wp-content\/uploads\/2021\/04\/01-Liczymy-si\u00a6O-1400x849.png 1400w, https:\/\/sp1.kielce.eu\/wp-content\/uploads\/2021\/04\/01-Liczymy-si\u00a6O-300x182.png 300w, https:\/\/sp1.kielce.eu\/wp-content\/uploads\/2021\/04\/01-Liczymy-si\u00a6O-768x466.png 768w, https:\/\/sp1.kielce.eu\/wp-content\/uploads\/2021\/04\/01-Liczymy-si\u00a6O-1536x931.png 1536w, https:\/\/sp1.kielce.eu\/wp-content\/uploads\/2021\/04\/01-Liczymy-si\u00a6O-820x497.png 820w, https:\/\/sp1.kielce.eu\/wp-content\/uploads\/2021\/04\/01-Liczymy-si\u00a6O.png 1661w\" sizes=\"auto, (max-width: 1400px) 100vw, 1400px\" \/><\/a><figcaption class=\"blocks-gallery-item__caption\">1<\/figcaption><\/figure><\/li><\/ul><\/figure>\n","protected":false},"excerpt":{"rendered":"<p>1 kwietnia 2021 rozpocz\u0105\u0142 si\u0119 Polsce Narodowy Spis Powszechny Ludno\u015bci i Mieszka\u0144 2021.Spisy powszechne s\u0105 [&hellip;]<\/p>\n","protected":false},"author":5,"featured_media":16379,"comment_status":"closed","ping_status":"open","sticky":false,"template":"","format":"standard","meta":{"footnotes":""},"categories":[36],"tags":[],"class_list":["post-16378","post","type-post","status-publish","format-standard","has-post-thumbnail","hentry","category-wydarzenia"],"_links":{"self":[{"href":"https:\/\/sp1.kielce.eu\/index.php\/wp-json\/wp\/v2\/posts\/16378","targetHints":{"allow":["GET"]}}],"collection":[{"href":"https:\/\/sp1.kielce.eu\/index.php\/wp-json\/wp\/v2\/posts"}],"about":[{"href":"https:\/\/sp1.kielce.eu\/index.php\/wp-json\/wp\/v2\/types\/post"}],"author":[{"embeddable":true,"href":"https:\/\/sp1.kielce.eu\/index.php\/wp-json\/wp\/v2\/users\/5"}],"replies":[{"embeddable":true,"href":"https:\/\/sp1.kielce.eu\/index.php\/wp-json\/wp\/v2\/comments?post=16378"}],"version-history":[{"count":1,"href":"https:\/\/sp1.kielce.eu\/index.php\/wp-json\/wp\/v2\/posts\/16378\/revisions"}],"predecessor-version":[{"id":16380,"href":"https:\/\/sp1.kielce.eu\/index.php\/wp-json\/wp\/v2\/posts\/16378\/revisions\/16380"}],"wp:featuredmedia":[{"embeddable":true,"href":"https:\/\/sp1.kielce.eu\/index.php\/wp-json\/wp\/v2\/media\/16379"}],"wp:attachment":[{"href":"https:\/\/sp1.kielce.eu\/index.php\/wp-json\/wp\/v2\/media?parent=16378"}],"wp:term":[{"taxonomy":"category","embeddable":true,"href":"https:\/\/sp1.kielce.eu\/index.php\/wp-json\/wp\/v2\/categories?post=16378"},{"taxonomy":"post_tag","embeddable":true,"href":"https:\/\/sp1.kielce.eu\/index.php\/wp-json\/wp\/v2\/tags?post=16378"}],"curies":[{"name":"wp","href":"https:\/\/api.w.org\/{rel}","templated":true}]}}