{"id":16312,"date":"2021-04-22T08:16:48","date_gmt":"2021-04-22T06:16:48","guid":{"rendered":"http:\/\/sp1.kielce.eu\/?p=16312"},"modified":"2021-04-22T08:16:48","modified_gmt":"2021-04-22T06:16:48","slug":"certyfikat-z-j-niemieckiego","status":"publish","type":"post","link":"https:\/\/sp1.kielce.eu\/index.php\/2021\/04\/22\/certyfikat-z-j-niemieckiego\/","title":{"rendered":"Certyfikat z j. niemieckiego"},"content":{"rendered":"\n<p>Uczniowie naszej szko\u0142y maj\u0105 szans\u0119 sprawdzi\u0107 swoj\u0105 znajomo\u015b\u0107 j\u0119zyka niemieckiego przyst\u0119puj\u0105c co certyfikatu Fit in Deutsch 1.<\/p>\n\n\n\n<p><strong>Goethe-Zertifikat A1: Fit in Deutsch 1<\/strong>&nbsp;jest egzaminem z j\u0119zyka niemieckiego dla dzieci i m\u0142odzie\u017cy w wieku od 10 do 16 lat, kt\u00f3ry potwierdza najbardziej podstawow\u0105 znajomo\u015b\u0107 j\u0119zyka. Odpowiada pierwszemu poziomowi (A1) kompetencji sze\u015bciostopniowej skali Europejskiego Systemu Opisu Kszta\u0142cenia J\u0119zykowego.<\/p>\n\n\n\n<h2 class=\"wp-block-heading\">ZDAJ\u0104C TEN EGZAMIN POKAZUJESZ, \u017bE &#8230;<\/h2>\n\n\n\n<ul class=\"wp-block-list\"><li>potrafisz zadawa\u0107 proste pytania i udziela\u0107 na nie odpowiedzi oraz formu\u0142owa\u0107 pro\u015bby i reagowa\u0107 na nie.<\/li><li>pisa\u0107 o sobie i innych ludziach u\u017cywaj\u0105c prostych zwrot\u00f3w i zda\u0144.<\/li><li>zrozumie\u0107 rozmowy i teksty o rzeczach ci znanych.<\/li><\/ul>\n\n\n\n<p>Za przygotowanie uczni\u00f3w do certyfikatu odpowiada Ewa Stachura. Zainteresowani uczniowie proszeni s\u0105 o kontakt do pi\u0105tku, 23 kwietnia.&nbsp;<\/p>\n","protected":false},"excerpt":{"rendered":"<p>Uczniowie naszej szko\u0142y maj\u0105 szans\u0119 sprawdzi\u0107 swoj\u0105 znajomo\u015b\u0107 j\u0119zyka niemieckiego przyst\u0119puj\u0105c co certyfikatu Fit in [&hellip;]<\/p>\n","protected":false},"author":5,"featured_media":16314,"comment_status":"closed","ping_status":"open","sticky":false,"template":"","format":"standard","meta":{"footnotes":""},"categories":[36],"tags":[],"class_list":["post-16312","post","type-post","status-publish","format-standard","has-post-thumbnail","hentry","category-wydarzenia"],"_links":{"self":[{"href":"https:\/\/sp1.kielce.eu\/index.php\/wp-json\/wp\/v2\/posts\/16312","targetHints":{"allow":["GET"]}}],"collection":[{"href":"https:\/\/sp1.kielce.eu\/index.php\/wp-json\/wp\/v2\/posts"}],"about":[{"href":"https:\/\/sp1.kielce.eu\/index.php\/wp-json\/wp\/v2\/types\/post"}],"author":[{"embeddable":true,"href":"https:\/\/sp1.kielce.eu\/index.php\/wp-json\/wp\/v2\/users\/5"}],"replies":[{"embeddable":true,"href":"https:\/\/sp1.kielce.eu\/index.php\/wp-json\/wp\/v2\/comments?post=16312"}],"version-history":[{"count":1,"href":"https:\/\/sp1.kielce.eu\/index.php\/wp-json\/wp\/v2\/posts\/16312\/revisions"}],"predecessor-version":[{"id":16315,"href":"https:\/\/sp1.kielce.eu\/index.php\/wp-json\/wp\/v2\/posts\/16312\/revisions\/16315"}],"wp:featuredmedia":[{"embeddable":true,"href":"https:\/\/sp1.kielce.eu\/index.php\/wp-json\/wp\/v2\/media\/16314"}],"wp:attachment":[{"href":"https:\/\/sp1.kielce.eu\/index.php\/wp-json\/wp\/v2\/media?parent=16312"}],"wp:term":[{"taxonomy":"category","embeddable":true,"href":"https:\/\/sp1.kielce.eu\/index.php\/wp-json\/wp\/v2\/categories?post=16312"},{"taxonomy":"post_tag","embeddable":true,"href":"https:\/\/sp1.kielce.eu\/index.php\/wp-json\/wp\/v2\/tags?post=16312"}],"curies":[{"name":"wp","href":"https:\/\/api.w.org\/{rel}","templated":true}]}}