{"id":16282,"date":"2021-04-15T17:13:06","date_gmt":"2021-04-15T15:13:06","guid":{"rendered":"http:\/\/sp1.kielce.eu\/?p=16282"},"modified":"2021-04-15T17:13:06","modified_gmt":"2021-04-15T15:13:06","slug":"zolnierska-ozdoba-wielkanocna","status":"publish","type":"post","link":"https:\/\/sp1.kielce.eu\/index.php\/2021\/04\/15\/zolnierska-ozdoba-wielkanocna\/","title":{"rendered":"\u017bO\u0141NIERSKA OZDOBA WIELKANOCNA"},"content":{"rendered":"\n<p>W dniu 25.03.2021r. ch\u0119tni uczniowie z&nbsp;klasy 3B wzi\u0119li udzia\u0142 konkursie plastycznym pt.&nbsp;\u201e\u017bo\u0142nierska ozdoba wielkanocna\u201d zorganizowanym przez Centrum Przygotowa\u0144 do Misji Zagranicznych w&nbsp;Kielcach. Celami konkursu by\u0142o m.in.: rozwijanie zainteresowa\u0144 plastycznych inspirowanych zwyczajami i&nbsp;tradycjami \u015awi\u0105t Wielkanocnych, pobudzenie inwencji tw\u00f3rczej i&nbsp;pomys\u0142owo\u015bci, rozwijanie wra\u017cliwo\u015bci estetycznej, integracja \u015brodowiska wojskowego ze spo\u0142ecze\u0144stwem lokalnym. Jury ocenia\u0142o: poprawno\u015b\u0107 merytoryczn\u0105 (zgodno\u015b\u0107 z&nbsp;tematem), staranno\u015b\u0107 i&nbsp;oryginalno\u015b\u0107 wykonania, poziom artystyczny nades\u0142anych prac, samodzielno\u015b\u0107 wykonanych prac. W&nbsp;konkursie wzi\u0119\u0142o udzia\u0142 120 uczestnik\u00f3w. Nasi uczniowie: Oskar Podkowa, Zofia S\u0142aby, Marcel Zmarzli\u0144ski oraz Wiktor Appel otrzymali wyr\u00f3\u017cnienia oraz pami\u0105tkowe dyplomy. Podzi\u0119kowanie za udzia\u0142 w&nbsp;konkursie otrzyma\u0142a r\u00f3wnie\u017c Szko\u0142a Podstawowa nr&nbsp;1 w&nbsp;Kielcach.<\/p>\n\n\n\n<p class=\"has-text-align-center\">Serdecznie gratulujemy! \u00a0\u00a0\u00a0\u00a0\u00a0\u00a0\u00a0\u00a0\u00a0\u00a0\u00a0\u00a0\u00a0\u00a0\u00a0\u00a0\u00a0\u00a0\u00a0\u00a0\u00a0\u00a0\u00a0\u00a0\u00a0\u00a0\u00a0\u00a0\u00a0\u00a0\u00a0\u00a0\u00a0\u00a0\u00a0\u00a0\u00a0\u00a0\u00a0\u00a0\u00a0\u00a0\u00a0\u00a0\u00a0\u00a0\u00a0\u00a0\u00a0\u00a0\u00a0\u00a0\u00a0\u00a0\u00a0\u00a0\u00a0\u00a0\u00a0\u00a0\u00a0\u00a0\u00a0\u00a0\u00a0\u00a0\u00a0\u00a0\u00a0\u00a0\u00a0\u00a0\u00a0\u00a0\u00a0\u00a0\u00a0\u00a0\u00a0\u00a0\u00a0\u00a0\u00a0\u00a0\u00a0\u00a0\u00a0\u00a0\u00a0\u00a0\u00a0\u00a0\u00a0\u00a0\u00a0\u00a0\u00a0\u00a0\u00a0\u00a0\u00a0\u00a0\u00a0\u00a0\u00a0 Marta Okopie\u0144<\/p>\n\n\n\n<figure class=\"wp-block-gallery columns-5 is-cropped wp-block-gallery-1 is-layout-flex wp-block-gallery-is-layout-flex\"><ul class=\"blocks-gallery-grid\"><li class=\"blocks-gallery-item\"><figure><a href=\"http:\/\/sp1.kielce.eu\/wp-content\/uploads\/2021\/04\/a-11.jpg\"><img loading=\"lazy\" decoding=\"async\" width=\"633\" height=\"900\" src=\"http:\/\/sp1.kielce.eu\/wp-content\/uploads\/2021\/04\/a-11-633x900.jpg\" alt=\"\" data-id=\"16286\" data-full-url=\"http:\/\/sp1.kielce.eu\/wp-content\/uploads\/2021\/04\/a-11.jpg\" data-link=\"http:\/\/sp1.kielce.eu\/?attachment_id=16286\" class=\"wp-image-16286\" srcset=\"https:\/\/sp1.kielce.eu\/wp-content\/uploads\/2021\/04\/a-11-633x900.jpg 633w, https:\/\/sp1.kielce.eu\/wp-content\/uploads\/2021\/04\/a-11-211x300.jpg 211w, https:\/\/sp1.kielce.eu\/wp-content\/uploads\/2021\/04\/a-11-768x1093.jpg 768w, https:\/\/sp1.kielce.eu\/wp-content\/uploads\/2021\/04\/a-11-1079x1536.jpg 1079w, https:\/\/sp1.kielce.eu\/wp-content\/uploads\/2021\/04\/a-11-1439x2048.jpg 1439w, https:\/\/sp1.kielce.eu\/wp-content\/uploads\/2021\/04\/a-11-820x1167.jpg 820w, https:\/\/sp1.kielce.eu\/wp-content\/uploads\/2021\/04\/a-11.jpg 1608w\" sizes=\"auto, (max-width: 633px) 100vw, 633px\" \/><\/a><\/figure><\/li><li class=\"blocks-gallery-item\"><figure><a href=\"http:\/\/sp1.kielce.eu\/wp-content\/uploads\/2021\/04\/b-1-Copy.jpg\"><img loading=\"lazy\" decoding=\"async\" width=\"636\" height=\"900\" src=\"http:\/\/sp1.kielce.eu\/wp-content\/uploads\/2021\/04\/b-1-Copy.jpg\" alt=\"\" data-id=\"16287\" data-full-url=\"http:\/\/sp1.kielce.eu\/wp-content\/uploads\/2021\/04\/b-1-Copy.jpg\" data-link=\"http:\/\/sp1.kielce.eu\/?attachment_id=16287\" class=\"wp-image-16287\" srcset=\"https:\/\/sp1.kielce.eu\/wp-content\/uploads\/2021\/04\/b-1-Copy.jpg 636w, https:\/\/sp1.kielce.eu\/wp-content\/uploads\/2021\/04\/b-1-Copy-212x300.jpg 212w\" sizes=\"auto, (max-width: 636px) 100vw, 636px\" \/><\/a><\/figure><\/li><li class=\"blocks-gallery-item\"><figure><a href=\"http:\/\/sp1.kielce.eu\/wp-content\/uploads\/2021\/04\/c-11-Copy.jpg\"><img loading=\"lazy\" decoding=\"async\" width=\"632\" height=\"900\" src=\"http:\/\/sp1.kielce.eu\/wp-content\/uploads\/2021\/04\/c-11-Copy.jpg\" alt=\"\" data-id=\"16288\" data-full-url=\"http:\/\/sp1.kielce.eu\/wp-content\/uploads\/2021\/04\/c-11-Copy.jpg\" data-link=\"http:\/\/sp1.kielce.eu\/?attachment_id=16288\" class=\"wp-image-16288\" srcset=\"https:\/\/sp1.kielce.eu\/wp-content\/uploads\/2021\/04\/c-11-Copy.jpg 632w, https:\/\/sp1.kielce.eu\/wp-content\/uploads\/2021\/04\/c-11-Copy-211x300.jpg 211w\" sizes=\"auto, (max-width: 632px) 100vw, 632px\" \/><\/a><\/figure><\/li><li class=\"blocks-gallery-item\"><figure><a href=\"http:\/\/sp1.kielce.eu\/wp-content\/uploads\/2021\/04\/d-11-Copy.jpg\"><img loading=\"lazy\" decoding=\"async\" width=\"627\" height=\"900\" src=\"http:\/\/sp1.kielce.eu\/wp-content\/uploads\/2021\/04\/d-11-Copy.jpg\" alt=\"\" data-id=\"16289\" data-full-url=\"http:\/\/sp1.kielce.eu\/wp-content\/uploads\/2021\/04\/d-11-Copy.jpg\" data-link=\"http:\/\/sp1.kielce.eu\/?attachment_id=16289\" class=\"wp-image-16289\" srcset=\"https:\/\/sp1.kielce.eu\/wp-content\/uploads\/2021\/04\/d-11-Copy.jpg 627w, https:\/\/sp1.kielce.eu\/wp-content\/uploads\/2021\/04\/d-11-Copy-209x300.jpg 209w\" sizes=\"auto, (max-width: 627px) 100vw, 627px\" \/><\/a><\/figure><\/li><li class=\"blocks-gallery-item\"><figure><a href=\"http:\/\/sp1.kielce.eu\/wp-content\/uploads\/2021\/04\/podziekowanie-1-Copy.jpg\"><img loading=\"lazy\" decoding=\"async\" width=\"637\" height=\"900\" src=\"http:\/\/sp1.kielce.eu\/wp-content\/uploads\/2021\/04\/podziekowanie-1-Copy.jpg\" alt=\"\" data-id=\"16290\" data-full-url=\"http:\/\/sp1.kielce.eu\/wp-content\/uploads\/2021\/04\/podziekowanie-1-Copy.jpg\" data-link=\"http:\/\/sp1.kielce.eu\/?attachment_id=16290\" class=\"wp-image-16290\" srcset=\"https:\/\/sp1.kielce.eu\/wp-content\/uploads\/2021\/04\/podziekowanie-1-Copy.jpg 637w, https:\/\/sp1.kielce.eu\/wp-content\/uploads\/2021\/04\/podziekowanie-1-Copy-212x300.jpg 212w\" sizes=\"auto, (max-width: 637px) 100vw, 637px\" \/><\/a><\/figure><\/li><\/ul><\/figure>\n","protected":false},"excerpt":{"rendered":"<p>W dniu 25.03.2021r. ch\u0119tni uczniowie z&nbsp;klasy 3B wzi\u0119li udzia\u0142 konkursie plastycznym pt.&nbsp;\u201e\u017bo\u0142nierska ozdoba wielkanocna\u201d zorganizowanym [&hellip;]<\/p>\n","protected":false},"author":13,"featured_media":16284,"comment_status":"closed","ping_status":"open","sticky":false,"template":"","format":"standard","meta":{"footnotes":""},"categories":[36,10],"tags":[],"class_list":["post-16282","post","type-post","status-publish","format-standard","has-post-thumbnail","hentry","category-wydarzenia","category-konkursy-przedmiotowe"],"_links":{"self":[{"href":"https:\/\/sp1.kielce.eu\/index.php\/wp-json\/wp\/v2\/posts\/16282","targetHints":{"allow":["GET"]}}],"collection":[{"href":"https:\/\/sp1.kielce.eu\/index.php\/wp-json\/wp\/v2\/posts"}],"about":[{"href":"https:\/\/sp1.kielce.eu\/index.php\/wp-json\/wp\/v2\/types\/post"}],"author":[{"embeddable":true,"href":"https:\/\/sp1.kielce.eu\/index.php\/wp-json\/wp\/v2\/users\/13"}],"replies":[{"embeddable":true,"href":"https:\/\/sp1.kielce.eu\/index.php\/wp-json\/wp\/v2\/comments?post=16282"}],"version-history":[{"count":3,"href":"https:\/\/sp1.kielce.eu\/index.php\/wp-json\/wp\/v2\/posts\/16282\/revisions"}],"predecessor-version":[{"id":16916,"href":"https:\/\/sp1.kielce.eu\/index.php\/wp-json\/wp\/v2\/posts\/16282\/revisions\/16916"}],"wp:featuredmedia":[{"embeddable":true,"href":"https:\/\/sp1.kielce.eu\/index.php\/wp-json\/wp\/v2\/media\/16284"}],"wp:attachment":[{"href":"https:\/\/sp1.kielce.eu\/index.php\/wp-json\/wp\/v2\/media?parent=16282"}],"wp:term":[{"taxonomy":"category","embeddable":true,"href":"https:\/\/sp1.kielce.eu\/index.php\/wp-json\/wp\/v2\/categories?post=16282"},{"taxonomy":"post_tag","embeddable":true,"href":"https:\/\/sp1.kielce.eu\/index.php\/wp-json\/wp\/v2\/tags?post=16282"}],"curies":[{"name":"wp","href":"https:\/\/api.w.org\/{rel}","templated":true}]}}