{"id":1628,"date":"2017-04-20T22:03:26","date_gmt":"2017-04-20T20:03:26","guid":{"rendered":"http:\/\/sp1.kielce.eu\/?p=1628"},"modified":"2017-04-24T01:13:11","modified_gmt":"2017-04-23T23:13:11","slug":"sukces-etny","status":"publish","type":"post","link":"https:\/\/sp1.kielce.eu\/index.php\/2017\/04\/20\/sukces-etny\/","title":{"rendered":"Taneczny sukces ETNY"},"content":{"rendered":"<p style=\"text-align: justify;\">W dniu <strong>08 kwietnia 2017<\/strong> r. w Hali Sportowo-Rehabilitacyjnej przy Zespole Szk\u00f3\u0142 im. Henryka Sienkiewicza w\u00a0Suchedniowie odby\u0142 si\u0119 <strong>XII Og\u00f3lnopolski Turniej Formacji Tanecznych Suchedni\u00f3w 2017<\/strong>. Impreza organizowana przez suchedniowsk\u0105 \u201eKu\u017anic\u0119\u201d cieszy si\u0119 bardzo du\u017cym zainteresowaniem i jest \u015bwietnie oceniana w kraju przez \u015brodowisko taneczne. Tegoroczna dwunasta edycja imprezy zgromadzi\u0142a prawie 1200 tancerek i tancerzy z 30 formacji tanecznych. Na parkiecie zobaczyli\u015bmy \u0142\u0105cznie a\u017c 67 uk\u0142ad\u00f3w choreograficznych w 5 r\u00f3\u017cnych kategoriach tanecznych. Po oficjalnym rozpocz\u0119ciu i przywitaniu przyby\u0142ych zespo\u0142\u00f3w oraz go\u015bci wszystkie formacje przemaszerowa\u0142y w barwnej paradzie, prezentuj\u0105c si\u0119 zgromadzonej publiczno\u015bci, po czym rozpocz\u0119\u0142a si\u0119 rywalizacja w nast\u0119puj\u0105cych kategoriach tanecznych i wiekowych:<\/p>\n<p>TANIEC NOWOCZESNY: do lat 11, 12 \u2013 15 lat, powy\u017cej 16.<\/p>\n<p style=\"text-align: justify;\">INSCENIZACJA TANECZNA: do lat 10, 11 \u2013 15 lat.<\/p>\n<p>WIDOWISKO TANECZNE: do 11 lat, 12 \u2013 15 lat.<\/p>\n<p>TANIEC WSP\u00d3\u0141CZESNY: do 11 lat, 12 \u2013 15 lat, powy\u017cej 16 lat.<\/p>\n<p>INNE FORMY TA\u0143CA: do 11 lat, 12 \u2013 15 lat, powy\u017cej 16 lat.<\/p>\n<p style=\"text-align: justify;\"><strong>Nasz\u0105 szko\u0142\u0119 reprezentowa\u0142a<\/strong> <strong>Szkolna Formacja Taneczna ETNA pod kierunkiem p.\u00a0Ewy Nowak<\/strong>. <strong>Nasi tancerze swoje umiej\u0119tno\u015bci zaprezentowali w\u00a0uk\u0142adzie jazzowym pt. \u201eBelfer\u201d.<\/strong> Otrzymali wyr\u00f3\u017cnienie w kategorii: INSCENIZACJA TANECZNA do lat 10. Elementy akrobatyczne opracowa\u0142a p. <strong>Marta Wi\u0119ckowska<\/strong>.<\/p>\n<p style=\"text-align: right;\">Ewa Nowak<br \/>\nMarta Wi\u0119ckowska<\/p>\n<p>&nbsp;<\/p>\n<div id='gallery-1' class='gallery galleryid-1628 gallery-columns-3 gallery-size-thumbnail'><figure class='gallery-item'>\n\t\t\t<div class='gallery-icon landscape'>\n\t\t\t\t<a href='https:\/\/sp1.kielce.eu\/wp-content\/uploads\/2017\/04\/1-2.jpg'><img loading=\"lazy\" decoding=\"async\" width=\"150\" height=\"150\" src=\"https:\/\/sp1.kielce.eu\/wp-content\/uploads\/2017\/04\/1-2-150x150.jpg\" class=\"attachment-thumbnail size-thumbnail\" alt=\"ETNA\" aria-describedby=\"gallery-1-1630\" \/><\/a>\n\t\t\t<\/div>\n\t\t\t\t<figcaption class='wp-caption-text gallery-caption' id='gallery-1-1630'>\n\t\t\t\tETNA\n\t\t\t\t<\/figcaption><\/figure><figure class='gallery-item'>\n\t\t\t<div class='gallery-icon landscape'>\n\t\t\t\t<a href='https:\/\/sp1.kielce.eu\/wp-content\/uploads\/2017\/04\/2-2.jpg'><img loading=\"lazy\" decoding=\"async\" width=\"150\" height=\"150\" src=\"https:\/\/sp1.kielce.eu\/wp-content\/uploads\/2017\/04\/2-2-150x150.jpg\" class=\"attachment-thumbnail size-thumbnail\" alt=\"ETNA\" aria-describedby=\"gallery-1-1631\" \/><\/a>\n\t\t\t<\/div>\n\t\t\t\t<figcaption class='wp-caption-text gallery-caption' id='gallery-1-1631'>\n\t\t\t\tETNA\n\t\t\t\t<\/figcaption><\/figure><figure class='gallery-item'>\n\t\t\t<div class='gallery-icon landscape'>\n\t\t\t\t<a href='https:\/\/sp1.kielce.eu\/wp-content\/uploads\/2017\/04\/3-2.jpg'><img loading=\"lazy\" decoding=\"async\" width=\"150\" height=\"150\" src=\"https:\/\/sp1.kielce.eu\/wp-content\/uploads\/2017\/04\/3-2-150x150.jpg\" class=\"attachment-thumbnail size-thumbnail\" alt=\"ETNA\" aria-describedby=\"gallery-1-1632\" \/><\/a>\n\t\t\t<\/div>\n\t\t\t\t<figcaption class='wp-caption-text gallery-caption' id='gallery-1-1632'>\n\t\t\t\tETNA\n\t\t\t\t<\/figcaption><\/figure><figure class='gallery-item'>\n\t\t\t<div class='gallery-icon landscape'>\n\t\t\t\t<a href='https:\/\/sp1.kielce.eu\/wp-content\/uploads\/2017\/04\/4-1.jpg'><img loading=\"lazy\" decoding=\"async\" width=\"150\" height=\"150\" src=\"https:\/\/sp1.kielce.eu\/wp-content\/uploads\/2017\/04\/4-1-150x150.jpg\" class=\"attachment-thumbnail size-thumbnail\" alt=\"ETNA\" aria-describedby=\"gallery-1-1633\" \/><\/a>\n\t\t\t<\/div>\n\t\t\t\t<figcaption class='wp-caption-text gallery-caption' id='gallery-1-1633'>\n\t\t\t\tETNA\n\t\t\t\t<\/figcaption><\/figure><figure class='gallery-item'>\n\t\t\t<div class='gallery-icon landscape'>\n\t\t\t\t<a href='https:\/\/sp1.kielce.eu\/wp-content\/uploads\/2017\/04\/5-1.jpg'><img loading=\"lazy\" decoding=\"async\" width=\"150\" height=\"150\" src=\"https:\/\/sp1.kielce.eu\/wp-content\/uploads\/2017\/04\/5-1-150x150.jpg\" class=\"attachment-thumbnail size-thumbnail\" alt=\"ETNA\" aria-describedby=\"gallery-1-1634\" \/><\/a>\n\t\t\t<\/div>\n\t\t\t\t<figcaption class='wp-caption-text gallery-caption' id='gallery-1-1634'>\n\t\t\t\tETNA\n\t\t\t\t<\/figcaption><\/figure><figure class='gallery-item'>\n\t\t\t<div class='gallery-icon landscape'>\n\t\t\t\t<a href='https:\/\/sp1.kielce.eu\/wp-content\/uploads\/2017\/04\/6-1.jpg'><img loading=\"lazy\" decoding=\"async\" width=\"150\" height=\"150\" src=\"https:\/\/sp1.kielce.eu\/wp-content\/uploads\/2017\/04\/6-1-150x150.jpg\" class=\"attachment-thumbnail size-thumbnail\" alt=\"ETNA\" aria-describedby=\"gallery-1-1635\" \/><\/a>\n\t\t\t<\/div>\n\t\t\t\t<figcaption class='wp-caption-text gallery-caption' id='gallery-1-1635'>\n\t\t\t\tETNA\n\t\t\t\t<\/figcaption><\/figure><figure class='gallery-item'>\n\t\t\t<div class='gallery-icon portrait'>\n\t\t\t\t<a href='https:\/\/sp1.kielce.eu\/wp-content\/uploads\/2017\/04\/7.jpg'><img loading=\"lazy\" decoding=\"async\" width=\"150\" height=\"150\" src=\"https:\/\/sp1.kielce.eu\/wp-content\/uploads\/2017\/04\/7-150x150.jpg\" class=\"attachment-thumbnail size-thumbnail\" alt=\"Wyr\u00f3\u017cnienie\" aria-describedby=\"gallery-1-1636\" \/><\/a>\n\t\t\t<\/div>\n\t\t\t\t<figcaption class='wp-caption-text gallery-caption' id='gallery-1-1636'>\n\t\t\t\tWyr\u00f3\u017cnienie\n\t\t\t\t<\/figcaption><\/figure><figure class='gallery-item'>\n\t\t\t<div class='gallery-icon landscape'>\n\t\t\t\t<a href='https:\/\/sp1.kielce.eu\/wp-content\/uploads\/2017\/04\/8.jpg'><img loading=\"lazy\" decoding=\"async\" width=\"150\" height=\"150\" src=\"https:\/\/sp1.kielce.eu\/wp-content\/uploads\/2017\/04\/8-150x150.jpg\" class=\"attachment-thumbnail size-thumbnail\" alt=\"Nagrody\" aria-describedby=\"gallery-1-1637\" \/><\/a>\n\t\t\t<\/div>\n\t\t\t\t<figcaption class='wp-caption-text gallery-caption' id='gallery-1-1637'>\n\t\t\t\tETNA\n\t\t\t\t<\/figcaption><\/figure><figure class='gallery-item'>\n\t\t\t<div class='gallery-icon landscape'>\n\t\t\t\t<a href='https:\/\/sp1.kielce.eu\/wp-content\/uploads\/2017\/04\/9.jpg'><img loading=\"lazy\" decoding=\"async\" width=\"150\" height=\"150\" src=\"https:\/\/sp1.kielce.eu\/wp-content\/uploads\/2017\/04\/9-150x150.jpg\" class=\"attachment-thumbnail size-thumbnail\" alt=\"ETNA\" aria-describedby=\"gallery-1-1638\" \/><\/a>\n\t\t\t<\/div>\n\t\t\t\t<figcaption class='wp-caption-text gallery-caption' id='gallery-1-1638'>\n\t\t\t\tETNA\n\t\t\t\t<\/figcaption><\/figure>\n\t\t<\/div>\n\n","protected":false},"excerpt":{"rendered":"<p>W dniu 08 kwietnia 2017 r. w Hali Sportowo-Rehabilitacyjnej przy Zespole Szk\u00f3\u0142 im. Henryka Sienkiewicza [&hellip;]<\/p>\n","protected":false},"author":13,"featured_media":1631,"comment_status":"closed","ping_status":"open","sticky":false,"template":"","format":"standard","meta":{"footnotes":""},"categories":[21,29],"tags":[83,57],"class_list":["post-1628","post","type-post","status-publish","format-standard","has-post-thumbnail","hentry","category-konkursy","category-etna","tag-etna","tag-turniej-tanca"],"_links":{"self":[{"href":"https:\/\/sp1.kielce.eu\/index.php\/wp-json\/wp\/v2\/posts\/1628","targetHints":{"allow":["GET"]}}],"collection":[{"href":"https:\/\/sp1.kielce.eu\/index.php\/wp-json\/wp\/v2\/posts"}],"about":[{"href":"https:\/\/sp1.kielce.eu\/index.php\/wp-json\/wp\/v2\/types\/post"}],"author":[{"embeddable":true,"href":"https:\/\/sp1.kielce.eu\/index.php\/wp-json\/wp\/v2\/users\/13"}],"replies":[{"embeddable":true,"href":"https:\/\/sp1.kielce.eu\/index.php\/wp-json\/wp\/v2\/comments?post=1628"}],"version-history":[{"count":4,"href":"https:\/\/sp1.kielce.eu\/index.php\/wp-json\/wp\/v2\/posts\/1628\/revisions"}],"predecessor-version":[{"id":1688,"href":"https:\/\/sp1.kielce.eu\/index.php\/wp-json\/wp\/v2\/posts\/1628\/revisions\/1688"}],"wp:featuredmedia":[{"embeddable":true,"href":"https:\/\/sp1.kielce.eu\/index.php\/wp-json\/wp\/v2\/media\/1631"}],"wp:attachment":[{"href":"https:\/\/sp1.kielce.eu\/index.php\/wp-json\/wp\/v2\/media?parent=1628"}],"wp:term":[{"taxonomy":"category","embeddable":true,"href":"https:\/\/sp1.kielce.eu\/index.php\/wp-json\/wp\/v2\/categories?post=1628"},{"taxonomy":"post_tag","embeddable":true,"href":"https:\/\/sp1.kielce.eu\/index.php\/wp-json\/wp\/v2\/tags?post=1628"}],"curies":[{"name":"wp","href":"https:\/\/api.w.org\/{rel}","templated":true}]}}