{"id":16272,"date":"2021-04-27T21:03:00","date_gmt":"2021-04-27T19:03:00","guid":{"rendered":"http:\/\/sp1.kielce.eu\/?p=16272"},"modified":"2023-01-26T22:07:52","modified_gmt":"2023-01-26T21:07:52","slug":"laureat-ii-wojewodzkiego-konkursu-z-informatyki","status":"publish","type":"post","link":"https:\/\/sp1.kielce.eu\/index.php\/2021\/04\/27\/laureat-ii-wojewodzkiego-konkursu-z-informatyki\/","title":{"rendered":"Laureat II Wojew\u00f3dzkiego Konkursu z Informatyki"},"content":{"rendered":"\n<p><strong>Wojciech Graba<\/strong> z klasy 8c uzyska\u0142 tytu\u0142u <strong>Laureata<\/strong> II Wojew\u00f3dzkiego Konkursu z Informatyki dla uczni\u00f3w szk\u00f3\u0142 podstawowych wojew\u00f3dztwa \u015bwi\u0119tokrzyskiego.<\/p>\n\n\n\n<p class=\"has-text-align-right\">nauczyciel informatyki: Dariusz St\u0119pie\u0144<\/p>\n\n\n\n<figure class=\"wp-block-gallery has-nested-images columns-default is-cropped wp-block-gallery-1 is-layout-flex wp-block-gallery-is-layout-flex\">\n<figure class=\"wp-block-image size-large\"><a href=\"http:\/\/sp1.kielce.eu\/wp-content\/uploads\/2021\/07\/graba.jpg\"><img loading=\"lazy\" decoding=\"async\" width=\"632\" height=\"900\" data-id=\"17968\" src=\"http:\/\/sp1.kielce.eu\/wp-content\/uploads\/2021\/07\/graba.jpg\" alt=\"\" class=\"wp-image-17968\" srcset=\"https:\/\/sp1.kielce.eu\/wp-content\/uploads\/2021\/07\/graba.jpg 632w, https:\/\/sp1.kielce.eu\/wp-content\/uploads\/2021\/07\/graba-211x300.jpg 211w\" sizes=\"auto, (max-width: 632px) 100vw, 632px\" \/><\/a><\/figure>\n\n\n\n<figure class=\"wp-block-image size-large\"><a href=\"http:\/\/sp1.kielce.eu\/wp-content\/uploads\/2021\/07\/informatyka.jpg\"><img loading=\"lazy\" decoding=\"async\" width=\"932\" height=\"900\" data-id=\"17969\" src=\"http:\/\/sp1.kielce.eu\/wp-content\/uploads\/2021\/07\/informatyka.jpg\" alt=\"\" class=\"wp-image-17969\" srcset=\"https:\/\/sp1.kielce.eu\/wp-content\/uploads\/2021\/07\/informatyka.jpg 932w, https:\/\/sp1.kielce.eu\/wp-content\/uploads\/2021\/07\/informatyka-300x290.jpg 300w, https:\/\/sp1.kielce.eu\/wp-content\/uploads\/2021\/07\/informatyka-768x742.jpg 768w, https:\/\/sp1.kielce.eu\/wp-content\/uploads\/2021\/07\/informatyka-820x792.jpg 820w\" sizes=\"auto, (max-width: 932px) 100vw, 932px\" \/><\/a><\/figure>\n<\/figure>\n","protected":false},"excerpt":{"rendered":"<p>Wojciech Graba z klasy 8c uzyska\u0142 tytu\u0142u Laureata II Wojew\u00f3dzkiego Konkursu z Informatyki dla uczni\u00f3w [&hellip;]<\/p>\n","protected":false},"author":4,"featured_media":15077,"comment_status":"closed","ping_status":"open","sticky":false,"template":"","format":"standard","meta":{"footnotes":""},"categories":[1,36,10,21],"tags":[],"class_list":["post-16272","post","type-post","status-publish","format-standard","has-post-thumbnail","hentry","category-bez-kategorii","category-wydarzenia","category-konkursy-przedmiotowe","category-konkursy"],"_links":{"self":[{"href":"https:\/\/sp1.kielce.eu\/index.php\/wp-json\/wp\/v2\/posts\/16272","targetHints":{"allow":["GET"]}}],"collection":[{"href":"https:\/\/sp1.kielce.eu\/index.php\/wp-json\/wp\/v2\/posts"}],"about":[{"href":"https:\/\/sp1.kielce.eu\/index.php\/wp-json\/wp\/v2\/types\/post"}],"author":[{"embeddable":true,"href":"https:\/\/sp1.kielce.eu\/index.php\/wp-json\/wp\/v2\/users\/4"}],"replies":[{"embeddable":true,"href":"https:\/\/sp1.kielce.eu\/index.php\/wp-json\/wp\/v2\/comments?post=16272"}],"version-history":[{"count":6,"href":"https:\/\/sp1.kielce.eu\/index.php\/wp-json\/wp\/v2\/posts\/16272\/revisions"}],"predecessor-version":[{"id":26369,"href":"https:\/\/sp1.kielce.eu\/index.php\/wp-json\/wp\/v2\/posts\/16272\/revisions\/26369"}],"wp:featuredmedia":[{"embeddable":true,"href":"https:\/\/sp1.kielce.eu\/index.php\/wp-json\/wp\/v2\/media\/15077"}],"wp:attachment":[{"href":"https:\/\/sp1.kielce.eu\/index.php\/wp-json\/wp\/v2\/media?parent=16272"}],"wp:term":[{"taxonomy":"category","embeddable":true,"href":"https:\/\/sp1.kielce.eu\/index.php\/wp-json\/wp\/v2\/categories?post=16272"},{"taxonomy":"post_tag","embeddable":true,"href":"https:\/\/sp1.kielce.eu\/index.php\/wp-json\/wp\/v2\/tags?post=16272"}],"curies":[{"name":"wp","href":"https:\/\/api.w.org\/{rel}","templated":true}]}}