{"id":16201,"date":"2021-03-31T12:37:06","date_gmt":"2021-03-31T10:37:06","guid":{"rendered":"http:\/\/sp1.kielce.eu\/?p=16201"},"modified":"2021-03-31T23:37:48","modified_gmt":"2021-03-31T21:37:48","slug":"warsztaty-kolazu-ze-swietlica-srodowiskowa-4-katy-filia-nr-3-w-kielcach","status":"publish","type":"post","link":"https:\/\/sp1.kielce.eu\/index.php\/2021\/03\/31\/warsztaty-kolazu-ze-swietlica-srodowiskowa-4-katy-filia-nr-3-w-kielcach\/","title":{"rendered":"Warsztaty kola\u017cu ze \u015awietlic\u0105 \u015arodowiskow\u0105 \u201e4 K\u0104TY\u201d Filia nr 3 w Kielcach"},"content":{"rendered":"\n<p>&nbsp;&nbsp;&nbsp;&nbsp;&nbsp;&nbsp;&nbsp;&nbsp;&nbsp;&nbsp;&nbsp; Nasi uczniowie wzi\u0119li udzia\u0142 w&nbsp;warsztatach on-line prowadzonych przez Pani\u0105 Agat\u0119 Szrek \u2013 pracownika \u015awietlicy \u015arodowiskowej \u201e4&nbsp;K\u0104TY\u201d Filia nr&nbsp;3 w&nbsp;Kielcach. Pani Agata podzieli\u0142a si\u0119 z&nbsp;klas\u0105 6b i&nbsp;3a w\u0142asnymi pomys\u0142ami, materia\u0142ami i&nbsp;inspiracjami. Wyja\u015bni\u0142a, \u017ce zrobienie kola\u017cu nie jest trudne. Kola\u017c to umiej\u0119tne po\u0142\u0105czenie ze sob\u0105 r\u00f3\u017cnych element\u00f3w i&nbsp;technik malarskich w&nbsp;jedn\u0105 ca\u0142o\u015b\u0107. Wa\u017cne jest, by powstaj\u0105ce dzie\u0142o wyra\u017ca\u0142o emocje tw\u00f3rcy i&nbsp;budzi\u0142o prze\u017cycia artystyczne odbiorc\u00f3w.<\/p>\n\n\n\n<p>Pani Agata zaprezentowa\u0142a nam i&nbsp;przekaza\u0142a na rzecz szko\u0142y kola\u017ce nt. \u201eWiosna ze Staszicem\u201d, kt\u00f3re w&nbsp;\u201e4&nbsp;K\u0104TACH\u201d &#8211; pod jej kierunkiem &#8211; wykona\u0142y uczennice klasy 3a \u2013 Lena Bielec i&nbsp;Nina Kozak. Prace o&nbsp;tej samej tematyce samodzielnie wykonali i&nbsp;przekazali szkole: Filip \u0141abuz 1a, Alicja Mo\u0107ko 1a, Zosia Mazur 1a, Ola Basiak 2b, Ola Karpacz 2b, Kuba W\u00f3jcik 2b, Agata Durlik 5a, Kinga Wypych 5a, J\u00f3zia Caraco 5b, Maja Szczytowska 5b, Maja G\u00f3recka 6b, Kasia Ko\u0142cz 6b i&nbsp;Karolina Plech 6b.<\/p>\n\n\n\n<p>&nbsp;&nbsp;&nbsp;&nbsp;&nbsp;&nbsp;&nbsp;&nbsp;&nbsp;&nbsp;&nbsp; Warsztaty kola\u017cu wpisuj\u0105 si\u0119 w&nbsp;realizacj\u0119 innowacji pedagogicznej \u201eJedynkowe pejza\u017ce pi\u00f3rem i&nbsp;p\u0119dzlem malowane\u201d.<\/p>\n\n\n\n<p>Sk\u0142adamy serdeczne podzi\u0119kowania kierownictwu i\u00a0wszystkim pracownikom \u015awietlicy \u015arodowiskowej \u201e4\u00a0K\u0104TY\u201d Filia nr\u00a03 w\u00a0Kielcach za owocn\u0105 wsp\u00f3\u0142prac\u0119, wszelkie inspiracje, otwarto\u015b\u0107 i\u00a0\u017cyczliwo\u015b\u0107! <\/p>\n\n\n\n<p class=\"has-text-align-right\"><em>s. Faustyna M. Czajkowska<\/em><\/p>\n\n\n\n<figure class=\"wp-block-image size-large is-style-default\"><img loading=\"lazy\" decoding=\"async\" width=\"1200\" height=\"675\" src=\"http:\/\/sp1.kielce.eu\/wp-content\/uploads\/2021\/03\/warsztaty-kolazu-1-Copy.jpg\" alt=\"\" class=\"wp-image-16202\" srcset=\"https:\/\/sp1.kielce.eu\/wp-content\/uploads\/2021\/03\/warsztaty-kolazu-1-Copy.jpg 1200w, https:\/\/sp1.kielce.eu\/wp-content\/uploads\/2021\/03\/warsztaty-kolazu-1-Copy-300x169.jpg 300w, https:\/\/sp1.kielce.eu\/wp-content\/uploads\/2021\/03\/warsztaty-kolazu-1-Copy-768x432.jpg 768w, https:\/\/sp1.kielce.eu\/wp-content\/uploads\/2021\/03\/warsztaty-kolazu-1-Copy-820x461.jpg 820w\" sizes=\"auto, (max-width: 1200px) 100vw, 1200px\" \/><\/figure>\n","protected":false},"excerpt":{"rendered":"<p>&nbsp;&nbsp;&nbsp;&nbsp;&nbsp;&nbsp;&nbsp;&nbsp;&nbsp;&nbsp;&nbsp; Nasi uczniowie wzi\u0119li udzia\u0142 w&nbsp;warsztatach on-line prowadzonych przez Pani\u0105 Agat\u0119 Szrek \u2013 pracownika \u015awietlicy [&hellip;]<\/p>\n","protected":false},"author":13,"featured_media":16203,"comment_status":"closed","ping_status":"open","sticky":false,"template":"","format":"standard","meta":{"footnotes":""},"categories":[36],"tags":[],"class_list":["post-16201","post","type-post","status-publish","format-standard","has-post-thumbnail","hentry","category-wydarzenia"],"_links":{"self":[{"href":"https:\/\/sp1.kielce.eu\/index.php\/wp-json\/wp\/v2\/posts\/16201","targetHints":{"allow":["GET"]}}],"collection":[{"href":"https:\/\/sp1.kielce.eu\/index.php\/wp-json\/wp\/v2\/posts"}],"about":[{"href":"https:\/\/sp1.kielce.eu\/index.php\/wp-json\/wp\/v2\/types\/post"}],"author":[{"embeddable":true,"href":"https:\/\/sp1.kielce.eu\/index.php\/wp-json\/wp\/v2\/users\/13"}],"replies":[{"embeddable":true,"href":"https:\/\/sp1.kielce.eu\/index.php\/wp-json\/wp\/v2\/comments?post=16201"}],"version-history":[{"count":1,"href":"https:\/\/sp1.kielce.eu\/index.php\/wp-json\/wp\/v2\/posts\/16201\/revisions"}],"predecessor-version":[{"id":16204,"href":"https:\/\/sp1.kielce.eu\/index.php\/wp-json\/wp\/v2\/posts\/16201\/revisions\/16204"}],"wp:featuredmedia":[{"embeddable":true,"href":"https:\/\/sp1.kielce.eu\/index.php\/wp-json\/wp\/v2\/media\/16203"}],"wp:attachment":[{"href":"https:\/\/sp1.kielce.eu\/index.php\/wp-json\/wp\/v2\/media?parent=16201"}],"wp:term":[{"taxonomy":"category","embeddable":true,"href":"https:\/\/sp1.kielce.eu\/index.php\/wp-json\/wp\/v2\/categories?post=16201"},{"taxonomy":"post_tag","embeddable":true,"href":"https:\/\/sp1.kielce.eu\/index.php\/wp-json\/wp\/v2\/tags?post=16201"}],"curies":[{"name":"wp","href":"https:\/\/api.w.org\/{rel}","templated":true}]}}