{"id":16195,"date":"2021-03-31T12:33:46","date_gmt":"2021-03-31T10:33:46","guid":{"rendered":"http:\/\/sp1.kielce.eu\/?p=16195"},"modified":"2021-03-31T23:34:20","modified_gmt":"2021-03-31T21:34:20","slug":"warsztaty-kaligrafii-z-miejska-biblioteka-publiczna-filia-nr-10-w-kielcach","status":"publish","type":"post","link":"https:\/\/sp1.kielce.eu\/index.php\/2021\/03\/31\/warsztaty-kaligrafii-z-miejska-biblioteka-publiczna-filia-nr-10-w-kielcach\/","title":{"rendered":"Warsztaty kaligrafii z Miejsk\u0105 Bibliotek\u0105 Publiczn\u0105 Filia nr 10 w Kielcach"},"content":{"rendered":"\n<p>Pierwszoklasi\u015bci wzi\u0119li udzia\u0142 w&nbsp;spotkaniu on-line prowadzonym przez Pani\u0105 Joann\u0119 Nowakowsk\u0105 &#8211; kierownika Miejskiej Biblioteki Publicznej Filia nr&nbsp;10 w&nbsp;Kielcach. Pani kierownik przypomnia\u0142a naszym najm\u0142odszym uczniom podstawowe zasady sztuki estetycznego i&nbsp;starannego pisania. Dzi\u0119ki zagadkom dzieci odkrywa\u0142y jak jedna litera potrafi zmieni\u0107 ca\u0142y wyraz.<\/p>\n\n\n\n<p>Pod czujnym okiem wychowawczyni \u2013 p.&nbsp;Iwony Ko\u015bcieleckiej uczniowie klasy 1a kaligrafowali imiona i&nbsp;nazwisko patrona naszej szko\u0142y \u2013 Stanis\u0142aw Wawrzyniec Staszic.<\/p>\n\n\n\n<p>Spotkanie zorganizowane podczas XXIX Tygodnia Kultury J\u0119zyka wpisuje si\u0119 w&nbsp;realizacj\u0119 innowacji pedagogicznej \u2013 \u201eJedynkowe pejza\u017ce pi\u00f3rem i&nbsp;p\u0119dzlem malowane\u201d.<\/p>\n\n\n\n<p>Dzi\u0119ki owocnej wsp\u00f3\u0142pracy oraz ogromnej \u017cyczliwo\u015bci kierownictwa i&nbsp;pracownik\u00f3w Miejskiej Biblioteki Publicznej Filia nr&nbsp;10 w&nbsp;Kielcach \u2013 otrzymali\u015bmy pi\u0119kny dar przekazany przez Pani\u0105 Joann\u0119 Nowakowsk\u0105 na rzecz naszej Szkolnej Biblioteki \u2013 \u201eWielk\u0105 Encyklopedi\u0119 Jana Paw\u0142a&nbsp;II\u201d. Na r\u0119ce Pani Kierownik dzi\u0119kujemy za otwarto\u015b\u0107 i&nbsp;wszelkie dobro!<\/p>\n\n\n\n<p class=\"has-text-align-right\"><em>Iwona Ko\u015bcielecka<\/em><br><em>s. F. M. Czajkowska<\/em><\/p>\n\n\n\n<figure class=\"wp-block-gallery columns-3 is-cropped wp-block-gallery-1 is-layout-flex wp-block-gallery-is-layout-flex\"><ul class=\"blocks-gallery-grid\"><li class=\"blocks-gallery-item\"><figure><a href=\"http:\/\/sp1.kielce.eu\/wp-content\/uploads\/2021\/03\/warsztaty-kaligrafii-2-Copy.jpg\"><img loading=\"lazy\" decoding=\"async\" width=\"1200\" height=\"675\" src=\"http:\/\/sp1.kielce.eu\/wp-content\/uploads\/2021\/03\/warsztaty-kaligrafii-2-Copy.jpg\" alt=\"\" data-id=\"16196\" data-full-url=\"http:\/\/sp1.kielce.eu\/wp-content\/uploads\/2021\/03\/warsztaty-kaligrafii-2-Copy.jpg\" data-link=\"http:\/\/sp1.kielce.eu\/?attachment_id=16196\" class=\"wp-image-16196\" srcset=\"https:\/\/sp1.kielce.eu\/wp-content\/uploads\/2021\/03\/warsztaty-kaligrafii-2-Copy.jpg 1200w, https:\/\/sp1.kielce.eu\/wp-content\/uploads\/2021\/03\/warsztaty-kaligrafii-2-Copy-300x169.jpg 300w, https:\/\/sp1.kielce.eu\/wp-content\/uploads\/2021\/03\/warsztaty-kaligrafii-2-Copy-768x432.jpg 768w, https:\/\/sp1.kielce.eu\/wp-content\/uploads\/2021\/03\/warsztaty-kaligrafii-2-Copy-820x461.jpg 820w\" sizes=\"auto, (max-width: 1200px) 100vw, 1200px\" \/><\/a><\/figure><\/li><li class=\"blocks-gallery-item\"><figure><a href=\"http:\/\/sp1.kielce.eu\/wp-content\/uploads\/2021\/03\/warsztaty-kaligrafii-3-Copy.jpg\"><img loading=\"lazy\" decoding=\"async\" width=\"1200\" height=\"675\" src=\"http:\/\/sp1.kielce.eu\/wp-content\/uploads\/2021\/03\/warsztaty-kaligrafii-3-Copy.jpg\" alt=\"\" data-id=\"16197\" data-full-url=\"http:\/\/sp1.kielce.eu\/wp-content\/uploads\/2021\/03\/warsztaty-kaligrafii-3-Copy.jpg\" data-link=\"http:\/\/sp1.kielce.eu\/?attachment_id=16197\" class=\"wp-image-16197\" srcset=\"https:\/\/sp1.kielce.eu\/wp-content\/uploads\/2021\/03\/warsztaty-kaligrafii-3-Copy.jpg 1200w, https:\/\/sp1.kielce.eu\/wp-content\/uploads\/2021\/03\/warsztaty-kaligrafii-3-Copy-300x169.jpg 300w, https:\/\/sp1.kielce.eu\/wp-content\/uploads\/2021\/03\/warsztaty-kaligrafii-3-Copy-768x432.jpg 768w, https:\/\/sp1.kielce.eu\/wp-content\/uploads\/2021\/03\/warsztaty-kaligrafii-3-Copy-820x461.jpg 820w\" sizes=\"auto, (max-width: 1200px) 100vw, 1200px\" \/><\/a><\/figure><\/li><li class=\"blocks-gallery-item\"><figure><a href=\"http:\/\/sp1.kielce.eu\/wp-content\/uploads\/2021\/03\/warsztaty-kaligrafii-4-Copy.jpg\"><img loading=\"lazy\" decoding=\"async\" width=\"1200\" height=\"675\" src=\"http:\/\/sp1.kielce.eu\/wp-content\/uploads\/2021\/03\/warsztaty-kaligrafii-4-Copy.jpg\" alt=\"\" data-id=\"16198\" data-full-url=\"http:\/\/sp1.kielce.eu\/wp-content\/uploads\/2021\/03\/warsztaty-kaligrafii-4-Copy.jpg\" data-link=\"http:\/\/sp1.kielce.eu\/?attachment_id=16198\" class=\"wp-image-16198\" srcset=\"https:\/\/sp1.kielce.eu\/wp-content\/uploads\/2021\/03\/warsztaty-kaligrafii-4-Copy.jpg 1200w, https:\/\/sp1.kielce.eu\/wp-content\/uploads\/2021\/03\/warsztaty-kaligrafii-4-Copy-300x169.jpg 300w, https:\/\/sp1.kielce.eu\/wp-content\/uploads\/2021\/03\/warsztaty-kaligrafii-4-Copy-768x432.jpg 768w, https:\/\/sp1.kielce.eu\/wp-content\/uploads\/2021\/03\/warsztaty-kaligrafii-4-Copy-820x461.jpg 820w\" sizes=\"auto, (max-width: 1200px) 100vw, 1200px\" \/><\/a><\/figure><\/li><\/ul><\/figure>\n","protected":false},"excerpt":{"rendered":"<p>Pierwszoklasi\u015bci wzi\u0119li udzia\u0142 w&nbsp;spotkaniu on-line prowadzonym przez Pani\u0105 Joann\u0119 Nowakowsk\u0105 &#8211; kierownika Miejskiej Biblioteki Publicznej [&hellip;]<\/p>\n","protected":false},"author":13,"featured_media":16199,"comment_status":"closed","ping_status":"open","sticky":false,"template":"","format":"standard","meta":{"footnotes":""},"categories":[36],"tags":[],"class_list":["post-16195","post","type-post","status-publish","format-standard","has-post-thumbnail","hentry","category-wydarzenia"],"_links":{"self":[{"href":"https:\/\/sp1.kielce.eu\/index.php\/wp-json\/wp\/v2\/posts\/16195","targetHints":{"allow":["GET"]}}],"collection":[{"href":"https:\/\/sp1.kielce.eu\/index.php\/wp-json\/wp\/v2\/posts"}],"about":[{"href":"https:\/\/sp1.kielce.eu\/index.php\/wp-json\/wp\/v2\/types\/post"}],"author":[{"embeddable":true,"href":"https:\/\/sp1.kielce.eu\/index.php\/wp-json\/wp\/v2\/users\/13"}],"replies":[{"embeddable":true,"href":"https:\/\/sp1.kielce.eu\/index.php\/wp-json\/wp\/v2\/comments?post=16195"}],"version-history":[{"count":1,"href":"https:\/\/sp1.kielce.eu\/index.php\/wp-json\/wp\/v2\/posts\/16195\/revisions"}],"predecessor-version":[{"id":16200,"href":"https:\/\/sp1.kielce.eu\/index.php\/wp-json\/wp\/v2\/posts\/16195\/revisions\/16200"}],"wp:featuredmedia":[{"embeddable":true,"href":"https:\/\/sp1.kielce.eu\/index.php\/wp-json\/wp\/v2\/media\/16199"}],"wp:attachment":[{"href":"https:\/\/sp1.kielce.eu\/index.php\/wp-json\/wp\/v2\/media?parent=16195"}],"wp:term":[{"taxonomy":"category","embeddable":true,"href":"https:\/\/sp1.kielce.eu\/index.php\/wp-json\/wp\/v2\/categories?post=16195"},{"taxonomy":"post_tag","embeddable":true,"href":"https:\/\/sp1.kielce.eu\/index.php\/wp-json\/wp\/v2\/tags?post=16195"}],"curies":[{"name":"wp","href":"https:\/\/api.w.org\/{rel}","templated":true}]}}