{"id":16088,"date":"2021-03-31T10:05:44","date_gmt":"2021-03-31T08:05:44","guid":{"rendered":"http:\/\/sp1.kielce.eu\/?p=16088"},"modified":"2021-03-31T01:06:11","modified_gmt":"2021-03-30T23:06:11","slug":"2-kwietnia-to-swiatowy-dzien-swiadomosci-autyzmu","status":"publish","type":"post","link":"https:\/\/sp1.kielce.eu\/index.php\/2021\/03\/31\/2-kwietnia-to-swiatowy-dzien-swiadomosci-autyzmu\/","title":{"rendered":"2 kwietnia to \u015awiatowy Dzie\u0144 \u015awiadomo\u015bci Autyzmu"},"content":{"rendered":"\n<p>\u015awiatowy Dzie\u0144 \u015awiadomo\u015bci Autyzmu zosta\u0142 ustanowiony w&nbsp;2007&nbsp;r. przez Zgromadzenie Og\u00f3lne ONZ z&nbsp;inicjatywy Kataru, by zwr\u00f3ci\u0107 uwag\u0119 na dyskryminacj\u0119 i&nbsp;izolacj\u0119 ludzi dotkni\u0119tych autyzmem i&nbsp;ich najbli\u017cszych.<\/p>\n\n\n\n<p>Autyzm jest w\u015br\u00f3d nas. Wystarczy go pozna\u0107. Wystarczy zrozumie\u0107, aby zmieni\u0107 \u015bwiat os\u00f3b z&nbsp;autyzmem na lepszy.<\/p>\n\n\n\n<p>Dlatego uczniowie naszej szko\u0142y na lekcjach stacjonarnych (I-III) i\u00a0lekcjach on line (IV-VIII), zapoznawali si\u0119 z\u00a0tym tak wa\u017cnym i\u00a0coraz bardziej powszechnym tematem. Ogl\u0105dali filmy, kt\u00f3re ich wprowadzi\u0142y w\u00a0tematyk\u0119 autyzmu, maj\u0105ce na celu podnoszenie \u015bwiadomo\u015bci dzieci i\u00a0m\u0142odzie\u017cy, budowanie zrozumienia i\u00a0akceptacji w\u00a0przysz\u0142ych pokoleniach.<\/p>\n\n\n\n<p><\/p>\n\n\n\n<p><a href=\"https:\/\/www.youtube.com\/watch?v=QLv-dvLCgAg\">https:\/\/www.youtube.com\/watch?v=QLv-dvLCgAg<\/a><\/p>\n\n\n\n<p><a href=\"https:\/\/www.youtube.com\/watch?v=dOWTCiZOgV0\">https:\/\/www.youtube.com\/watch?v=dOWTCiZOgV0<\/a><\/p>\n\n\n\n<p><a href=\"\"><\/a>Razem mo\u017cemy zmieni\u0107 nastawienie ludzi do os\u00f3b z\u00a0autyzmem.<\/p>\n\n\n\n<p class=\"has-text-align-right\">Beata Smag\u00f3r<br>Kinga Kozie\u0142<br>Agnieszka Rycombel<\/p>\n\n\n\n<figure class=\"wp-block-gallery columns-4 is-cropped wp-block-gallery-1 is-layout-flex wp-block-gallery-is-layout-flex\"><ul class=\"blocks-gallery-grid\"><li class=\"blocks-gallery-item\"><figure><a href=\"http:\/\/sp1.kielce.eu\/wp-content\/uploads\/2021\/03\/20210319_082908-Copy.jpg\"><img loading=\"lazy\" decoding=\"async\" width=\"886\" height=\"900\" src=\"http:\/\/sp1.kielce.eu\/wp-content\/uploads\/2021\/03\/20210319_082908-Copy.jpg\" alt=\"\" data-id=\"16090\" data-full-url=\"http:\/\/sp1.kielce.eu\/wp-content\/uploads\/2021\/03\/20210319_082908-Copy.jpg\" data-link=\"http:\/\/sp1.kielce.eu\/?attachment_id=16090\" class=\"wp-image-16090\" srcset=\"https:\/\/sp1.kielce.eu\/wp-content\/uploads\/2021\/03\/20210319_082908-Copy.jpg 886w, https:\/\/sp1.kielce.eu\/wp-content\/uploads\/2021\/03\/20210319_082908-Copy-295x300.jpg 295w, https:\/\/sp1.kielce.eu\/wp-content\/uploads\/2021\/03\/20210319_082908-Copy-768x780.jpg 768w, https:\/\/sp1.kielce.eu\/wp-content\/uploads\/2021\/03\/20210319_082908-Copy-820x833.jpg 820w\" sizes=\"auto, (max-width: 886px) 100vw, 886px\" \/><\/a><\/figure><\/li><li class=\"blocks-gallery-item\"><figure><a href=\"http:\/\/sp1.kielce.eu\/wp-content\/uploads\/2021\/03\/20210319_083150-Copy.jpg\"><img loading=\"lazy\" decoding=\"async\" width=\"675\" height=\"900\" src=\"http:\/\/sp1.kielce.eu\/wp-content\/uploads\/2021\/03\/20210319_083150-Copy.jpg\" alt=\"\" data-id=\"16091\" data-full-url=\"http:\/\/sp1.kielce.eu\/wp-content\/uploads\/2021\/03\/20210319_083150-Copy.jpg\" data-link=\"http:\/\/sp1.kielce.eu\/?attachment_id=16091\" class=\"wp-image-16091\" srcset=\"https:\/\/sp1.kielce.eu\/wp-content\/uploads\/2021\/03\/20210319_083150-Copy.jpg 675w, https:\/\/sp1.kielce.eu\/wp-content\/uploads\/2021\/03\/20210319_083150-Copy-225x300.jpg 225w\" sizes=\"auto, (max-width: 675px) 100vw, 675px\" \/><\/a><\/figure><\/li><li class=\"blocks-gallery-item\"><figure><a href=\"http:\/\/sp1.kielce.eu\/wp-content\/uploads\/2021\/03\/20210319_115136-Copy.jpg\"><img loading=\"lazy\" decoding=\"async\" width=\"1200\" height=\"308\" src=\"http:\/\/sp1.kielce.eu\/wp-content\/uploads\/2021\/03\/20210319_115136-Copy.jpg\" alt=\"\" data-id=\"16092\" data-full-url=\"http:\/\/sp1.kielce.eu\/wp-content\/uploads\/2021\/03\/20210319_115136-Copy.jpg\" data-link=\"http:\/\/sp1.kielce.eu\/?attachment_id=16092\" class=\"wp-image-16092\" srcset=\"https:\/\/sp1.kielce.eu\/wp-content\/uploads\/2021\/03\/20210319_115136-Copy.jpg 1200w, https:\/\/sp1.kielce.eu\/wp-content\/uploads\/2021\/03\/20210319_115136-Copy-300x77.jpg 300w, https:\/\/sp1.kielce.eu\/wp-content\/uploads\/2021\/03\/20210319_115136-Copy-768x197.jpg 768w, https:\/\/sp1.kielce.eu\/wp-content\/uploads\/2021\/03\/20210319_115136-Copy-820x210.jpg 820w\" sizes=\"auto, (max-width: 1200px) 100vw, 1200px\" \/><\/a><\/figure><\/li><li class=\"blocks-gallery-item\"><figure><a href=\"http:\/\/sp1.kielce.eu\/wp-content\/uploads\/2021\/03\/20210319_115303-Copy.jpg\"><img loading=\"lazy\" decoding=\"async\" width=\"1200\" height=\"553\" src=\"http:\/\/sp1.kielce.eu\/wp-content\/uploads\/2021\/03\/20210319_115303-Copy.jpg\" alt=\"\" data-id=\"16093\" data-full-url=\"http:\/\/sp1.kielce.eu\/wp-content\/uploads\/2021\/03\/20210319_115303-Copy.jpg\" data-link=\"http:\/\/sp1.kielce.eu\/?attachment_id=16093\" class=\"wp-image-16093\" srcset=\"https:\/\/sp1.kielce.eu\/wp-content\/uploads\/2021\/03\/20210319_115303-Copy.jpg 1200w, https:\/\/sp1.kielce.eu\/wp-content\/uploads\/2021\/03\/20210319_115303-Copy-300x138.jpg 300w, https:\/\/sp1.kielce.eu\/wp-content\/uploads\/2021\/03\/20210319_115303-Copy-768x354.jpg 768w, https:\/\/sp1.kielce.eu\/wp-content\/uploads\/2021\/03\/20210319_115303-Copy-820x378.jpg 820w\" sizes=\"auto, (max-width: 1200px) 100vw, 1200px\" \/><\/a><\/figure><\/li><\/ul><\/figure>\n","protected":false},"excerpt":{"rendered":"<p>\u015awiatowy Dzie\u0144 \u015awiadomo\u015bci Autyzmu zosta\u0142 ustanowiony w&nbsp;2007&nbsp;r. przez Zgromadzenie Og\u00f3lne ONZ z&nbsp;inicjatywy Kataru, by zwr\u00f3ci\u0107 [&hellip;]<\/p>\n","protected":false},"author":13,"featured_media":16095,"comment_status":"closed","ping_status":"open","sticky":false,"template":"","format":"standard","meta":{"footnotes":""},"categories":[36],"tags":[],"class_list":["post-16088","post","type-post","status-publish","format-standard","has-post-thumbnail","hentry","category-wydarzenia"],"_links":{"self":[{"href":"https:\/\/sp1.kielce.eu\/index.php\/wp-json\/wp\/v2\/posts\/16088","targetHints":{"allow":["GET"]}}],"collection":[{"href":"https:\/\/sp1.kielce.eu\/index.php\/wp-json\/wp\/v2\/posts"}],"about":[{"href":"https:\/\/sp1.kielce.eu\/index.php\/wp-json\/wp\/v2\/types\/post"}],"author":[{"embeddable":true,"href":"https:\/\/sp1.kielce.eu\/index.php\/wp-json\/wp\/v2\/users\/13"}],"replies":[{"embeddable":true,"href":"https:\/\/sp1.kielce.eu\/index.php\/wp-json\/wp\/v2\/comments?post=16088"}],"version-history":[{"count":3,"href":"https:\/\/sp1.kielce.eu\/index.php\/wp-json\/wp\/v2\/posts\/16088\/revisions"}],"predecessor-version":[{"id":16096,"href":"https:\/\/sp1.kielce.eu\/index.php\/wp-json\/wp\/v2\/posts\/16088\/revisions\/16096"}],"wp:featuredmedia":[{"embeddable":true,"href":"https:\/\/sp1.kielce.eu\/index.php\/wp-json\/wp\/v2\/media\/16095"}],"wp:attachment":[{"href":"https:\/\/sp1.kielce.eu\/index.php\/wp-json\/wp\/v2\/media?parent=16088"}],"wp:term":[{"taxonomy":"category","embeddable":true,"href":"https:\/\/sp1.kielce.eu\/index.php\/wp-json\/wp\/v2\/categories?post=16088"},{"taxonomy":"post_tag","embeddable":true,"href":"https:\/\/sp1.kielce.eu\/index.php\/wp-json\/wp\/v2\/tags?post=16088"}],"curies":[{"name":"wp","href":"https:\/\/api.w.org\/{rel}","templated":true}]}}