{"id":16073,"date":"2021-03-30T15:34:05","date_gmt":"2021-03-30T13:34:05","guid":{"rendered":"http:\/\/sp1.kielce.eu\/?p=16073"},"modified":"2021-03-30T17:54:23","modified_gmt":"2021-03-30T15:54:23","slug":"zyczenia-wielkanocne-dla-misjonarzy","status":"publish","type":"post","link":"https:\/\/sp1.kielce.eu\/index.php\/2021\/03\/30\/zyczenia-wielkanocne-dla-misjonarzy\/","title":{"rendered":"\u017byczenia wielkanocne dla misjonarzy"},"content":{"rendered":"\n<p>&nbsp;&nbsp;&nbsp;&nbsp;&nbsp;&nbsp;&nbsp;&nbsp;&nbsp;&nbsp;&nbsp; Opr\u00f3cz wsparcia materialnego wszystkim misjonarzom potrzebne jest tak\u017ce wsparcie emocjonalne i&nbsp;duchowe, gdy\u017c pracuj\u0105 oni cz\u0119sto w&nbsp;skrajnie trudnych warunkach.<\/p>\n\n\n\n<p>W tym przed\u015bwi\u0105tecznym czasie, kiedy ju\u017c wkr\u00f3tce b\u0119dziemy dzieli\u0107 si\u0119 wielkanocn\u0105 rado\u015bci\u0105, nie zapominamy o&nbsp;naszych misjonarkach pracuj\u0105cych w&nbsp;Kamerunie. Dla misjonarek, ich wsp\u00f3\u0142pracownik\u00f3w i&nbsp;tych, w\u015br\u00f3d kt\u00f3rych \u017cyj\u0105 i&nbsp;dzia\u0142aj\u0105 przesy\u0142amy najlepsze \u017cyczenia wielkanocne. W&nbsp;naszym imieniu \u017cyczenia wypowiedzieli uczniowie klasy 2b.<\/p>\n\n\n\n<p>Do \u017cycze\u0144 do\u0142\u0105cza oczywi\u015bcie ca\u0142a spo\u0142eczno\u015b\u0107 naszej szko\u0142y a&nbsp;szczeg\u00f3lnie wychowawcy klas 1-3 oraz katecheci realizuj\u0105cy Og\u00f3lnopolski projekt \u201eMisje z&nbsp;PASJ\u0104\u201d! Radosnego alleluja!<\/p>\n\n\n\n<p class=\"has-text-align-right\"><em>Wychowawcy klas 1-3 oraz Katecheci SP1<\/em><\/p>\n\n\n\n<div class=\"wp-block-image\"><figure class=\"aligncenter size-large\"><a href=\"https:\/\/sp1kielce-my.sharepoint.com\/:v:\/g\/personal\/mczajkowska2_e-sp1_kielce_eu\/EeBuZjGN2dZKv-FvWZJcKIABTQVnhQNmVtCD2f7cNDbMLA?e=OlPjvb\"><img loading=\"lazy\" decoding=\"async\" width=\"1200\" height=\"675\" src=\"http:\/\/sp1.kielce.eu\/wp-content\/uploads\/2021\/03\/zdjecie-do-linku-Zyczenia-dla-misjonarzy-Copy.jpg\" alt=\"\" class=\"wp-image-16077\" srcset=\"https:\/\/sp1.kielce.eu\/wp-content\/uploads\/2021\/03\/zdjecie-do-linku-Zyczenia-dla-misjonarzy-Copy.jpg 1200w, https:\/\/sp1.kielce.eu\/wp-content\/uploads\/2021\/03\/zdjecie-do-linku-Zyczenia-dla-misjonarzy-Copy-300x169.jpg 300w, https:\/\/sp1.kielce.eu\/wp-content\/uploads\/2021\/03\/zdjecie-do-linku-Zyczenia-dla-misjonarzy-Copy-768x432.jpg 768w, https:\/\/sp1.kielce.eu\/wp-content\/uploads\/2021\/03\/zdjecie-do-linku-Zyczenia-dla-misjonarzy-Copy-820x461.jpg 820w\" sizes=\"auto, (max-width: 1200px) 100vw, 1200px\" \/><\/a><figcaption><strong>\u017byczenia wielkanocne dla misjonarzy<\/strong> &#8211; kliknij na zdj\u0119cie<\/figcaption><\/figure><\/div>\n\n\n\n<p><\/p>\n","protected":false},"excerpt":{"rendered":"<p>&nbsp;&nbsp;&nbsp;&nbsp;&nbsp;&nbsp;&nbsp;&nbsp;&nbsp;&nbsp;&nbsp; Opr\u00f3cz wsparcia materialnego wszystkim misjonarzom potrzebne jest tak\u017ce wsparcie emocjonalne i&nbsp;duchowe, gdy\u017c pracuj\u0105 oni [&hellip;]<\/p>\n","protected":false},"author":13,"featured_media":16075,"comment_status":"closed","ping_status":"open","sticky":false,"template":"","format":"standard","meta":{"footnotes":""},"categories":[36],"tags":[],"class_list":["post-16073","post","type-post","status-publish","format-standard","has-post-thumbnail","hentry","category-wydarzenia"],"_links":{"self":[{"href":"https:\/\/sp1.kielce.eu\/index.php\/wp-json\/wp\/v2\/posts\/16073","targetHints":{"allow":["GET"]}}],"collection":[{"href":"https:\/\/sp1.kielce.eu\/index.php\/wp-json\/wp\/v2\/posts"}],"about":[{"href":"https:\/\/sp1.kielce.eu\/index.php\/wp-json\/wp\/v2\/types\/post"}],"author":[{"embeddable":true,"href":"https:\/\/sp1.kielce.eu\/index.php\/wp-json\/wp\/v2\/users\/13"}],"replies":[{"embeddable":true,"href":"https:\/\/sp1.kielce.eu\/index.php\/wp-json\/wp\/v2\/comments?post=16073"}],"version-history":[{"count":4,"href":"https:\/\/sp1.kielce.eu\/index.php\/wp-json\/wp\/v2\/posts\/16073\/revisions"}],"predecessor-version":[{"id":16078,"href":"https:\/\/sp1.kielce.eu\/index.php\/wp-json\/wp\/v2\/posts\/16073\/revisions\/16078"}],"wp:featuredmedia":[{"embeddable":true,"href":"https:\/\/sp1.kielce.eu\/index.php\/wp-json\/wp\/v2\/media\/16075"}],"wp:attachment":[{"href":"https:\/\/sp1.kielce.eu\/index.php\/wp-json\/wp\/v2\/media?parent=16073"}],"wp:term":[{"taxonomy":"category","embeddable":true,"href":"https:\/\/sp1.kielce.eu\/index.php\/wp-json\/wp\/v2\/categories?post=16073"},{"taxonomy":"post_tag","embeddable":true,"href":"https:\/\/sp1.kielce.eu\/index.php\/wp-json\/wp\/v2\/tags?post=16073"}],"curies":[{"name":"wp","href":"https:\/\/api.w.org\/{rel}","templated":true}]}}