{"id":16027,"date":"2021-03-29T09:18:58","date_gmt":"2021-03-29T07:18:58","guid":{"rendered":"http:\/\/sp1.kielce.eu\/?p=16027"},"modified":"2021-07-01T23:46:26","modified_gmt":"2021-07-01T21:46:26","slug":"ogolnopolski-konkurs-polonistyczny-fraszka-wyniki","status":"publish","type":"post","link":"https:\/\/sp1.kielce.eu\/index.php\/2021\/03\/29\/ogolnopolski-konkurs-polonistyczny-fraszka-wyniki\/","title":{"rendered":"Og\u00f3lnopolski konkurs polonistyczny &#8222;Fraszka&#8221; &#8211; wyniki"},"content":{"rendered":"\n<p> Komitet Organizacyjny O.K.P. FRASZKA przes\u0142a\u0142 wyniki tegorocznej edycji konkursu. Z przyjemno\u015bci\u0105 informujemy, \u017ce<strong> LAUREATEM KRAJOWYM<\/strong>  w kategorii ADEPT zosta\u0142\u201a <strong>Wojciech Graba, ucze\u0144 klasy 8 c<\/strong>, otrzymuj\u0105c 37 punkt\u00f3w. Gratulacje!<\/p>\n\n\n\n<p> Na szczeg\u00f3lne wyrazy uznania- ze wzgl\u0119du na wysoki stopie\u0144 trudno\u015bci zada\u0144 konkursowych- zas\u0142uguj\u0105 r\u00f3wnie\u017c uczniowie, kt\u00f3rzy otrzymali wyr\u00f3\u017cnienia. S\u0105 to: <\/p>\n\n\n\n<p>&#8211; Bianka Be\u0144 33 p.<\/p>\n\n\n\n<p> &#8211; Natalia Jantarska 31 p.<\/p>\n\n\n\n<p> &#8211; Emilia Bonar 31 p.<\/p>\n\n\n\n<p> &#8211; Izabela G\u0142azowska 30 p.<\/p>\n\n\n\n<p> &#8211; Mateusz Grot 29 p.<\/p>\n\n\n\n<p> &#8211; Oliwia Glita 28 p.<\/p>\n\n\n\n<p> &#8211; Ewa Kwieci\u0144ska 28 p<\/p>\n\n\n\n<p>&#8211; Nikola Chrzanowska 26 p.<\/p>\n\n\n\n<p>&#8211; Dorota Piwko 25 p.<\/p>\n\n\n\n<p>&#8211; Pola Ponikowska 25 p. <\/p>\n\n\n\n<p>&#8211; Maja Choi\u0144ska 24 p. <\/p>\n\n\n\n<p>&#8211; Karolina Piwko 24 p.<\/p>\n\n\n\n<p> Dyplomy uznania za udzia\u0142\u201a otrzymuj\u0105: Alicja Bolek- 21 p. oraz Gabriela Barucha- 13 p.<\/p>\n\n\n\n<p> Osi\u0105gni\u0119cia w w\/w konkursie odnotowywane s\u0105 na \u015bwiadectwie szkolnym.                                                   Nauczycielka j\u0119zyka polskiego i szkolny koordynator konkursu                                                                                 &#8211; Renata Petrus <\/p>\n\n\n\n<p><\/p>\n","protected":false},"excerpt":{"rendered":"<p>Komitet Organizacyjny O.K.P. FRASZKA przes\u0142a\u0142 wyniki tegorocznej edycji konkursu. Z przyjemno\u015bci\u0105 informujemy, \u017ce LAUREATEM KRAJOWYM [&hellip;]<\/p>\n","protected":false},"author":5,"featured_media":16028,"comment_status":"closed","ping_status":"open","sticky":false,"template":"","format":"standard","meta":{"footnotes":""},"categories":[36,10,21],"tags":[],"class_list":["post-16027","post","type-post","status-publish","format-standard","has-post-thumbnail","hentry","category-wydarzenia","category-konkursy-przedmiotowe","category-konkursy"],"_links":{"self":[{"href":"https:\/\/sp1.kielce.eu\/index.php\/wp-json\/wp\/v2\/posts\/16027","targetHints":{"allow":["GET"]}}],"collection":[{"href":"https:\/\/sp1.kielce.eu\/index.php\/wp-json\/wp\/v2\/posts"}],"about":[{"href":"https:\/\/sp1.kielce.eu\/index.php\/wp-json\/wp\/v2\/types\/post"}],"author":[{"embeddable":true,"href":"https:\/\/sp1.kielce.eu\/index.php\/wp-json\/wp\/v2\/users\/5"}],"replies":[{"embeddable":true,"href":"https:\/\/sp1.kielce.eu\/index.php\/wp-json\/wp\/v2\/comments?post=16027"}],"version-history":[{"count":3,"href":"https:\/\/sp1.kielce.eu\/index.php\/wp-json\/wp\/v2\/posts\/16027\/revisions"}],"predecessor-version":[{"id":16031,"href":"https:\/\/sp1.kielce.eu\/index.php\/wp-json\/wp\/v2\/posts\/16027\/revisions\/16031"}],"wp:featuredmedia":[{"embeddable":true,"href":"https:\/\/sp1.kielce.eu\/index.php\/wp-json\/wp\/v2\/media\/16028"}],"wp:attachment":[{"href":"https:\/\/sp1.kielce.eu\/index.php\/wp-json\/wp\/v2\/media?parent=16027"}],"wp:term":[{"taxonomy":"category","embeddable":true,"href":"https:\/\/sp1.kielce.eu\/index.php\/wp-json\/wp\/v2\/categories?post=16027"},{"taxonomy":"post_tag","embeddable":true,"href":"https:\/\/sp1.kielce.eu\/index.php\/wp-json\/wp\/v2\/tags?post=16027"}],"curies":[{"name":"wp","href":"https:\/\/api.w.org\/{rel}","templated":true}]}}