{"id":16012,"date":"2021-03-29T07:10:21","date_gmt":"2021-03-29T05:10:21","guid":{"rendered":"http:\/\/sp1.kielce.eu\/?p=16012"},"modified":"2021-03-29T00:27:33","modified_gmt":"2021-03-28T22:27:33","slug":"stacje-drogi-krzyzowej","status":"publish","type":"post","link":"https:\/\/sp1.kielce.eu\/index.php\/2021\/03\/29\/stacje-drogi-krzyzowej\/","title":{"rendered":"Stacje Drogi Krzy\u017cowej"},"content":{"rendered":"\n<p>W ramach realizacji Og\u00f3lnopolskiego projektu \u201eMisje z&nbsp;Pasj\u0105\u201d uczniowie naszej szko\u0142y, wzi\u0119li udzia\u0142 w&nbsp;konkursie plastycznym zorganizowanym przez Parafi\u0119 \u015bw. J\u00f3zefa. Na swoich rysunkach dzieci przedstawi\u0142y stacje Drogi Krzy\u017cowej. Z&nbsp;entuzjazmem i&nbsp;z&nbsp;mi\u0142o\u015bci\u0105 prezentowali elementy pasji Pana Jezusa. Najlepsze prace zg\u0142osili: Zofia So\u0142tysiak \u2013 kl.&nbsp;1c, Filip \u0141abuz \u2013 kl.&nbsp;1a, Julia Wo\u017aniak \u2013 kl.&nbsp;1a, Maria Mazur \u2013 kl.&nbsp;1c, Ma\u0142gorzata Adydan \u2013 kl.&nbsp;2a, Marcelina Graba \u2013 kl.&nbsp;2a oraz Jadwiga Cedro \u2013 kl.&nbsp;2a.<\/p>\n\n\n\n<p>&nbsp;&nbsp;&nbsp;&nbsp;&nbsp;&nbsp;&nbsp;&nbsp;&nbsp;&nbsp;&nbsp; W okresie wielkiego postu uczniowie klas 3a i&nbsp;3b reprezentowali nasz\u0105 szko\u0142\u0119 w&nbsp;Parafii \u015bw. J\u00f3zefa czytaj\u0105c rozwa\u017cania M\u0119ki Pa\u0144skiej. W&nbsp;ramach projektu \u201eMisje z Pasj\u0105\u201d pog\u0142\u0119biali znajomo\u015b\u0107 duchowo\u015bci pasyjnej.<\/p>\n\n\n\n<p>Uczniowie Szko\u0142y Podstawowej nr\u00a01 realizuj\u0105 projekt pod kierunkiem wychowawc\u00f3w klas 1-3 i\u00a0katechet\u00f3w.<\/p>\n\n\n\n<p class=\"has-text-align-right\"><em>Wychowawcy klas 1-3 oraz Katecheci SP1<\/em><\/p>\n\n\n\n<figure class=\"wp-block-gallery columns-2 is-cropped wp-block-gallery-1 is-layout-flex wp-block-gallery-is-layout-flex\"><ul class=\"blocks-gallery-grid\"><li class=\"blocks-gallery-item\"><figure><a href=\"http:\/\/sp1.kielce.eu\/wp-content\/uploads\/2021\/03\/1-droga-krzyz-Copy.jpg\"><img loading=\"lazy\" decoding=\"async\" width=\"1200\" height=\"675\" src=\"http:\/\/sp1.kielce.eu\/wp-content\/uploads\/2021\/03\/1-droga-krzyz-Copy.jpg\" alt=\"\" data-id=\"16013\" data-full-url=\"http:\/\/sp1.kielce.eu\/wp-content\/uploads\/2021\/03\/1-droga-krzyz-Copy.jpg\" data-link=\"http:\/\/sp1.kielce.eu\/?attachment_id=16013\" class=\"wp-image-16013\" srcset=\"https:\/\/sp1.kielce.eu\/wp-content\/uploads\/2021\/03\/1-droga-krzyz-Copy.jpg 1200w, https:\/\/sp1.kielce.eu\/wp-content\/uploads\/2021\/03\/1-droga-krzyz-Copy-300x169.jpg 300w, https:\/\/sp1.kielce.eu\/wp-content\/uploads\/2021\/03\/1-droga-krzyz-Copy-768x432.jpg 768w, https:\/\/sp1.kielce.eu\/wp-content\/uploads\/2021\/03\/1-droga-krzyz-Copy-820x461.jpg 820w\" sizes=\"auto, (max-width: 1200px) 100vw, 1200px\" \/><\/a><\/figure><\/li><li class=\"blocks-gallery-item\"><figure><a href=\"http:\/\/sp1.kielce.eu\/wp-content\/uploads\/2021\/03\/2-droga-krzyz-Copy.jpg\"><img loading=\"lazy\" decoding=\"async\" width=\"1200\" height=\"675\" src=\"http:\/\/sp1.kielce.eu\/wp-content\/uploads\/2021\/03\/2-droga-krzyz-Copy.jpg\" alt=\"\" data-id=\"16014\" data-full-url=\"http:\/\/sp1.kielce.eu\/wp-content\/uploads\/2021\/03\/2-droga-krzyz-Copy.jpg\" data-link=\"http:\/\/sp1.kielce.eu\/?attachment_id=16014\" class=\"wp-image-16014\" srcset=\"https:\/\/sp1.kielce.eu\/wp-content\/uploads\/2021\/03\/2-droga-krzyz-Copy.jpg 1200w, https:\/\/sp1.kielce.eu\/wp-content\/uploads\/2021\/03\/2-droga-krzyz-Copy-300x169.jpg 300w, https:\/\/sp1.kielce.eu\/wp-content\/uploads\/2021\/03\/2-droga-krzyz-Copy-768x432.jpg 768w, https:\/\/sp1.kielce.eu\/wp-content\/uploads\/2021\/03\/2-droga-krzyz-Copy-820x461.jpg 820w\" sizes=\"auto, (max-width: 1200px) 100vw, 1200px\" \/><\/a><\/figure><\/li><\/ul><\/figure>\n","protected":false},"excerpt":{"rendered":"<p>W ramach realizacji Og\u00f3lnopolskiego projektu \u201eMisje z&nbsp;Pasj\u0105\u201d uczniowie naszej szko\u0142y, wzi\u0119li udzia\u0142 w&nbsp;konkursie plastycznym zorganizowanym [&hellip;]<\/p>\n","protected":false},"author":13,"featured_media":16015,"comment_status":"closed","ping_status":"open","sticky":false,"template":"","format":"standard","meta":{"footnotes":""},"categories":[36],"tags":[],"class_list":["post-16012","post","type-post","status-publish","format-standard","has-post-thumbnail","hentry","category-wydarzenia"],"_links":{"self":[{"href":"https:\/\/sp1.kielce.eu\/index.php\/wp-json\/wp\/v2\/posts\/16012","targetHints":{"allow":["GET"]}}],"collection":[{"href":"https:\/\/sp1.kielce.eu\/index.php\/wp-json\/wp\/v2\/posts"}],"about":[{"href":"https:\/\/sp1.kielce.eu\/index.php\/wp-json\/wp\/v2\/types\/post"}],"author":[{"embeddable":true,"href":"https:\/\/sp1.kielce.eu\/index.php\/wp-json\/wp\/v2\/users\/13"}],"replies":[{"embeddable":true,"href":"https:\/\/sp1.kielce.eu\/index.php\/wp-json\/wp\/v2\/comments?post=16012"}],"version-history":[{"count":1,"href":"https:\/\/sp1.kielce.eu\/index.php\/wp-json\/wp\/v2\/posts\/16012\/revisions"}],"predecessor-version":[{"id":16016,"href":"https:\/\/sp1.kielce.eu\/index.php\/wp-json\/wp\/v2\/posts\/16012\/revisions\/16016"}],"wp:featuredmedia":[{"embeddable":true,"href":"https:\/\/sp1.kielce.eu\/index.php\/wp-json\/wp\/v2\/media\/16015"}],"wp:attachment":[{"href":"https:\/\/sp1.kielce.eu\/index.php\/wp-json\/wp\/v2\/media?parent=16012"}],"wp:term":[{"taxonomy":"category","embeddable":true,"href":"https:\/\/sp1.kielce.eu\/index.php\/wp-json\/wp\/v2\/categories?post=16012"},{"taxonomy":"post_tag","embeddable":true,"href":"https:\/\/sp1.kielce.eu\/index.php\/wp-json\/wp\/v2\/tags?post=16012"}],"curies":[{"name":"wp","href":"https:\/\/api.w.org\/{rel}","templated":true}]}}