{"id":16009,"date":"2021-03-29T07:05:43","date_gmt":"2021-03-29T05:05:43","guid":{"rendered":"http:\/\/sp1.kielce.eu\/?p=16009"},"modified":"2021-03-29T00:25:09","modified_gmt":"2021-03-28T22:25:09","slug":"ogolnopolski-projekt-misje-z-pasja","status":"publish","type":"post","link":"https:\/\/sp1.kielce.eu\/index.php\/2021\/03\/29\/ogolnopolski-projekt-misje-z-pasja\/","title":{"rendered":"Og\u00f3lnopolski projekt \u2013 \u201eMISJE Z PASJ\u0104\u201d"},"content":{"rendered":"\n<p>Wychowawcy klas 1-3 wraz ze swoimi uczniami tj.: p.&nbsp;Iwona Ko\u015bcielecka z&nbsp;kl.&nbsp;1a, p.&nbsp;Ewa Nowak z&nbsp;kl.&nbsp;1b, p.&nbsp;Karolina Skalska-\u0141osin z&nbsp;kl.&nbsp;1c, p.&nbsp;Kinga Kozie\u0142 z&nbsp;kl.&nbsp;2a, p.&nbsp;El\u017cbieta Lis z&nbsp;kl.&nbsp;2b, p.&nbsp;Andrzej Pustu\u0142a z&nbsp;kl.&nbsp;3a, p.&nbsp;Marta Okopie\u0144 z&nbsp;kl.&nbsp;3a oraz katecheci ze Szko\u0142y Podstawowej nr&nbsp;1 w&nbsp;Kielcach realizuj\u0105 Og\u00f3lnopolski projekt \u201eMISJE Z&nbsp;PASJ\u0104\u201d. &nbsp; Dzi\u0119ki wsp\u00f3\u0142pracy z&nbsp;Dyrekcj\u0105 Szko\u0142y oraz osobistemu zaanga\u017cowaniu uzyskali\u015bmy b\u0142ogos\u0142awie\u0144stwo Biskupa Kieleckiego Jana Piotrowskiego. Ordynariusz Diecezji Kieleckiej wyrazi\u0142 swoj\u0105 rado\u015b\u0107 i&nbsp;wdzi\u0119czno\u015b\u0107 za wszelki podejmowany trud, \u017cyczy nam wielu \u0142ask i&nbsp;duchowych owoc\u00f3w na drodze realizacji projektu.<\/p>\n\n\n\n<p>Nasz projekt docenia tak\u017ce Wojewoda \u015awi\u0119tokrzyski \u2013 Pan Zbigniew Koniusz, kt\u00f3ry obejmuje nasze dzie\u0142o patronatem honorowym. Pan Wojewoda przesy\u0142a nam serdeczne pozdrowienia oraz \u017cyczenia sukces\u00f3w w&nbsp;organizacji inicjatyw zwi\u0105zanych z&nbsp;realizacj\u0105 przedsi\u0119wzi\u0119cia.<\/p>\n\n\n\n<p class=\"has-text-align-left\">Dzi\u0119kujemy Ksi\u0119dzu Biskupowi oraz Panu Wojewodzie \u015awi\u0119tokrzyskiemu za okazane nam zaufanie, za \u017cyczliwo\u015b\u0107 i\u00a0dobre s\u0142owa \u017cycze\u0144!<\/p>\n\n\n\n<p class=\"has-text-align-right\"><em>Wychowawcy klas 1-3 oraz Katecheci SP1<\/em><\/p>\n","protected":false},"excerpt":{"rendered":"<p>Wychowawcy klas 1-3 wraz ze swoimi uczniami tj.: p.&nbsp;Iwona Ko\u015bcielecka z&nbsp;kl.&nbsp;1a, p.&nbsp;Ewa Nowak z&nbsp;kl.&nbsp;1b, p.&nbsp;Karolina [&hellip;]<\/p>\n","protected":false},"author":13,"featured_media":16010,"comment_status":"closed","ping_status":"open","sticky":false,"template":"","format":"standard","meta":{"footnotes":""},"categories":[36],"tags":[],"class_list":["post-16009","post","type-post","status-publish","format-standard","has-post-thumbnail","hentry","category-wydarzenia"],"_links":{"self":[{"href":"https:\/\/sp1.kielce.eu\/index.php\/wp-json\/wp\/v2\/posts\/16009","targetHints":{"allow":["GET"]}}],"collection":[{"href":"https:\/\/sp1.kielce.eu\/index.php\/wp-json\/wp\/v2\/posts"}],"about":[{"href":"https:\/\/sp1.kielce.eu\/index.php\/wp-json\/wp\/v2\/types\/post"}],"author":[{"embeddable":true,"href":"https:\/\/sp1.kielce.eu\/index.php\/wp-json\/wp\/v2\/users\/13"}],"replies":[{"embeddable":true,"href":"https:\/\/sp1.kielce.eu\/index.php\/wp-json\/wp\/v2\/comments?post=16009"}],"version-history":[{"count":1,"href":"https:\/\/sp1.kielce.eu\/index.php\/wp-json\/wp\/v2\/posts\/16009\/revisions"}],"predecessor-version":[{"id":16011,"href":"https:\/\/sp1.kielce.eu\/index.php\/wp-json\/wp\/v2\/posts\/16009\/revisions\/16011"}],"wp:featuredmedia":[{"embeddable":true,"href":"https:\/\/sp1.kielce.eu\/index.php\/wp-json\/wp\/v2\/media\/16010"}],"wp:attachment":[{"href":"https:\/\/sp1.kielce.eu\/index.php\/wp-json\/wp\/v2\/media?parent=16009"}],"wp:term":[{"taxonomy":"category","embeddable":true,"href":"https:\/\/sp1.kielce.eu\/index.php\/wp-json\/wp\/v2\/categories?post=16009"},{"taxonomy":"post_tag","embeddable":true,"href":"https:\/\/sp1.kielce.eu\/index.php\/wp-json\/wp\/v2\/tags?post=16009"}],"curies":[{"name":"wp","href":"https:\/\/api.w.org\/{rel}","templated":true}]}}