{"id":16006,"date":"2021-03-29T07:00:52","date_gmt":"2021-03-29T05:00:52","guid":{"rendered":"http:\/\/sp1.kielce.eu\/?p=16006"},"modified":"2021-03-29T00:20:50","modified_gmt":"2021-03-28T22:20:50","slug":"wyniki-konkursu-plastycznego-dla-klas-1-8-na-wykonanie-kartki-wielkanocnej-z-zyczeniami-w-jezyku-angielskim-i-niemieckim","status":"publish","type":"post","link":"https:\/\/sp1.kielce.eu\/index.php\/2021\/03\/29\/wyniki-konkursu-plastycznego-dla-klas-1-8-na-wykonanie-kartki-wielkanocnej-z-zyczeniami-w-jezyku-angielskim-i-niemieckim\/","title":{"rendered":"Wyniki konkursu plastycznego dla klas 1-8 na wykonanie Kartki Wielkanocnej z \u017cyczeniami w j\u0119zyku angielskim i niemieckim."},"content":{"rendered":"\n<p>&nbsp;&nbsp;&nbsp;&nbsp;&nbsp;&nbsp;&nbsp;&nbsp;&nbsp;&nbsp;&nbsp; Wysy\u0142anie kartek to jedna z&nbsp;tradycji zwi\u0105zanej ze \u015awi\u0119tami Wielkanocnymi. Kartka \u015bwi\u0105teczna mo\u017ce mie\u0107 r\u00f3\u017cne formy. Dzisiaj, wiele os\u00f3b przesy\u0142a \u017cyczenia za pomoc\u0105 telefonu lub komputera. Na szcz\u0119\u015bcie, w&nbsp;dobie rozwoju informatyki, nie zapominamy o&nbsp;wysy\u0142aniu kartek \u015bwi\u0105tecznych tradycyjn\u0105 drog\u0105 pocztow\u0105. Adresaci kartek \u015bwi\u0105tecznych, zachwyceni ich wykonaniem oraz tre\u015bci\u0105 \u017cycze\u0144, zatrzymuj\u0105 je na d\u0142ugo.<\/p>\n\n\n\n<p>\u00a0\u00a0\u00a0\u00a0\u00a0\u00a0\u00a0\u00a0\u00a0\u00a0\u00a0 Najpi\u0119kniejsze kartki \u015bwi\u0105teczne to te, kt\u00f3re powstaj\u0105 w\u0142asnor\u0119cznie wykonane przez dzieci, ozdabiane r\u00f3\u017cnymi technikami, z\u00a0\u017cyczeniami p\u0142yn\u0105cymi prosto z\u00a0serca, szczeg\u00f3lnie w\u00a0j\u0119zyku obcym.<br>I\u00a0w\u0142a\u015bnie takie kartki wykonali nasi uczniowie. Dzi\u0119kujemy wszystkim za wzi\u0119cie licznego udzia\u0142u w\u00a0konkursie \u2013 wp\u0142yn\u0119\u0142o do nas ponad 50 prac. Z\u00a0rado\u015bci\u0105 przedstawiamy wyniki konkursu plastycznego \u201eKartka Wielkanocna\u201d. Wszystkim uczestnikom konkursu oraz laureatom serdecznie gratulujemy i\u00a0zapraszamy do udzia\u0142u w\u00a0przysz\u0142orocznym konkursie.<\/p>\n\n\n\n<p><strong>Laureatami konkursu zostali:<\/strong><\/p>\n\n\n\n<p><strong>J\u0119zyk niemiecki:<\/strong><br>miejsce I \u2013 Kamil Mazur 6a<br>miejsce II \u2013 Patrycja Marczyk 8b<br>miejsce III \u2013 Amelia Kr\u00f3l 8c<\/p>\n\n\n\n<p><strong>Wyr\u00f3\u017cnienia:<\/strong><br>Bianka Be\u0144 z klasy 8c<br>Klaudia Durlik 7c<\/p>\n\n\n\n<p><strong>J\u0119zyk angielski klasy I-III:<\/strong><br>miejsce I \u2013 Kusztal Zosia 1a<br>miejsce II \u2013 Izabela Kubicka 1c<br>miejsce III \u2013 \u0141abuz Filip 1a<\/p>\n\n\n\n<p><strong>Wyr\u00f3\u017cnienia:<\/strong><br>So\u0142tysiak Zosia 1c<br>Makowska Lena 1a<br>Mazur Zosia 1a<br>R\u0119bi\u015b Ola 2b<br>Halemba Julia 2a<br>Marysia Mazur 1c<\/p>\n\n\n\n<p><strong>J\u0119zyk angielski klasy IV-VI:<\/strong><br>miejsce I \u2013 Magda Matanina 5a<br>miejsce II \u2013 Antoni Konicki 4b<br>miejsce III \u2013 Igor Zatenmajer 4b<\/p>\n\n\n\n<p><strong>Wyr\u00f3\u017cnienia:<\/strong><br>Agata Durlik 5a<br>Wiktoria Szymkiewicz 4b<br>Kasia Ko\u0142cz 6b<br>Patrycja \u017bak 4b<br>Karolina Plech 6b<\/p>\n\n\n\n<p class=\"has-text-align-right\"><strong>Organizatorzy konkursu:<\/strong><br>Alina Dziopa<br>Marta Pawlak<\/p>\n","protected":false},"excerpt":{"rendered":"<p>&nbsp;&nbsp;&nbsp;&nbsp;&nbsp;&nbsp;&nbsp;&nbsp;&nbsp;&nbsp;&nbsp; Wysy\u0142anie kartek to jedna z&nbsp;tradycji zwi\u0105zanej ze \u015awi\u0119tami Wielkanocnymi. Kartka \u015bwi\u0105teczna mo\u017ce mie\u0107 r\u00f3\u017cne [&hellip;]<\/p>\n","protected":false},"author":13,"featured_media":16007,"comment_status":"closed","ping_status":"open","sticky":false,"template":"","format":"standard","meta":{"footnotes":""},"categories":[22],"tags":[],"class_list":["post-16006","post","type-post","status-publish","format-standard","has-post-thumbnail","hentry","category-konkursy-konkursy-przedmiotowe"],"_links":{"self":[{"href":"https:\/\/sp1.kielce.eu\/index.php\/wp-json\/wp\/v2\/posts\/16006","targetHints":{"allow":["GET"]}}],"collection":[{"href":"https:\/\/sp1.kielce.eu\/index.php\/wp-json\/wp\/v2\/posts"}],"about":[{"href":"https:\/\/sp1.kielce.eu\/index.php\/wp-json\/wp\/v2\/types\/post"}],"author":[{"embeddable":true,"href":"https:\/\/sp1.kielce.eu\/index.php\/wp-json\/wp\/v2\/users\/13"}],"replies":[{"embeddable":true,"href":"https:\/\/sp1.kielce.eu\/index.php\/wp-json\/wp\/v2\/comments?post=16006"}],"version-history":[{"count":1,"href":"https:\/\/sp1.kielce.eu\/index.php\/wp-json\/wp\/v2\/posts\/16006\/revisions"}],"predecessor-version":[{"id":16008,"href":"https:\/\/sp1.kielce.eu\/index.php\/wp-json\/wp\/v2\/posts\/16006\/revisions\/16008"}],"wp:featuredmedia":[{"embeddable":true,"href":"https:\/\/sp1.kielce.eu\/index.php\/wp-json\/wp\/v2\/media\/16007"}],"wp:attachment":[{"href":"https:\/\/sp1.kielce.eu\/index.php\/wp-json\/wp\/v2\/media?parent=16006"}],"wp:term":[{"taxonomy":"category","embeddable":true,"href":"https:\/\/sp1.kielce.eu\/index.php\/wp-json\/wp\/v2\/categories?post=16006"},{"taxonomy":"post_tag","embeddable":true,"href":"https:\/\/sp1.kielce.eu\/index.php\/wp-json\/wp\/v2\/tags?post=16006"}],"curies":[{"name":"wp","href":"https:\/\/api.w.org\/{rel}","templated":true}]}}