{"id":15999,"date":"2021-03-26T10:23:28","date_gmt":"2021-03-26T09:23:28","guid":{"rendered":"http:\/\/sp1.kielce.eu\/?p=15999"},"modified":"2021-03-26T10:23:28","modified_gmt":"2021-03-26T09:23:28","slug":"deutsch-plus","status":"publish","type":"post","link":"https:\/\/sp1.kielce.eu\/index.php\/2021\/03\/26\/deutsch-plus\/","title":{"rendered":"Deutsch Plus"},"content":{"rendered":"\n<p>25 marca w ramach wsp\u00f3\u0142pracy\u00a0\u201eProjekte gemeinsam entwickeln\u201d odby\u0142o si\u0119\u00a0\u00a0spotkanie online trzech szk\u00f3\u0142:<\/p>\n\n\n\n<p>*Publicznej Szko\u0142y Podstawowej nr 1z Oddzia\u0142ami Integracyjnymi\u00a0im. Ignacego Daszy\u0144skiego w Radomiu<\/p>\n\n\n\n<p>*Szko\u0142y Podstawowej im. Anny Wajcowicz w \u015ami\u0142owicach<\/p>\n\n\n\n<p>\u00a0*Szko\u0142y Podstawowej nr 1 im. Stanis\u0142awa Staszica w Kielcach<\/p>\n\n\n\n<p>By\u0142o to pierwsze spotkanie, na kt\u00f3rym mieli\u015bmy okazj\u0119 pozna\u0107 si\u0119 wzajemnie. Zar\u00f3wno nauczyciele jak i uczniowie przedstawili si\u0119 po niemiecku. Mimo wcze\u015bniejszych obaw i tremy, wszyscy poradzili sobie \u015bwietnie.\u00a0 Tematem wsp\u00f3lnego projektu by\u0142o &#8222;Osrenkarte verschenken&#8221;. M\u0142odzie\u017c\u00a0 samodzielnie przygotowal Osternkarten, kt\u00f3re trafi\u0105 do os\u00f3b chorych i samotnych. Na koniec wszyscy \u017cyczyli\u015bmy sobie ,,Frohe Ostern!&#8221;Dzi\u0119kuj\u0119 nauczycielom pani\u00a0Justynie Piecyk\u00a0z Radomia oraz\u00a0Wioletcie Krysztoforskiej\u00a0ze \u015ami\u0142owic.<\/p>\n\n\n\n<p class=\"has-text-align-right\">Ewa Stachura<\/p>\n\n\n\n<figure class=\"wp-block-gallery columns-2 is-cropped wp-block-gallery-1 is-layout-flex wp-block-gallery-is-layout-flex\"><ul class=\"blocks-gallery-grid\"><li class=\"blocks-gallery-item\"><figure><a href=\"http:\/\/sp1.kielce.eu\/wp-content\/uploads\/2021\/03\/Osterkerten.png\"><img loading=\"lazy\" decoding=\"async\" width=\"1322\" height=\"569\" src=\"http:\/\/sp1.kielce.eu\/wp-content\/uploads\/2021\/03\/Osterkerten.png\" alt=\"\" data-id=\"16001\" data-full-url=\"http:\/\/sp1.kielce.eu\/wp-content\/uploads\/2021\/03\/Osterkerten.png\" data-link=\"http:\/\/sp1.kielce.eu\/?attachment_id=16001\" class=\"wp-image-16001\" srcset=\"https:\/\/sp1.kielce.eu\/wp-content\/uploads\/2021\/03\/Osterkerten.png 1322w, https:\/\/sp1.kielce.eu\/wp-content\/uploads\/2021\/03\/Osterkerten-300x129.png 300w, https:\/\/sp1.kielce.eu\/wp-content\/uploads\/2021\/03\/Osterkerten-768x331.png 768w, https:\/\/sp1.kielce.eu\/wp-content\/uploads\/2021\/03\/Osterkerten-820x353.png 820w\" sizes=\"auto, (max-width: 1322px) 100vw, 1322px\" \/><\/a><figcaption class=\"blocks-gallery-item__caption\">1<\/figcaption><\/figure><\/li><li class=\"blocks-gallery-item\"><figure><a href=\"http:\/\/sp1.kielce.eu\/wp-content\/uploads\/2021\/03\/Spokanie1Projekt.png\"><img loading=\"lazy\" decoding=\"async\" width=\"1113\" height=\"585\" src=\"http:\/\/sp1.kielce.eu\/wp-content\/uploads\/2021\/03\/Spokanie1Projekt.png\" alt=\"\" data-id=\"16002\" data-full-url=\"http:\/\/sp1.kielce.eu\/wp-content\/uploads\/2021\/03\/Spokanie1Projekt.png\" data-link=\"http:\/\/sp1.kielce.eu\/?attachment_id=16002\" class=\"wp-image-16002\" srcset=\"https:\/\/sp1.kielce.eu\/wp-content\/uploads\/2021\/03\/Spokanie1Projekt.png 1113w, https:\/\/sp1.kielce.eu\/wp-content\/uploads\/2021\/03\/Spokanie1Projekt-300x158.png 300w, https:\/\/sp1.kielce.eu\/wp-content\/uploads\/2021\/03\/Spokanie1Projekt-768x404.png 768w, https:\/\/sp1.kielce.eu\/wp-content\/uploads\/2021\/03\/Spokanie1Projekt-820x431.png 820w\" sizes=\"auto, (max-width: 1113px) 100vw, 1113px\" \/><\/a><figcaption class=\"blocks-gallery-item__caption\">2<\/figcaption><\/figure><\/li><\/ul><\/figure>\n","protected":false},"excerpt":{"rendered":"<p>25 marca w ramach wsp\u00f3\u0142pracy\u00a0\u201eProjekte gemeinsam entwickeln\u201d odby\u0142o si\u0119\u00a0\u00a0spotkanie online trzech szk\u00f3\u0142: *Publicznej Szko\u0142y Podstawowej [&hellip;]<\/p>\n","protected":false},"author":5,"featured_media":16002,"comment_status":"closed","ping_status":"open","sticky":false,"template":"","format":"standard","meta":{"footnotes":""},"categories":[36],"tags":[],"class_list":["post-15999","post","type-post","status-publish","format-standard","has-post-thumbnail","hentry","category-wydarzenia"],"_links":{"self":[{"href":"https:\/\/sp1.kielce.eu\/index.php\/wp-json\/wp\/v2\/posts\/15999","targetHints":{"allow":["GET"]}}],"collection":[{"href":"https:\/\/sp1.kielce.eu\/index.php\/wp-json\/wp\/v2\/posts"}],"about":[{"href":"https:\/\/sp1.kielce.eu\/index.php\/wp-json\/wp\/v2\/types\/post"}],"author":[{"embeddable":true,"href":"https:\/\/sp1.kielce.eu\/index.php\/wp-json\/wp\/v2\/users\/5"}],"replies":[{"embeddable":true,"href":"https:\/\/sp1.kielce.eu\/index.php\/wp-json\/wp\/v2\/comments?post=15999"}],"version-history":[{"count":1,"href":"https:\/\/sp1.kielce.eu\/index.php\/wp-json\/wp\/v2\/posts\/15999\/revisions"}],"predecessor-version":[{"id":16003,"href":"https:\/\/sp1.kielce.eu\/index.php\/wp-json\/wp\/v2\/posts\/15999\/revisions\/16003"}],"wp:featuredmedia":[{"embeddable":true,"href":"https:\/\/sp1.kielce.eu\/index.php\/wp-json\/wp\/v2\/media\/16002"}],"wp:attachment":[{"href":"https:\/\/sp1.kielce.eu\/index.php\/wp-json\/wp\/v2\/media?parent=15999"}],"wp:term":[{"taxonomy":"category","embeddable":true,"href":"https:\/\/sp1.kielce.eu\/index.php\/wp-json\/wp\/v2\/categories?post=15999"},{"taxonomy":"post_tag","embeddable":true,"href":"https:\/\/sp1.kielce.eu\/index.php\/wp-json\/wp\/v2\/tags?post=15999"}],"curies":[{"name":"wp","href":"https:\/\/api.w.org\/{rel}","templated":true}]}}