{"id":15994,"date":"2021-03-26T10:20:12","date_gmt":"2021-03-26T09:20:12","guid":{"rendered":"http:\/\/sp1.kielce.eu\/?p=15994"},"modified":"2021-03-26T10:20:12","modified_gmt":"2021-03-26T09:20:12","slug":"nagrody-od-miejskiej-biblioteki-publicznej-za-stworzenie-slownika-nowomowy","status":"publish","type":"post","link":"https:\/\/sp1.kielce.eu\/index.php\/2021\/03\/26\/nagrody-od-miejskiej-biblioteki-publicznej-za-stworzenie-slownika-nowomowy\/","title":{"rendered":"Nagrody od Miejskiej Biblioteki Publicznej za stworzenie s\u0142ownika nowomowy"},"content":{"rendered":"\n<p>Nasi uczniowie&nbsp;zostali nagrodzeni przez Miejsk\u0105 Bibliotek\u0119 Publiczn\u0105 w Kielcach za stworzenie&nbsp;s\u0142ownika&nbsp;m\u0142odomowy&nbsp;w ramach XXIX Tygodnia Kultury J\u0119zyka&nbsp;odbywaj\u0105cego si\u0119 pod has\u0142em&nbsp;<strong>\u201ePrzejrzysty ojczysty. Przez&nbsp;m\u0142odomow\u0119&nbsp;do wsp\u00f3\u0142czesnej kultury\u201d\u202f<\/strong>&nbsp;<\/p>\n\n\n\n<p><strong>Nagrody otrzymali:&nbsp;<\/strong>&nbsp;<\/p>\n\n\n\n<p>Ewa&nbsp;Hlebicka- J\u00f3zefowicz&nbsp;( 7c)&nbsp;<\/p>\n\n\n\n<p>Eryk Kubicki&nbsp;( 7b)&nbsp;<\/p>\n\n\n\n<p>Izabela Ma\u0142ecka&nbsp;( 7b)&nbsp;&nbsp;<\/p>\n\n\n\n<p>Amelia B\u0142o\u0144ska&nbsp;( 7b)&nbsp;<\/p>\n\n\n\n<p>Ewa Kwieci\u0144ska&nbsp;( 7b)&nbsp;<\/p>\n\n\n\n<p>Igor&nbsp;Zatelmajer&nbsp;(4b)&nbsp;<\/p>\n\n\n\n<p>Filip Duda&nbsp;( 7b)&nbsp;&nbsp;<\/p>\n\n\n\n<p><strong>Wyr\u00f3\u017cnieni zostali:<\/strong>&nbsp;<\/p>\n\n\n\n<p>Patryk Janus&nbsp;( 4b)&nbsp;<\/p>\n\n\n\n<p>Sebastian Wojciechowski&nbsp;( 7b)&nbsp;<\/p>\n\n\n\n<p>Gabriel Bandura&nbsp;( 7b)&nbsp;&nbsp;<\/p>\n\n\n\n<p>Cezary Kromer&nbsp;( 7b)&nbsp;&nbsp;<\/p>\n\n\n\n<p>Emilia&nbsp;Bonar&nbsp;( 7b)&nbsp;<\/p>\n\n\n\n<p>Dzieci otrzyma\u0142y&nbsp;pami\u0105tkowe&nbsp;dyplomy, ksi\u0105\u017cki i gad\u017cety zwi\u0105zane z MBP. Serdecznie gratulujemy.&nbsp;&nbsp;<\/p>\n\n\n\n<p>\u00a0\u00a0\u00a0\u00a0\u00a0\u00a0\u00a0\u00a0\u00a0\u00a0\u00a0\u00a0\u00a0\u00a0\u00a0\u00a0\u00a0\u00a0\u00a0\u00a0\u00a0\u00a0\u00a0\u00a0\u00a0\u00a0\u00a0\u00a0\u00a0\u00a0\u00a0\u00a0\u00a0\u00a0\u00a0\u00a0\u00a0\u00a0\u00a0\u00a0\u00a0\u00a0\u00a0\u00a0\u00a0\u00a0\u00a0\u00a0\u00a0\u00a0\u00a0\u00a0\u00a0\u00a0\u00a0\u00a0\u00a0\u00a0\u00a0\u00a0\u00a0\u00a0\u00a0\u00a0\u00a0\u00a0\u00a0\u00a0\u00a0\u00a0\u00a0\u00a0\u00a0\u00a0\u00a0\u00a0\u00a0\u00a0\u00a0\u00a0\u00a0\u00a0\u00a0\u00a0\u00a0\u00a0\u00a0\u00a0\u00a0\u00a0\u00a0\u00a0\u00a0\u00a0\u00a0\u00a0\u00a0\u00a0\u00a0\u00a0\u00a0\u00a0\u00a0\u00a0\u00a0\u00a0\u00a0\u00a0\u00a0\u00a0\u00a0\u00a0Dorota\u00a0Broni\u015b\u00a0<\/p>\n\n\n\n<p>\u00a0\u00a0\u00a0\u00a0\u00a0\u00a0\u00a0\u00a0\u00a0\u00a0\u00a0\u00a0\u00a0\u00a0\u00a0\u00a0\u00a0\u00a0\u00a0\u00a0\u00a0\u00a0\u00a0\u00a0\u00a0\u00a0\u00a0\u00a0\u00a0\u00a0\u00a0\u00a0\u00a0\u00a0\u00a0\u00a0\u00a0\u00a0\u00a0\u00a0\u00a0\u00a0\u00a0\u00a0\u00a0\u00a0\u00a0\u00a0\u00a0\u00a0\u00a0\u00a0\u00a0\u00a0\u00a0\u00a0\u00a0\u00a0\u00a0\u00a0\u00a0\u00a0\u00a0\u00a0\u00a0\u00a0\u00a0\u00a0\u00a0\u00a0\u00a0\u00a0\u00a0\u00a0\u00a0\u00a0\u00a0\u00a0\u00a0\u00a0\u00a0\u00a0\u00a0\u00a0\u00a0\u00a0\u00a0\u00a0\u00a0\u00a0\u00a0\u00a0\u00a0\u00a0\u00a0\u00a0\u00a0\u00a0\u00a0\u00a0\u00a0\u00a0\u00a0\u00a0\u00a0\u00a0\u00a0\u00a0\u00a0\u00a0\u00a0Renata Kozie\u0142\u00a0\u00a0<\/p>\n\n\n\n<figure class=\"wp-block-gallery columns-2 is-cropped wp-block-gallery-1 is-layout-flex wp-block-gallery-is-layout-flex\"><ul class=\"blocks-gallery-grid\"><li class=\"blocks-gallery-item\"><figure><a href=\"http:\/\/sp1.kielce.eu\/wp-content\/uploads\/2021\/03\/InShot_20210325_222143514_1.jpg\"><img loading=\"lazy\" decoding=\"async\" width=\"900\" height=\"900\" src=\"http:\/\/sp1.kielce.eu\/wp-content\/uploads\/2021\/03\/InShot_20210325_222143514_1-900x900.jpg\" alt=\"\" data-id=\"15995\" data-full-url=\"http:\/\/sp1.kielce.eu\/wp-content\/uploads\/2021\/03\/InShot_20210325_222143514_1.jpg\" data-link=\"http:\/\/sp1.kielce.eu\/?attachment_id=15995\" class=\"wp-image-15995\" srcset=\"https:\/\/sp1.kielce.eu\/wp-content\/uploads\/2021\/03\/InShot_20210325_222143514_1-900x900.jpg 900w, https:\/\/sp1.kielce.eu\/wp-content\/uploads\/2021\/03\/InShot_20210325_222143514_1-300x300.jpg 300w, https:\/\/sp1.kielce.eu\/wp-content\/uploads\/2021\/03\/InShot_20210325_222143514_1-150x150.jpg 150w, https:\/\/sp1.kielce.eu\/wp-content\/uploads\/2021\/03\/InShot_20210325_222143514_1-768x768.jpg 768w, https:\/\/sp1.kielce.eu\/wp-content\/uploads\/2021\/03\/InShot_20210325_222143514_1-820x820.jpg 820w, https:\/\/sp1.kielce.eu\/wp-content\/uploads\/2021\/03\/InShot_20210325_222143514_1.jpg 1024w\" sizes=\"auto, (max-width: 900px) 100vw, 900px\" \/><\/a><figcaption class=\"blocks-gallery-item__caption\">1<\/figcaption><\/figure><\/li><li class=\"blocks-gallery-item\"><figure><a href=\"http:\/\/sp1.kielce.eu\/wp-content\/uploads\/2021\/03\/razem_1.jpg\"><img loading=\"lazy\" decoding=\"async\" width=\"1119\" height=\"900\" src=\"http:\/\/sp1.kielce.eu\/wp-content\/uploads\/2021\/03\/razem_1-1119x900.jpg\" alt=\"\" data-id=\"15997\" data-full-url=\"http:\/\/sp1.kielce.eu\/wp-content\/uploads\/2021\/03\/razem_1.jpg\" data-link=\"http:\/\/sp1.kielce.eu\/?attachment_id=15997\" class=\"wp-image-15997\" srcset=\"https:\/\/sp1.kielce.eu\/wp-content\/uploads\/2021\/03\/razem_1-1119x900.jpg 1119w, https:\/\/sp1.kielce.eu\/wp-content\/uploads\/2021\/03\/razem_1-300x241.jpg 300w, https:\/\/sp1.kielce.eu\/wp-content\/uploads\/2021\/03\/razem_1-768x618.jpg 768w, https:\/\/sp1.kielce.eu\/wp-content\/uploads\/2021\/03\/razem_1-820x660.jpg 820w, https:\/\/sp1.kielce.eu\/wp-content\/uploads\/2021\/03\/razem_1.jpg 1273w\" sizes=\"auto, (max-width: 1119px) 100vw, 1119px\" \/><\/a><figcaption class=\"blocks-gallery-item__caption\">2<\/figcaption><\/figure><\/li><\/ul><\/figure>\n","protected":false},"excerpt":{"rendered":"<p>Nasi uczniowie&nbsp;zostali nagrodzeni przez Miejsk\u0105 Bibliotek\u0119 Publiczn\u0105 w Kielcach za stworzenie&nbsp;s\u0142ownika&nbsp;m\u0142odomowy&nbsp;w ramach XXIX Tygodnia Kultury [&hellip;]<\/p>\n","protected":false},"author":5,"featured_media":15996,"comment_status":"closed","ping_status":"open","sticky":false,"template":"","format":"standard","meta":{"footnotes":""},"categories":[36,72],"tags":[],"class_list":["post-15994","post","type-post","status-publish","format-standard","has-post-thumbnail","hentry","category-wydarzenia","category-biblioteka"],"_links":{"self":[{"href":"https:\/\/sp1.kielce.eu\/index.php\/wp-json\/wp\/v2\/posts\/15994","targetHints":{"allow":["GET"]}}],"collection":[{"href":"https:\/\/sp1.kielce.eu\/index.php\/wp-json\/wp\/v2\/posts"}],"about":[{"href":"https:\/\/sp1.kielce.eu\/index.php\/wp-json\/wp\/v2\/types\/post"}],"author":[{"embeddable":true,"href":"https:\/\/sp1.kielce.eu\/index.php\/wp-json\/wp\/v2\/users\/5"}],"replies":[{"embeddable":true,"href":"https:\/\/sp1.kielce.eu\/index.php\/wp-json\/wp\/v2\/comments?post=15994"}],"version-history":[{"count":1,"href":"https:\/\/sp1.kielce.eu\/index.php\/wp-json\/wp\/v2\/posts\/15994\/revisions"}],"predecessor-version":[{"id":15998,"href":"https:\/\/sp1.kielce.eu\/index.php\/wp-json\/wp\/v2\/posts\/15994\/revisions\/15998"}],"wp:featuredmedia":[{"embeddable":true,"href":"https:\/\/sp1.kielce.eu\/index.php\/wp-json\/wp\/v2\/media\/15996"}],"wp:attachment":[{"href":"https:\/\/sp1.kielce.eu\/index.php\/wp-json\/wp\/v2\/media?parent=15994"}],"wp:term":[{"taxonomy":"category","embeddable":true,"href":"https:\/\/sp1.kielce.eu\/index.php\/wp-json\/wp\/v2\/categories?post=15994"},{"taxonomy":"post_tag","embeddable":true,"href":"https:\/\/sp1.kielce.eu\/index.php\/wp-json\/wp\/v2\/tags?post=15994"}],"curies":[{"name":"wp","href":"https:\/\/api.w.org\/{rel}","templated":true}]}}