{"id":15967,"date":"2021-03-25T08:49:56","date_gmt":"2021-03-25T07:49:56","guid":{"rendered":"http:\/\/sp1.kielce.eu\/?p=15967"},"modified":"2021-03-25T08:49:56","modified_gmt":"2021-03-25T07:49:56","slug":"jedynka-napisala-do-chorych-w-hospicjum","status":"publish","type":"post","link":"https:\/\/sp1.kielce.eu\/index.php\/2021\/03\/25\/jedynka-napisala-do-chorych-w-hospicjum\/","title":{"rendered":"\u201eJEDYNKA\u201d napisa\u0142a do chorych w Hospicjum!"},"content":{"rendered":"\n<p><strong>Diecezjalne Centrum Wolontariatu (DCW),<\/strong> kt\u00f3re zorganizowa\u0142o <strong>akcj\u0119 \u201eNapisz do mnie \u2026\u201d<\/strong> serdecznie dzi\u0119kuje naszej Szkole <strong>za kolejne, godne pochwa\u0142y zaanga\u017cowanie si\u0119 naszych uczni\u00f3w, wolontariuszy<\/strong> w napisanie tak pi\u0119knych, wzruszaj\u0105cych list\u00f3w z \u017cyczeniami wielkanocnymi, do os\u00f3b chorych, przebywaj\u0105cych <strong>w naszym kieleckim Hospicjum im. \u015bw. Matki Teresy z Kalkuty<\/strong>.&nbsp;<\/p>\n\n\n\n<p>Gratulujemy Wszystkim, kt\u00f3rzy napisali i dostarczyli listy do DCW, wk\u0142adaj\u0105c w t\u0105 inicjatyw\u0119, <strong>tak wiele serca<\/strong>!<\/p>\n\n\n\n<p>Dzi\u0119kujemy w imieniu chorych z Hospicjum! B\u00d3G ZAP\u0141A\u0106!<\/p>\n\n\n\n<p>\u00a0\u00a0\u00a0\u00a0\u00a0\u00a0\u00a0\u00a0\u00a0\u00a0\u00a0\u00a0\u00a0\u00a0\u00a0 Ks. Konrad Walerczak i Agnieszka Rycombel<\/p>\n\n\n\n<figure class=\"wp-block-gallery columns-3 is-cropped wp-block-gallery-1 is-layout-flex wp-block-gallery-is-layout-flex\"><ul class=\"blocks-gallery-grid\"><li class=\"blocks-gallery-item\"><figure><a href=\"http:\/\/sp1.kielce.eu\/wp-content\/uploads\/2021\/03\/20210322-132451-rotated.jpg\"><img loading=\"lazy\" decoding=\"async\" width=\"675\" height=\"900\" src=\"http:\/\/sp1.kielce.eu\/wp-content\/uploads\/2021\/03\/20210322-132451-675x900.jpg\" alt=\"\" data-id=\"15968\" data-full-url=\"http:\/\/sp1.kielce.eu\/wp-content\/uploads\/2021\/03\/20210322-132451-rotated.jpg\" data-link=\"http:\/\/sp1.kielce.eu\/?attachment_id=15968\" class=\"wp-image-15968\" srcset=\"https:\/\/sp1.kielce.eu\/wp-content\/uploads\/2021\/03\/20210322-132451-675x900.jpg 675w, https:\/\/sp1.kielce.eu\/wp-content\/uploads\/2021\/03\/20210322-132451-225x300.jpg 225w, https:\/\/sp1.kielce.eu\/wp-content\/uploads\/2021\/03\/20210322-132451-768x1024.jpg 768w, https:\/\/sp1.kielce.eu\/wp-content\/uploads\/2021\/03\/20210322-132451-820x1093.jpg 820w, https:\/\/sp1.kielce.eu\/wp-content\/uploads\/2021\/03\/20210322-132451-rotated.jpg 864w\" sizes=\"auto, (max-width: 675px) 100vw, 675px\" \/><\/a><figcaption class=\"blocks-gallery-item__caption\">1<\/figcaption><\/figure><\/li><li class=\"blocks-gallery-item\"><figure><a href=\"http:\/\/sp1.kielce.eu\/wp-content\/uploads\/2021\/03\/20210322-140619.jpg\"><img loading=\"lazy\" decoding=\"async\" width=\"1008\" height=\"756\" src=\"http:\/\/sp1.kielce.eu\/wp-content\/uploads\/2021\/03\/20210322-140619.jpg\" alt=\"\" data-id=\"15969\" data-full-url=\"http:\/\/sp1.kielce.eu\/wp-content\/uploads\/2021\/03\/20210322-140619.jpg\" data-link=\"http:\/\/sp1.kielce.eu\/?attachment_id=15969\" class=\"wp-image-15969\" srcset=\"https:\/\/sp1.kielce.eu\/wp-content\/uploads\/2021\/03\/20210322-140619.jpg 1008w, https:\/\/sp1.kielce.eu\/wp-content\/uploads\/2021\/03\/20210322-140619-300x225.jpg 300w, https:\/\/sp1.kielce.eu\/wp-content\/uploads\/2021\/03\/20210322-140619-768x576.jpg 768w, https:\/\/sp1.kielce.eu\/wp-content\/uploads\/2021\/03\/20210322-140619-820x615.jpg 820w\" sizes=\"auto, (max-width: 1008px) 100vw, 1008px\" \/><\/a><figcaption class=\"blocks-gallery-item__caption\">2<\/figcaption><\/figure><\/li><li class=\"blocks-gallery-item\"><figure><a href=\"http:\/\/sp1.kielce.eu\/wp-content\/uploads\/2021\/03\/20210322-185741-rotated.jpg\"><img loading=\"lazy\" decoding=\"async\" width=\"861\" height=\"603\" src=\"http:\/\/sp1.kielce.eu\/wp-content\/uploads\/2021\/03\/20210322-185741-rotated.jpg\" alt=\"\" data-id=\"15970\" data-full-url=\"http:\/\/sp1.kielce.eu\/wp-content\/uploads\/2021\/03\/20210322-185741-rotated.jpg\" data-link=\"http:\/\/sp1.kielce.eu\/?attachment_id=15970\" class=\"wp-image-15970\" srcset=\"https:\/\/sp1.kielce.eu\/wp-content\/uploads\/2021\/03\/20210322-185741-rotated.jpg 861w, https:\/\/sp1.kielce.eu\/wp-content\/uploads\/2021\/03\/20210322-185741-300x210.jpg 300w, https:\/\/sp1.kielce.eu\/wp-content\/uploads\/2021\/03\/20210322-185741-768x538.jpg 768w, https:\/\/sp1.kielce.eu\/wp-content\/uploads\/2021\/03\/20210322-185741-820x574.jpg 820w\" sizes=\"auto, (max-width: 861px) 100vw, 861px\" \/><\/a><figcaption class=\"blocks-gallery-item__caption\">3<\/figcaption><\/figure><\/li><\/ul><\/figure>\n","protected":false},"excerpt":{"rendered":"<p>Diecezjalne Centrum Wolontariatu (DCW), kt\u00f3re zorganizowa\u0142o akcj\u0119 \u201eNapisz do mnie \u2026\u201d serdecznie dzi\u0119kuje naszej Szkole [&hellip;]<\/p>\n","protected":false},"author":5,"featured_media":15970,"comment_status":"closed","ping_status":"open","sticky":false,"template":"","format":"standard","meta":{"footnotes":""},"categories":[36,163],"tags":[],"class_list":["post-15967","post","type-post","status-publish","format-standard","has-post-thumbnail","hentry","category-wydarzenia","category-skw"],"_links":{"self":[{"href":"https:\/\/sp1.kielce.eu\/index.php\/wp-json\/wp\/v2\/posts\/15967","targetHints":{"allow":["GET"]}}],"collection":[{"href":"https:\/\/sp1.kielce.eu\/index.php\/wp-json\/wp\/v2\/posts"}],"about":[{"href":"https:\/\/sp1.kielce.eu\/index.php\/wp-json\/wp\/v2\/types\/post"}],"author":[{"embeddable":true,"href":"https:\/\/sp1.kielce.eu\/index.php\/wp-json\/wp\/v2\/users\/5"}],"replies":[{"embeddable":true,"href":"https:\/\/sp1.kielce.eu\/index.php\/wp-json\/wp\/v2\/comments?post=15967"}],"version-history":[{"count":1,"href":"https:\/\/sp1.kielce.eu\/index.php\/wp-json\/wp\/v2\/posts\/15967\/revisions"}],"predecessor-version":[{"id":15971,"href":"https:\/\/sp1.kielce.eu\/index.php\/wp-json\/wp\/v2\/posts\/15967\/revisions\/15971"}],"wp:featuredmedia":[{"embeddable":true,"href":"https:\/\/sp1.kielce.eu\/index.php\/wp-json\/wp\/v2\/media\/15970"}],"wp:attachment":[{"href":"https:\/\/sp1.kielce.eu\/index.php\/wp-json\/wp\/v2\/media?parent=15967"}],"wp:term":[{"taxonomy":"category","embeddable":true,"href":"https:\/\/sp1.kielce.eu\/index.php\/wp-json\/wp\/v2\/categories?post=15967"},{"taxonomy":"post_tag","embeddable":true,"href":"https:\/\/sp1.kielce.eu\/index.php\/wp-json\/wp\/v2\/tags?post=15967"}],"curies":[{"name":"wp","href":"https:\/\/api.w.org\/{rel}","templated":true}]}}