{"id":15963,"date":"2021-03-25T08:46:53","date_gmt":"2021-03-25T07:46:53","guid":{"rendered":"http:\/\/sp1.kielce.eu\/?p=15963"},"modified":"2021-03-25T09:12:58","modified_gmt":"2021-03-25T08:12:58","slug":"mickiewicz-wielkim-pisarzem-byl","status":"publish","type":"post","link":"https:\/\/sp1.kielce.eu\/index.php\/2021\/03\/25\/mickiewicz-wielkim-pisarzem-byl\/","title":{"rendered":"\u201eMickiewicz wielkim pisarzem by\u0142 \u2026\u201d"},"content":{"rendered":"\n<p>Kolejne pokolenia poznaj\u0105 tw\u00f3rczo\u015b\u0107 Adama Mickiewicza. Jak to zrobi\u0107, \u017ceby dostrzec mistrzostwo kogo\u015b, kto \u017cy\u0142 i pisa\u0142 kilka wiek\u00f3w temu? Mo\u017ce przygotowa\u0107 prezentacj\u0119 multimedialn\u0105 albo film\u2026Tak w\u0142a\u015bnie zrobili uczniowie z kl. 7b i 7c. Dzi\u0119ki temu o\u017cywili wizerunek Mistrza Adama. Nawet wzi\u0119li udzia\u0142 w dyskusji Mickiewicz kontra S\u0142owacki. To jak si\u0119 okazuje nadal popularny w\u0105tek w mediach spo\u0142eczno\u015bciowych.&nbsp;A najwi\u0119ksz\u0105 atrakcj\u0105 by\u0142o wyszukiwanie w Internecie ciekawostek na temat Mickiewicza.&nbsp;&nbsp;<\/p>\n\n\n\n<p>Zapraszamy do obejrzenia&nbsp;prezentacji i film\u00f3w.&nbsp;&nbsp;<\/p>\n\n\n\n<p>&nbsp;&nbsp;&nbsp;&nbsp;&nbsp;&nbsp;&nbsp;&nbsp;&nbsp;&nbsp;&nbsp;&nbsp;&nbsp;&nbsp;&nbsp;&nbsp;&nbsp;&nbsp;&nbsp;&nbsp;&nbsp;&nbsp;&nbsp;&nbsp;&nbsp;&nbsp;&nbsp;&nbsp;&nbsp;&nbsp;&nbsp;&nbsp;&nbsp;&nbsp;&nbsp;&nbsp;&nbsp;&nbsp;&nbsp;&nbsp;&nbsp;&nbsp;&nbsp;&nbsp;&nbsp;&nbsp;&nbsp;&nbsp;&nbsp;&nbsp;&nbsp;&nbsp;&nbsp;&nbsp;&nbsp;&nbsp;&nbsp;&nbsp;&nbsp;&nbsp;&nbsp;&nbsp;&nbsp;&nbsp;&nbsp;&nbsp;&nbsp;&nbsp;&nbsp;&nbsp;&nbsp;&nbsp;&nbsp;&nbsp;&nbsp;&nbsp;&nbsp;&nbsp;&nbsp;&nbsp;&nbsp;&nbsp;&nbsp;&nbsp;&nbsp;&nbsp;&nbsp;&nbsp;&nbsp;&nbsp;&nbsp;&nbsp;&nbsp;&nbsp;&nbsp;&nbsp;&nbsp;&nbsp;&nbsp; Dorota Broni\u015b&nbsp;&nbsp;<\/p>\n\n\n\n<figure class=\"wp-block-video\"><video controls src=\"http:\/\/sp1.kielce.eu\/wp-content\/uploads\/2021\/03\/Emilia-Masierak-7c-Adam-Mickiewicz.mp4\"><\/video><\/figure>\n\n\n\n<figure class=\"wp-block-image size-large\"><img loading=\"lazy\" decoding=\"async\" width=\"1098\" height=\"900\" src=\"http:\/\/sp1.kielce.eu\/wp-content\/uploads\/2021\/03\/MicrosoftTeams-image-1-1098x900.jpg\" alt=\"\" class=\"wp-image-15962\" srcset=\"https:\/\/sp1.kielce.eu\/wp-content\/uploads\/2021\/03\/MicrosoftTeams-image-1-1098x900.jpg 1098w, https:\/\/sp1.kielce.eu\/wp-content\/uploads\/2021\/03\/MicrosoftTeams-image-1-300x246.jpg 300w, https:\/\/sp1.kielce.eu\/wp-content\/uploads\/2021\/03\/MicrosoftTeams-image-1-768x629.jpg 768w, https:\/\/sp1.kielce.eu\/wp-content\/uploads\/2021\/03\/MicrosoftTeams-image-1-820x672.jpg 820w, https:\/\/sp1.kielce.eu\/wp-content\/uploads\/2021\/03\/MicrosoftTeams-image-1.jpg 1500w\" sizes=\"auto, (max-width: 1098px) 100vw, 1098px\" \/><\/figure>\n\n\n\n<div class=\"wp-block-file\"><a href=\"http:\/\/sp1.kielce.eu\/wp-content\/uploads\/2021\/03\/Eryk-Kubicki-7b-Adam-Mickiewicz-prezentacja.pptx\">Eryk Kubicki- 7b -Adam Mickiewicz- prezentacja<\/a><a href=\"http:\/\/sp1.kielce.eu\/wp-content\/uploads\/2021\/03\/Eryk-Kubicki-7b-Adam-Mickiewicz-prezentacja.pptx\" class=\"wp-block-file__button\" download>Pobierz<\/a><\/div>\n\n\n\n<div class=\"wp-block-file\"><a href=\"http:\/\/sp1.kielce.eu\/wp-content\/uploads\/2021\/03\/Madzik-Krzysztof-7b-Adam-Mickiewicz_i.pptx\">M\u0105dzik Krzysztof -7b- Adam Mickiewicz_i<\/a><a href=\"http:\/\/sp1.kielce.eu\/wp-content\/uploads\/2021\/03\/Madzik-Krzysztof-7b-Adam-Mickiewicz_i.pptx\" class=\"wp-block-file__button\" download>Pobierz<\/a><\/div>\n\n\n\n<p><\/p>\n","protected":false},"excerpt":{"rendered":"<p>Kolejne pokolenia poznaj\u0105 tw\u00f3rczo\u015b\u0107 Adama Mickiewicza. Jak to zrobi\u0107, \u017ceby dostrzec mistrzostwo kogo\u015b, kto \u017cy\u0142 [&hellip;]<\/p>\n","protected":false},"author":5,"featured_media":15965,"comment_status":"closed","ping_status":"open","sticky":false,"template":"","format":"standard","meta":{"footnotes":""},"categories":[36],"tags":[],"class_list":["post-15963","post","type-post","status-publish","format-standard","has-post-thumbnail","hentry","category-wydarzenia"],"_links":{"self":[{"href":"https:\/\/sp1.kielce.eu\/index.php\/wp-json\/wp\/v2\/posts\/15963","targetHints":{"allow":["GET"]}}],"collection":[{"href":"https:\/\/sp1.kielce.eu\/index.php\/wp-json\/wp\/v2\/posts"}],"about":[{"href":"https:\/\/sp1.kielce.eu\/index.php\/wp-json\/wp\/v2\/types\/post"}],"author":[{"embeddable":true,"href":"https:\/\/sp1.kielce.eu\/index.php\/wp-json\/wp\/v2\/users\/5"}],"replies":[{"embeddable":true,"href":"https:\/\/sp1.kielce.eu\/index.php\/wp-json\/wp\/v2\/comments?post=15963"}],"version-history":[{"count":3,"href":"https:\/\/sp1.kielce.eu\/index.php\/wp-json\/wp\/v2\/posts\/15963\/revisions"}],"predecessor-version":[{"id":15988,"href":"https:\/\/sp1.kielce.eu\/index.php\/wp-json\/wp\/v2\/posts\/15963\/revisions\/15988"}],"wp:featuredmedia":[{"embeddable":true,"href":"https:\/\/sp1.kielce.eu\/index.php\/wp-json\/wp\/v2\/media\/15965"}],"wp:attachment":[{"href":"https:\/\/sp1.kielce.eu\/index.php\/wp-json\/wp\/v2\/media?parent=15963"}],"wp:term":[{"taxonomy":"category","embeddable":true,"href":"https:\/\/sp1.kielce.eu\/index.php\/wp-json\/wp\/v2\/categories?post=15963"},{"taxonomy":"post_tag","embeddable":true,"href":"https:\/\/sp1.kielce.eu\/index.php\/wp-json\/wp\/v2\/tags?post=15963"}],"curies":[{"name":"wp","href":"https:\/\/api.w.org\/{rel}","templated":true}]}}