{"id":15865,"date":"2021-03-23T08:12:16","date_gmt":"2021-03-23T07:12:16","guid":{"rendered":"http:\/\/sp1.kielce.eu\/?p=15865"},"modified":"2021-03-26T10:17:11","modified_gmt":"2021-03-26T09:17:11","slug":"stanislaw-staszic-patron-naszej-szkoly","status":"publish","type":"post","link":"https:\/\/sp1.kielce.eu\/index.php\/2021\/03\/23\/stanislaw-staszic-patron-naszej-szkoly\/","title":{"rendered":"Stanis\u0142aw Staszic \u2013 patron naszej szko\u0142y"},"content":{"rendered":"\n<p>Stanis\u0142aw Staszic patron naszej szko\u0142y to posta\u0107 wybitna. By\u0142 wszechstronnym polskim dzia\u0142aczem o\u015bwieceniowym. By\u0142 przede wszystkim pionierem sp\u00f3\u0142dzielczo\u015bci, pisarzem politycznym i publicyst\u0105, filozofem, ksi\u0119dzem katolickim i t\u0142umaczem, a opr\u00f3cz tego przyrodnikiem: geografem i geologiem. Ja co roku podj\u0119li\u015bmy dzia\u0142ania maj\u0105ce na celu przybli\u017cenie sylwetki patrona naszym uczniom. W klasach I-III uczniowie poznali kr\u00f3tk\u0105 biografi\u0119 Stanis\u0142awa Staszica, obejrzeli fotografie miejsc zwi\u0105zanych z jego osob\u0105. Uczniowie wykonali p\u00f3\u017aniej pi\u0119kne prace plastyczne dotycz\u0105ce miejsc zwi\u0105zanych z patronem, wydarze\u0144 z jego \u017cycia. Uczniowie klas V uczestniczyli w zaj\u0119ciach przeprowadzonych przez przedstawiciela O\u015brodka My\u015bli Patriotycznej i Obywatelskiej. Pani podczas zaj\u0119\u0107 przybli\u017cy\u0142a sylwetk\u0119 Stanis\u0142awa Staszica. Zaprezentowa\u0142a r\u00f3wnie\u017c wiele ciekawostek z jego \u017cycia oraz miejsc w wojew\u00f3dztwie \u015bwi\u0119tokrzyskim z nim zwi\u0105zanych. Posumowaniem zaj\u0119\u0107 by\u0142o wsp\u00f3lne rozwi\u0105zanie krzy\u017c\u00f3wki zwieraj\u0105cej pytania dotycz\u0105ce tej wa\u017cnej dla Polski postaci. Na lekcjach techniki uczniowie klas IV-VI wykorzystali swoje zdolno\u015bci manualne i wykonali wspania\u0142e zak\u0142adki do ksi\u0105\u017cek na kt\u00f3rych zaprezentowali posta\u0107 patrona. Zapewne podczas lektury b\u0119d\u0105 przypomina\u0142y im o szkole. Uczniowie klas VII-VIII po zapoznaniu si\u0119 z biografi\u0105 Stanis\u0142awa Staszica mieli mo\u017cliwo\u015b\u0107 napisania listu do patrona w kt\u00f3rym przedstawiali Szko\u0142\u0119 Podstawow\u0105 nr 1. Przyjemnie by\u0142o przeczyta\u0107 wypowiedzi uczni\u00f3w, w kt\u00f3rych tak pozytywnie wyra\u017caj\u0105 si\u0119 o swojej szkole. Siostra Faustyna w ramach realizowanej innowacji pedagogicznej <em>Jedynkowe pejza\u017ce pi\u00f3rem i p\u0119dzlem malowane\u201d<\/em> przygotowa\u0142a z uczniami pi\u0119kne prace na temat Wiosna ze Staszicem. Zapraszamy do galerii prezentuj\u0105ce prace uczni\u00f3w.<\/p>\n\n\n\n<p>Dzi\u0119kujemy za wsp\u00f3\u0142prac\u0119 wszystkim wychowawcom edukacji wczesnoszkolnej: p.Ewie Nowak, p.Karolinie Skalskiej\u2013\u0141osin, p.Iwonie Koscieleckiej, p. El\u017cbiecie Lis, p. Kindze Kozie\u0142, p. Marcie Okopie\u0144 oraz p.Andrzejowi Pustule, a tak\u017ce p.Anecie Trzci\u0144skiej \u2013 nauczycielowi techniki, s.Faustynie \u2013 nauczycielowi religii, p.Dorocie Broni\u015b \u2013 nauczycielowi j\u0119zyka polskiego oraz p. Agnieszcze Zi\u0119tal \u2013 przedstawicielowi OMPiO.<\/p>\n\n\n\n<p class=\"has-text-align-right\">Anna Mazur<\/p>\n\n\n\n<p class=\"has-text-align-right\">Krystyna Banasik<\/p>\n\n\n\n<p class=\"has-text-align-right\">Patryk Kozie\u0142<\/p>\n\n\n\n<figure class=\"wp-block-gallery columns-3 is-cropped wp-block-gallery-1 is-layout-flex wp-block-gallery-is-layout-flex\"><ul class=\"blocks-gallery-grid\"><li class=\"blocks-gallery-item\"><figure><a href=\"http:\/\/sp1.kielce.eu\/wp-content\/uploads\/2021\/03\/01-Staszic-1a-scaled.jpg\"><img loading=\"lazy\" decoding=\"async\" width=\"1290\" height=\"900\" src=\"http:\/\/sp1.kielce.eu\/wp-content\/uploads\/2021\/03\/01-Staszic-1a-1290x900.jpg\" alt=\"\" data-id=\"15866\" data-full-url=\"http:\/\/sp1.kielce.eu\/wp-content\/uploads\/2021\/03\/01-Staszic-1a-scaled.jpg\" data-link=\"http:\/\/sp1.kielce.eu\/index.php\/2021\/03\/23\/stanislaw-staszic-patron-naszej-szkoly\/01-staszic-1a\/\" class=\"wp-image-15866\" srcset=\"https:\/\/sp1.kielce.eu\/wp-content\/uploads\/2021\/03\/01-Staszic-1a-1290x900.jpg 1290w, https:\/\/sp1.kielce.eu\/wp-content\/uploads\/2021\/03\/01-Staszic-1a-300x209.jpg 300w, https:\/\/sp1.kielce.eu\/wp-content\/uploads\/2021\/03\/01-Staszic-1a-768x536.jpg 768w, https:\/\/sp1.kielce.eu\/wp-content\/uploads\/2021\/03\/01-Staszic-1a-1536x1072.jpg 1536w, https:\/\/sp1.kielce.eu\/wp-content\/uploads\/2021\/03\/01-Staszic-1a-2048x1429.jpg 2048w, https:\/\/sp1.kielce.eu\/wp-content\/uploads\/2021\/03\/01-Staszic-1a-820x572.jpg 820w\" sizes=\"auto, (max-width: 1290px) 100vw, 1290px\" \/><\/a><figcaption class=\"blocks-gallery-item__caption\">1<\/figcaption><\/figure><\/li><li class=\"blocks-gallery-item\"><figure><a href=\"http:\/\/sp1.kielce.eu\/wp-content\/uploads\/2021\/03\/02-Staszic-1b.jpg\"><img loading=\"lazy\" decoding=\"async\" width=\"1400\" height=\"688\" src=\"http:\/\/sp1.kielce.eu\/wp-content\/uploads\/2021\/03\/02-Staszic-1b-1400x688.jpg\" alt=\"\" data-id=\"15867\" data-full-url=\"http:\/\/sp1.kielce.eu\/wp-content\/uploads\/2021\/03\/02-Staszic-1b.jpg\" data-link=\"http:\/\/sp1.kielce.eu\/index.php\/2021\/03\/23\/stanislaw-staszic-patron-naszej-szkoly\/02-staszic-1b\/\" class=\"wp-image-15867\" srcset=\"https:\/\/sp1.kielce.eu\/wp-content\/uploads\/2021\/03\/02-Staszic-1b-1400x688.jpg 1400w, https:\/\/sp1.kielce.eu\/wp-content\/uploads\/2021\/03\/02-Staszic-1b-300x147.jpg 300w, https:\/\/sp1.kielce.eu\/wp-content\/uploads\/2021\/03\/02-Staszic-1b-768x377.jpg 768w, https:\/\/sp1.kielce.eu\/wp-content\/uploads\/2021\/03\/02-Staszic-1b-1536x755.jpg 1536w, https:\/\/sp1.kielce.eu\/wp-content\/uploads\/2021\/03\/02-Staszic-1b-820x403.jpg 820w, https:\/\/sp1.kielce.eu\/wp-content\/uploads\/2021\/03\/02-Staszic-1b.jpg 1947w\" sizes=\"auto, (max-width: 1400px) 100vw, 1400px\" \/><\/a><figcaption class=\"blocks-gallery-item__caption\">2<\/figcaption><\/figure><\/li><li class=\"blocks-gallery-item\"><figure><a href=\"http:\/\/sp1.kielce.eu\/wp-content\/uploads\/2021\/03\/03-Staszic-1b.jpg\"><img loading=\"lazy\" decoding=\"async\" width=\"1305\" height=\"900\" src=\"http:\/\/sp1.kielce.eu\/wp-content\/uploads\/2021\/03\/03-Staszic-1b-1305x900.jpg\" alt=\"\" data-id=\"15868\" data-full-url=\"http:\/\/sp1.kielce.eu\/wp-content\/uploads\/2021\/03\/03-Staszic-1b.jpg\" data-link=\"http:\/\/sp1.kielce.eu\/index.php\/2021\/03\/23\/stanislaw-staszic-patron-naszej-szkoly\/03-staszic-1b\/\" class=\"wp-image-15868\" srcset=\"https:\/\/sp1.kielce.eu\/wp-content\/uploads\/2021\/03\/03-Staszic-1b-1305x900.jpg 1305w, https:\/\/sp1.kielce.eu\/wp-content\/uploads\/2021\/03\/03-Staszic-1b-300x207.jpg 300w, https:\/\/sp1.kielce.eu\/wp-content\/uploads\/2021\/03\/03-Staszic-1b-768x530.jpg 768w, https:\/\/sp1.kielce.eu\/wp-content\/uploads\/2021\/03\/03-Staszic-1b-1536x1060.jpg 1536w, https:\/\/sp1.kielce.eu\/wp-content\/uploads\/2021\/03\/03-Staszic-1b-2048x1413.jpg 2048w, https:\/\/sp1.kielce.eu\/wp-content\/uploads\/2021\/03\/03-Staszic-1b-820x566.jpg 820w\" sizes=\"auto, (max-width: 1305px) 100vw, 1305px\" \/><\/a><figcaption class=\"blocks-gallery-item__caption\">3<\/figcaption><\/figure><\/li><li class=\"blocks-gallery-item\"><figure><a href=\"http:\/\/sp1.kielce.eu\/wp-content\/uploads\/2021\/03\/04-1b-Staszic.png\"><img loading=\"lazy\" decoding=\"async\" width=\"1400\" height=\"682\" src=\"http:\/\/sp1.kielce.eu\/wp-content\/uploads\/2021\/03\/04-1b-Staszic-1400x682.png\" alt=\"\" data-id=\"15869\" data-full-url=\"http:\/\/sp1.kielce.eu\/wp-content\/uploads\/2021\/03\/04-1b-Staszic.png\" data-link=\"http:\/\/sp1.kielce.eu\/index.php\/2021\/03\/23\/stanislaw-staszic-patron-naszej-szkoly\/04-1b-staszic\/\" class=\"wp-image-15869\" srcset=\"https:\/\/sp1.kielce.eu\/wp-content\/uploads\/2021\/03\/04-1b-Staszic-1400x682.png 1400w, https:\/\/sp1.kielce.eu\/wp-content\/uploads\/2021\/03\/04-1b-Staszic-300x146.png 300w, https:\/\/sp1.kielce.eu\/wp-content\/uploads\/2021\/03\/04-1b-Staszic-768x374.png 768w, https:\/\/sp1.kielce.eu\/wp-content\/uploads\/2021\/03\/04-1b-Staszic-1536x749.png 1536w, https:\/\/sp1.kielce.eu\/wp-content\/uploads\/2021\/03\/04-1b-Staszic-820x400.png 820w, https:\/\/sp1.kielce.eu\/wp-content\/uploads\/2021\/03\/04-1b-Staszic.png 1590w\" sizes=\"auto, (max-width: 1400px) 100vw, 1400px\" \/><\/a><figcaption class=\"blocks-gallery-item__caption\">4<\/figcaption><\/figure><\/li><li class=\"blocks-gallery-item\"><figure><a href=\"http:\/\/sp1.kielce.eu\/wp-content\/uploads\/2021\/03\/05-1c-Staszic.jpg\"><img loading=\"lazy\" decoding=\"async\" width=\"1400\" height=\"801\" src=\"http:\/\/sp1.kielce.eu\/wp-content\/uploads\/2021\/03\/05-1c-Staszic-1400x801.jpg\" alt=\"\" data-id=\"15870\" data-full-url=\"http:\/\/sp1.kielce.eu\/wp-content\/uploads\/2021\/03\/05-1c-Staszic.jpg\" data-link=\"http:\/\/sp1.kielce.eu\/index.php\/2021\/03\/23\/stanislaw-staszic-patron-naszej-szkoly\/05-1c-staszic\/\" class=\"wp-image-15870\" srcset=\"https:\/\/sp1.kielce.eu\/wp-content\/uploads\/2021\/03\/05-1c-Staszic-1400x801.jpg 1400w, https:\/\/sp1.kielce.eu\/wp-content\/uploads\/2021\/03\/05-1c-Staszic-300x172.jpg 300w, https:\/\/sp1.kielce.eu\/wp-content\/uploads\/2021\/03\/05-1c-Staszic-768x439.jpg 768w, https:\/\/sp1.kielce.eu\/wp-content\/uploads\/2021\/03\/05-1c-Staszic-1536x879.jpg 1536w, https:\/\/sp1.kielce.eu\/wp-content\/uploads\/2021\/03\/05-1c-Staszic-820x469.jpg 820w, https:\/\/sp1.kielce.eu\/wp-content\/uploads\/2021\/03\/05-1c-Staszic.jpg 2015w\" sizes=\"auto, (max-width: 1400px) 100vw, 1400px\" \/><\/a><figcaption class=\"blocks-gallery-item__caption\">5<\/figcaption><\/figure><\/li><li class=\"blocks-gallery-item\"><figure><a href=\"http:\/\/sp1.kielce.eu\/wp-content\/uploads\/2021\/03\/06-2a-Staszic-scaled.jpg\"><img loading=\"lazy\" decoding=\"async\" width=\"1080\" height=\"900\" src=\"http:\/\/sp1.kielce.eu\/wp-content\/uploads\/2021\/03\/06-2a-Staszic-1080x900.jpg\" alt=\"\" data-id=\"15871\" data-full-url=\"http:\/\/sp1.kielce.eu\/wp-content\/uploads\/2021\/03\/06-2a-Staszic-scaled.jpg\" data-link=\"http:\/\/sp1.kielce.eu\/index.php\/2021\/03\/23\/stanislaw-staszic-patron-naszej-szkoly\/06-2a-staszic\/\" class=\"wp-image-15871\" srcset=\"https:\/\/sp1.kielce.eu\/wp-content\/uploads\/2021\/03\/06-2a-Staszic-1080x900.jpg 1080w, https:\/\/sp1.kielce.eu\/wp-content\/uploads\/2021\/03\/06-2a-Staszic-300x250.jpg 300w, https:\/\/sp1.kielce.eu\/wp-content\/uploads\/2021\/03\/06-2a-Staszic-768x640.jpg 768w, https:\/\/sp1.kielce.eu\/wp-content\/uploads\/2021\/03\/06-2a-Staszic-1536x1280.jpg 1536w, https:\/\/sp1.kielce.eu\/wp-content\/uploads\/2021\/03\/06-2a-Staszic-2048x1706.jpg 2048w, https:\/\/sp1.kielce.eu\/wp-content\/uploads\/2021\/03\/06-2a-Staszic-820x683.jpg 820w\" sizes=\"auto, (max-width: 1080px) 100vw, 1080px\" \/><\/a><figcaption class=\"blocks-gallery-item__caption\">6<\/figcaption><\/figure><\/li><li class=\"blocks-gallery-item\"><figure><a href=\"http:\/\/sp1.kielce.eu\/wp-content\/uploads\/2021\/03\/06-Praca-uczennicy.jpg\"><img loading=\"lazy\" decoding=\"async\" width=\"1183\" height=\"867\" src=\"http:\/\/sp1.kielce.eu\/wp-content\/uploads\/2021\/03\/06-Praca-uczennicy.jpg\" alt=\"\" data-id=\"15872\" data-full-url=\"http:\/\/sp1.kielce.eu\/wp-content\/uploads\/2021\/03\/06-Praca-uczennicy.jpg\" data-link=\"http:\/\/sp1.kielce.eu\/index.php\/2021\/03\/23\/stanislaw-staszic-patron-naszej-szkoly\/06-praca-uczennicy\/\" class=\"wp-image-15872\" srcset=\"https:\/\/sp1.kielce.eu\/wp-content\/uploads\/2021\/03\/06-Praca-uczennicy.jpg 1183w, https:\/\/sp1.kielce.eu\/wp-content\/uploads\/2021\/03\/06-Praca-uczennicy-300x220.jpg 300w, https:\/\/sp1.kielce.eu\/wp-content\/uploads\/2021\/03\/06-Praca-uczennicy-768x563.jpg 768w, https:\/\/sp1.kielce.eu\/wp-content\/uploads\/2021\/03\/06-Praca-uczennicy-820x601.jpg 820w\" sizes=\"auto, (max-width: 1183px) 100vw, 1183px\" \/><\/a><figcaption class=\"blocks-gallery-item__caption\">7<\/figcaption><\/figure><\/li><li class=\"blocks-gallery-item\"><figure><a href=\"http:\/\/sp1.kielce.eu\/wp-content\/uploads\/2021\/03\/07-2b-Staszic-scaled.jpg\"><img loading=\"lazy\" decoding=\"async\" width=\"1251\" height=\"900\" src=\"http:\/\/sp1.kielce.eu\/wp-content\/uploads\/2021\/03\/07-2b-Staszic-1251x900.jpg\" alt=\"\" data-id=\"15873\" data-full-url=\"http:\/\/sp1.kielce.eu\/wp-content\/uploads\/2021\/03\/07-2b-Staszic-scaled.jpg\" data-link=\"http:\/\/sp1.kielce.eu\/index.php\/2021\/03\/23\/stanislaw-staszic-patron-naszej-szkoly\/07-2b-staszic\/\" class=\"wp-image-15873\" srcset=\"https:\/\/sp1.kielce.eu\/wp-content\/uploads\/2021\/03\/07-2b-Staszic-1251x900.jpg 1251w, https:\/\/sp1.kielce.eu\/wp-content\/uploads\/2021\/03\/07-2b-Staszic-300x216.jpg 300w, https:\/\/sp1.kielce.eu\/wp-content\/uploads\/2021\/03\/07-2b-Staszic-768x552.jpg 768w, https:\/\/sp1.kielce.eu\/wp-content\/uploads\/2021\/03\/07-2b-Staszic-1536x1105.jpg 1536w, https:\/\/sp1.kielce.eu\/wp-content\/uploads\/2021\/03\/07-2b-Staszic-2048x1473.jpg 2048w, https:\/\/sp1.kielce.eu\/wp-content\/uploads\/2021\/03\/07-2b-Staszic-820x590.jpg 820w\" sizes=\"auto, (max-width: 1251px) 100vw, 1251px\" \/><\/a><figcaption class=\"blocks-gallery-item__caption\">8<\/figcaption><\/figure><\/li><li class=\"blocks-gallery-item\"><figure><a href=\"http:\/\/sp1.kielce.eu\/wp-content\/uploads\/2021\/03\/08-3a-Staszic-scaled.jpg\"><img loading=\"lazy\" decoding=\"async\" width=\"1186\" height=\"900\" src=\"http:\/\/sp1.kielce.eu\/wp-content\/uploads\/2021\/03\/08-3a-Staszic-1186x900.jpg\" alt=\"\" data-id=\"15874\" data-full-url=\"http:\/\/sp1.kielce.eu\/wp-content\/uploads\/2021\/03\/08-3a-Staszic-scaled.jpg\" data-link=\"http:\/\/sp1.kielce.eu\/index.php\/2021\/03\/23\/stanislaw-staszic-patron-naszej-szkoly\/08-3a-staszic\/\" class=\"wp-image-15874\" srcset=\"https:\/\/sp1.kielce.eu\/wp-content\/uploads\/2021\/03\/08-3a-Staszic-1186x900.jpg 1186w, https:\/\/sp1.kielce.eu\/wp-content\/uploads\/2021\/03\/08-3a-Staszic-300x228.jpg 300w, https:\/\/sp1.kielce.eu\/wp-content\/uploads\/2021\/03\/08-3a-Staszic-768x583.jpg 768w, https:\/\/sp1.kielce.eu\/wp-content\/uploads\/2021\/03\/08-3a-Staszic-1536x1166.jpg 1536w, https:\/\/sp1.kielce.eu\/wp-content\/uploads\/2021\/03\/08-3a-Staszic-2048x1555.jpg 2048w, https:\/\/sp1.kielce.eu\/wp-content\/uploads\/2021\/03\/08-3a-Staszic-820x622.jpg 820w\" sizes=\"auto, (max-width: 1186px) 100vw, 1186px\" \/><\/a><figcaption class=\"blocks-gallery-item__caption\">9<\/figcaption><\/figure><\/li><li class=\"blocks-gallery-item\"><figure><a href=\"http:\/\/sp1.kielce.eu\/wp-content\/uploads\/2021\/03\/09-3b-Staszic-scaled.jpg\"><img loading=\"lazy\" decoding=\"async\" width=\"959\" height=\"900\" src=\"http:\/\/sp1.kielce.eu\/wp-content\/uploads\/2021\/03\/09-3b-Staszic-959x900.jpg\" alt=\"\" data-id=\"15875\" data-full-url=\"http:\/\/sp1.kielce.eu\/wp-content\/uploads\/2021\/03\/09-3b-Staszic-scaled.jpg\" data-link=\"http:\/\/sp1.kielce.eu\/index.php\/2021\/03\/23\/stanislaw-staszic-patron-naszej-szkoly\/09-3b-staszic\/\" class=\"wp-image-15875\" srcset=\"https:\/\/sp1.kielce.eu\/wp-content\/uploads\/2021\/03\/09-3b-Staszic-959x900.jpg 959w, https:\/\/sp1.kielce.eu\/wp-content\/uploads\/2021\/03\/09-3b-Staszic-300x282.jpg 300w, https:\/\/sp1.kielce.eu\/wp-content\/uploads\/2021\/03\/09-3b-Staszic-768x721.jpg 768w, https:\/\/sp1.kielce.eu\/wp-content\/uploads\/2021\/03\/09-3b-Staszic-1536x1441.jpg 1536w, https:\/\/sp1.kielce.eu\/wp-content\/uploads\/2021\/03\/09-3b-Staszic-2048x1922.jpg 2048w, https:\/\/sp1.kielce.eu\/wp-content\/uploads\/2021\/03\/09-3b-Staszic-820x770.jpg 820w\" sizes=\"auto, (max-width: 959px) 100vw, 959px\" \/><\/a><figcaption class=\"blocks-gallery-item__caption\">10<\/figcaption><\/figure><\/li><li class=\"blocks-gallery-item\"><figure><a href=\"http:\/\/sp1.kielce.eu\/wp-content\/uploads\/2021\/03\/10-Staszic-scaled.jpg\"><img loading=\"lazy\" decoding=\"async\" width=\"1167\" height=\"900\" src=\"http:\/\/sp1.kielce.eu\/wp-content\/uploads\/2021\/03\/10-Staszic-1167x900.jpg\" alt=\"\" data-id=\"15876\" data-full-url=\"http:\/\/sp1.kielce.eu\/wp-content\/uploads\/2021\/03\/10-Staszic-scaled.jpg\" data-link=\"http:\/\/sp1.kielce.eu\/index.php\/2021\/03\/23\/stanislaw-staszic-patron-naszej-szkoly\/10-staszic\/\" class=\"wp-image-15876\" srcset=\"https:\/\/sp1.kielce.eu\/wp-content\/uploads\/2021\/03\/10-Staszic-1167x900.jpg 1167w, https:\/\/sp1.kielce.eu\/wp-content\/uploads\/2021\/03\/10-Staszic-300x231.jpg 300w, https:\/\/sp1.kielce.eu\/wp-content\/uploads\/2021\/03\/10-Staszic-768x592.jpg 768w, https:\/\/sp1.kielce.eu\/wp-content\/uploads\/2021\/03\/10-Staszic-1536x1185.jpg 1536w, https:\/\/sp1.kielce.eu\/wp-content\/uploads\/2021\/03\/10-Staszic-2048x1580.jpg 2048w, https:\/\/sp1.kielce.eu\/wp-content\/uploads\/2021\/03\/10-Staszic-820x632.jpg 820w\" sizes=\"auto, (max-width: 1167px) 100vw, 1167px\" \/><\/a><figcaption class=\"blocks-gallery-item__caption\">11<\/figcaption><\/figure><\/li><li class=\"blocks-gallery-item\"><figure><a href=\"http:\/\/sp1.kielce.eu\/wp-content\/uploads\/2021\/03\/Amelia-Bednarska-list-do-Staszica.png\"><img loading=\"lazy\" decoding=\"async\" width=\"527\" height=\"742\" src=\"http:\/\/sp1.kielce.eu\/wp-content\/uploads\/2021\/03\/Amelia-Bednarska-list-do-Staszica.png\" alt=\"\" data-id=\"15877\" data-full-url=\"http:\/\/sp1.kielce.eu\/wp-content\/uploads\/2021\/03\/Amelia-Bednarska-list-do-Staszica.png\" data-link=\"http:\/\/sp1.kielce.eu\/index.php\/2021\/03\/23\/stanislaw-staszic-patron-naszej-szkoly\/amelia-bednarska-list-do-staszica\/\" class=\"wp-image-15877\" srcset=\"https:\/\/sp1.kielce.eu\/wp-content\/uploads\/2021\/03\/Amelia-Bednarska-list-do-Staszica.png 527w, https:\/\/sp1.kielce.eu\/wp-content\/uploads\/2021\/03\/Amelia-Bednarska-list-do-Staszica-213x300.png 213w\" sizes=\"auto, (max-width: 527px) 100vw, 527px\" \/><\/a><figcaption class=\"blocks-gallery-item__caption\">12<\/figcaption><\/figure><\/li><li class=\"blocks-gallery-item\"><figure><a href=\"http:\/\/sp1.kielce.eu\/wp-content\/uploads\/2021\/03\/Amelka-Beoaska-list-do-Staszica.jpg\"><img loading=\"lazy\" decoding=\"async\" width=\"675\" height=\"900\" src=\"http:\/\/sp1.kielce.eu\/wp-content\/uploads\/2021\/03\/Amelka-Beoaska-list-do-Staszica-675x900.jpg\" alt=\"\" data-id=\"15878\" data-full-url=\"http:\/\/sp1.kielce.eu\/wp-content\/uploads\/2021\/03\/Amelka-Beoaska-list-do-Staszica.jpg\" data-link=\"http:\/\/sp1.kielce.eu\/index.php\/2021\/03\/23\/stanislaw-staszic-patron-naszej-szkoly\/amelka-beoaska-list-do-staszica\/\" class=\"wp-image-15878\" srcset=\"https:\/\/sp1.kielce.eu\/wp-content\/uploads\/2021\/03\/Amelka-Beoaska-list-do-Staszica-675x900.jpg 675w, https:\/\/sp1.kielce.eu\/wp-content\/uploads\/2021\/03\/Amelka-Beoaska-list-do-Staszica-225x300.jpg 225w, https:\/\/sp1.kielce.eu\/wp-content\/uploads\/2021\/03\/Amelka-Beoaska-list-do-Staszica-768x1024.jpg 768w, https:\/\/sp1.kielce.eu\/wp-content\/uploads\/2021\/03\/Amelka-Beoaska-list-do-Staszica-1152x1536.jpg 1152w, https:\/\/sp1.kielce.eu\/wp-content\/uploads\/2021\/03\/Amelka-Beoaska-list-do-Staszica-820x1093.jpg 820w, https:\/\/sp1.kielce.eu\/wp-content\/uploads\/2021\/03\/Amelka-Beoaska-list-do-Staszica.jpg 1500w\" sizes=\"auto, (max-width: 675px) 100vw, 675px\" \/><\/a><figcaption class=\"blocks-gallery-item__caption\">13<\/figcaption><\/figure><\/li><li class=\"blocks-gallery-item\"><figure><a href=\"http:\/\/sp1.kielce.eu\/wp-content\/uploads\/2021\/03\/Cezary-Kromer-list-do-Staszica-scaled.jpg\"><img loading=\"lazy\" decoding=\"async\" width=\"1360\" height=\"900\" src=\"http:\/\/sp1.kielce.eu\/wp-content\/uploads\/2021\/03\/Cezary-Kromer-list-do-Staszica-1360x900.jpg\" alt=\"\" data-id=\"15879\" data-full-url=\"http:\/\/sp1.kielce.eu\/wp-content\/uploads\/2021\/03\/Cezary-Kromer-list-do-Staszica-scaled.jpg\" data-link=\"http:\/\/sp1.kielce.eu\/index.php\/2021\/03\/23\/stanislaw-staszic-patron-naszej-szkoly\/cezary-kromer-list-do-staszica\/\" class=\"wp-image-15879\" srcset=\"https:\/\/sp1.kielce.eu\/wp-content\/uploads\/2021\/03\/Cezary-Kromer-list-do-Staszica-1360x900.jpg 1360w, https:\/\/sp1.kielce.eu\/wp-content\/uploads\/2021\/03\/Cezary-Kromer-list-do-Staszica-300x198.jpg 300w, https:\/\/sp1.kielce.eu\/wp-content\/uploads\/2021\/03\/Cezary-Kromer-list-do-Staszica-768x508.jpg 768w, https:\/\/sp1.kielce.eu\/wp-content\/uploads\/2021\/03\/Cezary-Kromer-list-do-Staszica-1536x1016.jpg 1536w, https:\/\/sp1.kielce.eu\/wp-content\/uploads\/2021\/03\/Cezary-Kromer-list-do-Staszica-2048x1355.jpg 2048w, https:\/\/sp1.kielce.eu\/wp-content\/uploads\/2021\/03\/Cezary-Kromer-list-do-Staszica-820x543.jpg 820w\" sizes=\"auto, (max-width: 1360px) 100vw, 1360px\" \/><\/a><figcaption class=\"blocks-gallery-item__caption\">14<\/figcaption><\/figure><\/li><li class=\"blocks-gallery-item\"><figure><a href=\"http:\/\/sp1.kielce.eu\/wp-content\/uploads\/2021\/03\/Emilia-Masierak-list-do-Staszica.jpg\"><img loading=\"lazy\" decoding=\"async\" width=\"900\" height=\"900\" src=\"http:\/\/sp1.kielce.eu\/wp-content\/uploads\/2021\/03\/Emilia-Masierak-list-do-Staszica-900x900.jpg\" alt=\"\" data-id=\"15880\" data-full-url=\"http:\/\/sp1.kielce.eu\/wp-content\/uploads\/2021\/03\/Emilia-Masierak-list-do-Staszica.jpg\" data-link=\"http:\/\/sp1.kielce.eu\/index.php\/2021\/03\/23\/stanislaw-staszic-patron-naszej-szkoly\/emilia-masierak-list-do-staszica\/\" class=\"wp-image-15880\" srcset=\"https:\/\/sp1.kielce.eu\/wp-content\/uploads\/2021\/03\/Emilia-Masierak-list-do-Staszica-900x900.jpg 900w, https:\/\/sp1.kielce.eu\/wp-content\/uploads\/2021\/03\/Emilia-Masierak-list-do-Staszica-300x300.jpg 300w, https:\/\/sp1.kielce.eu\/wp-content\/uploads\/2021\/03\/Emilia-Masierak-list-do-Staszica-150x150.jpg 150w, https:\/\/sp1.kielce.eu\/wp-content\/uploads\/2021\/03\/Emilia-Masierak-list-do-Staszica-768x768.jpg 768w, https:\/\/sp1.kielce.eu\/wp-content\/uploads\/2021\/03\/Emilia-Masierak-list-do-Staszica-1536x1536.jpg 1536w, https:\/\/sp1.kielce.eu\/wp-content\/uploads\/2021\/03\/Emilia-Masierak-list-do-Staszica-820x820.jpg 820w, https:\/\/sp1.kielce.eu\/wp-content\/uploads\/2021\/03\/Emilia-Masierak-list-do-Staszica.jpg 1732w\" sizes=\"auto, (max-width: 900px) 100vw, 900px\" \/><\/a><figcaption class=\"blocks-gallery-item__caption\">15<\/figcaption><\/figure><\/li><li class=\"blocks-gallery-item\"><figure><a href=\"http:\/\/sp1.kielce.eu\/wp-content\/uploads\/2021\/03\/Eryk-Kubicki-List-do-Staszica.jpg\"><img loading=\"lazy\" decoding=\"async\" width=\"675\" height=\"900\" src=\"http:\/\/sp1.kielce.eu\/wp-content\/uploads\/2021\/03\/Eryk-Kubicki-List-do-Staszica-675x900.jpg\" alt=\"\" data-id=\"15881\" data-full-url=\"http:\/\/sp1.kielce.eu\/wp-content\/uploads\/2021\/03\/Eryk-Kubicki-List-do-Staszica.jpg\" data-link=\"http:\/\/sp1.kielce.eu\/index.php\/2021\/03\/23\/stanislaw-staszic-patron-naszej-szkoly\/eryk-kubicki-list-do-staszica\/\" class=\"wp-image-15881\" srcset=\"https:\/\/sp1.kielce.eu\/wp-content\/uploads\/2021\/03\/Eryk-Kubicki-List-do-Staszica-675x900.jpg 675w, https:\/\/sp1.kielce.eu\/wp-content\/uploads\/2021\/03\/Eryk-Kubicki-List-do-Staszica-225x300.jpg 225w, https:\/\/sp1.kielce.eu\/wp-content\/uploads\/2021\/03\/Eryk-Kubicki-List-do-Staszica-768x1024.jpg 768w, https:\/\/sp1.kielce.eu\/wp-content\/uploads\/2021\/03\/Eryk-Kubicki-List-do-Staszica-1152x1536.jpg 1152w, https:\/\/sp1.kielce.eu\/wp-content\/uploads\/2021\/03\/Eryk-Kubicki-List-do-Staszica-1536x2048.jpg 1536w, https:\/\/sp1.kielce.eu\/wp-content\/uploads\/2021\/03\/Eryk-Kubicki-List-do-Staszica-820x1093.jpg 820w, https:\/\/sp1.kielce.eu\/wp-content\/uploads\/2021\/03\/Eryk-Kubicki-List-do-Staszica.jpg 1728w\" sizes=\"auto, (max-width: 675px) 100vw, 675px\" \/><\/a><figcaption class=\"blocks-gallery-item__caption\">16<\/figcaption><\/figure><\/li><li class=\"blocks-gallery-item\"><figure><a href=\"http:\/\/sp1.kielce.eu\/wp-content\/uploads\/2021\/03\/Ewa-Kwieciaska-list-do-Staszica.jpg\"><img loading=\"lazy\" decoding=\"async\" width=\"675\" height=\"900\" src=\"http:\/\/sp1.kielce.eu\/wp-content\/uploads\/2021\/03\/Ewa-Kwieciaska-list-do-Staszica-675x900.jpg\" alt=\"\" data-id=\"15882\" data-full-url=\"http:\/\/sp1.kielce.eu\/wp-content\/uploads\/2021\/03\/Ewa-Kwieciaska-list-do-Staszica.jpg\" data-link=\"http:\/\/sp1.kielce.eu\/index.php\/2021\/03\/23\/stanislaw-staszic-patron-naszej-szkoly\/ewa-kwieciaska-list-do-staszica\/\" class=\"wp-image-15882\" srcset=\"https:\/\/sp1.kielce.eu\/wp-content\/uploads\/2021\/03\/Ewa-Kwieciaska-list-do-Staszica-675x900.jpg 675w, https:\/\/sp1.kielce.eu\/wp-content\/uploads\/2021\/03\/Ewa-Kwieciaska-list-do-Staszica-225x300.jpg 225w, https:\/\/sp1.kielce.eu\/wp-content\/uploads\/2021\/03\/Ewa-Kwieciaska-list-do-Staszica-768x1024.jpg 768w, https:\/\/sp1.kielce.eu\/wp-content\/uploads\/2021\/03\/Ewa-Kwieciaska-list-do-Staszica-1152x1536.jpg 1152w, https:\/\/sp1.kielce.eu\/wp-content\/uploads\/2021\/03\/Ewa-Kwieciaska-list-do-Staszica-820x1093.jpg 820w, https:\/\/sp1.kielce.eu\/wp-content\/uploads\/2021\/03\/Ewa-Kwieciaska-list-do-Staszica.jpg 1512w\" sizes=\"auto, (max-width: 675px) 100vw, 675px\" \/><\/a><figcaption class=\"blocks-gallery-item__caption\">17<\/figcaption><\/figure><\/li><li class=\"blocks-gallery-item\"><figure><a href=\"http:\/\/sp1.kielce.eu\/wp-content\/uploads\/2021\/03\/Gabriel-Bandura-list-do-Staszica.jpg\"><img loading=\"lazy\" decoding=\"async\" width=\"675\" height=\"900\" src=\"http:\/\/sp1.kielce.eu\/wp-content\/uploads\/2021\/03\/Gabriel-Bandura-list-do-Staszica-675x900.jpg\" alt=\"\" data-id=\"15883\" data-full-url=\"http:\/\/sp1.kielce.eu\/wp-content\/uploads\/2021\/03\/Gabriel-Bandura-list-do-Staszica.jpg\" data-link=\"http:\/\/sp1.kielce.eu\/index.php\/2021\/03\/23\/stanislaw-staszic-patron-naszej-szkoly\/gabriel-bandura-list-do-staszica\/\" class=\"wp-image-15883\" srcset=\"https:\/\/sp1.kielce.eu\/wp-content\/uploads\/2021\/03\/Gabriel-Bandura-list-do-Staszica-675x900.jpg 675w, https:\/\/sp1.kielce.eu\/wp-content\/uploads\/2021\/03\/Gabriel-Bandura-list-do-Staszica-225x300.jpg 225w, https:\/\/sp1.kielce.eu\/wp-content\/uploads\/2021\/03\/Gabriel-Bandura-list-do-Staszica.jpg 768w\" sizes=\"auto, (max-width: 675px) 100vw, 675px\" \/><\/a><figcaption class=\"blocks-gallery-item__caption\">18<\/figcaption><\/figure><\/li><li class=\"blocks-gallery-item\"><figure><a href=\"http:\/\/sp1.kielce.eu\/wp-content\/uploads\/2021\/03\/Iza-Maeecka-list-do-Staszica.jpg\"><img loading=\"lazy\" decoding=\"async\" width=\"613\" height=\"900\" src=\"http:\/\/sp1.kielce.eu\/wp-content\/uploads\/2021\/03\/Iza-Maeecka-list-do-Staszica-613x900.jpg\" alt=\"\" data-id=\"15884\" data-full-url=\"http:\/\/sp1.kielce.eu\/wp-content\/uploads\/2021\/03\/Iza-Maeecka-list-do-Staszica.jpg\" data-link=\"http:\/\/sp1.kielce.eu\/index.php\/2021\/03\/23\/stanislaw-staszic-patron-naszej-szkoly\/iza-maeecka-list-do-staszica\/\" class=\"wp-image-15884\" srcset=\"https:\/\/sp1.kielce.eu\/wp-content\/uploads\/2021\/03\/Iza-Maeecka-list-do-Staszica-613x900.jpg 613w, https:\/\/sp1.kielce.eu\/wp-content\/uploads\/2021\/03\/Iza-Maeecka-list-do-Staszica-204x300.jpg 204w, https:\/\/sp1.kielce.eu\/wp-content\/uploads\/2021\/03\/Iza-Maeecka-list-do-Staszica-768x1127.jpg 768w, https:\/\/sp1.kielce.eu\/wp-content\/uploads\/2021\/03\/Iza-Maeecka-list-do-Staszica-820x1203.jpg 820w, https:\/\/sp1.kielce.eu\/wp-content\/uploads\/2021\/03\/Iza-Maeecka-list-do-Staszica.jpg 910w\" sizes=\"auto, (max-width: 613px) 100vw, 613px\" \/><\/a><figcaption class=\"blocks-gallery-item__caption\">19<\/figcaption><\/figure><\/li><li class=\"blocks-gallery-item\"><figure><a href=\"http:\/\/sp1.kielce.eu\/wp-content\/uploads\/2021\/03\/Julia-Grudziaska-list-do-Staszica.jpg\"><img loading=\"lazy\" decoding=\"async\" width=\"675\" height=\"900\" src=\"http:\/\/sp1.kielce.eu\/wp-content\/uploads\/2021\/03\/Julia-Grudziaska-list-do-Staszica-675x900.jpg\" alt=\"\" data-id=\"15885\" data-full-url=\"http:\/\/sp1.kielce.eu\/wp-content\/uploads\/2021\/03\/Julia-Grudziaska-list-do-Staszica.jpg\" data-link=\"http:\/\/sp1.kielce.eu\/index.php\/2021\/03\/23\/stanislaw-staszic-patron-naszej-szkoly\/julia-grudziaska-list-do-staszica\/\" class=\"wp-image-15885\" srcset=\"https:\/\/sp1.kielce.eu\/wp-content\/uploads\/2021\/03\/Julia-Grudziaska-list-do-Staszica-675x900.jpg 675w, https:\/\/sp1.kielce.eu\/wp-content\/uploads\/2021\/03\/Julia-Grudziaska-list-do-Staszica-225x300.jpg 225w, https:\/\/sp1.kielce.eu\/wp-content\/uploads\/2021\/03\/Julia-Grudziaska-list-do-Staszica-768x1024.jpg 768w, https:\/\/sp1.kielce.eu\/wp-content\/uploads\/2021\/03\/Julia-Grudziaska-list-do-Staszica-1152x1536.jpg 1152w, https:\/\/sp1.kielce.eu\/wp-content\/uploads\/2021\/03\/Julia-Grudziaska-list-do-Staszica-820x1093.jpg 820w, https:\/\/sp1.kielce.eu\/wp-content\/uploads\/2021\/03\/Julia-Grudziaska-list-do-Staszica.jpg 1536w\" sizes=\"auto, (max-width: 675px) 100vw, 675px\" \/><\/a><figcaption class=\"blocks-gallery-item__caption\">20<\/figcaption><\/figure><\/li><li class=\"blocks-gallery-item\"><figure><a href=\"http:\/\/sp1.kielce.eu\/wp-content\/uploads\/2021\/03\/Klaudia-Durlik-list-do-Staszica.jpg\"><img loading=\"lazy\" decoding=\"async\" width=\"675\" height=\"900\" src=\"http:\/\/sp1.kielce.eu\/wp-content\/uploads\/2021\/03\/Klaudia-Durlik-list-do-Staszica-675x900.jpg\" alt=\"\" data-id=\"15886\" data-full-url=\"http:\/\/sp1.kielce.eu\/wp-content\/uploads\/2021\/03\/Klaudia-Durlik-list-do-Staszica.jpg\" data-link=\"http:\/\/sp1.kielce.eu\/index.php\/2021\/03\/23\/stanislaw-staszic-patron-naszej-szkoly\/klaudia-durlik-list-do-staszica\/\" class=\"wp-image-15886\" srcset=\"https:\/\/sp1.kielce.eu\/wp-content\/uploads\/2021\/03\/Klaudia-Durlik-list-do-Staszica-675x900.jpg 675w, https:\/\/sp1.kielce.eu\/wp-content\/uploads\/2021\/03\/Klaudia-Durlik-list-do-Staszica-225x300.jpg 225w, https:\/\/sp1.kielce.eu\/wp-content\/uploads\/2021\/03\/Klaudia-Durlik-list-do-Staszica-768x1024.jpg 768w, https:\/\/sp1.kielce.eu\/wp-content\/uploads\/2021\/03\/Klaudia-Durlik-list-do-Staszica-1152x1536.jpg 1152w, https:\/\/sp1.kielce.eu\/wp-content\/uploads\/2021\/03\/Klaudia-Durlik-list-do-Staszica-1536x2048.jpg 1536w, https:\/\/sp1.kielce.eu\/wp-content\/uploads\/2021\/03\/Klaudia-Durlik-list-do-Staszica-820x1093.jpg 820w, https:\/\/sp1.kielce.eu\/wp-content\/uploads\/2021\/03\/Klaudia-Durlik-list-do-Staszica.jpg 1548w\" sizes=\"auto, (max-width: 675px) 100vw, 675px\" \/><\/a><figcaption class=\"blocks-gallery-item__caption\">21<\/figcaption><\/figure><\/li><li class=\"blocks-gallery-item\"><figure><a href=\"http:\/\/sp1.kielce.eu\/wp-content\/uploads\/2021\/03\/Laura-Sztuk-list-do-Staszica.png\"><img loading=\"lazy\" decoding=\"async\" width=\"249\" height=\"350\" src=\"http:\/\/sp1.kielce.eu\/wp-content\/uploads\/2021\/03\/Laura-Sztuk-list-do-Staszica.png\" alt=\"\" data-id=\"15887\" data-full-url=\"http:\/\/sp1.kielce.eu\/wp-content\/uploads\/2021\/03\/Laura-Sztuk-list-do-Staszica.png\" data-link=\"http:\/\/sp1.kielce.eu\/index.php\/2021\/03\/23\/stanislaw-staszic-patron-naszej-szkoly\/laura-sztuk-list-do-staszica\/\" class=\"wp-image-15887\" srcset=\"https:\/\/sp1.kielce.eu\/wp-content\/uploads\/2021\/03\/Laura-Sztuk-list-do-Staszica.png 249w, https:\/\/sp1.kielce.eu\/wp-content\/uploads\/2021\/03\/Laura-Sztuk-list-do-Staszica-213x300.png 213w\" sizes=\"auto, (max-width: 249px) 100vw, 249px\" \/><\/a><figcaption class=\"blocks-gallery-item__caption\">22<\/figcaption><\/figure><\/li><li class=\"blocks-gallery-item\"><figure><a href=\"http:\/\/sp1.kielce.eu\/wp-content\/uploads\/2021\/03\/Spotkanie-OMPiO-1-Large.png\"><img loading=\"lazy\" decoding=\"async\" width=\"1400\" height=\"816\" src=\"http:\/\/sp1.kielce.eu\/wp-content\/uploads\/2021\/03\/Spotkanie-OMPiO-1-Large-1400x816.png\" alt=\"\" data-id=\"15888\" data-full-url=\"http:\/\/sp1.kielce.eu\/wp-content\/uploads\/2021\/03\/Spotkanie-OMPiO-1-Large.png\" data-link=\"http:\/\/sp1.kielce.eu\/index.php\/2021\/03\/23\/stanislaw-staszic-patron-naszej-szkoly\/spotkanie-ompio-1-large\/\" class=\"wp-image-15888\" srcset=\"https:\/\/sp1.kielce.eu\/wp-content\/uploads\/2021\/03\/Spotkanie-OMPiO-1-Large-1400x816.png 1400w, https:\/\/sp1.kielce.eu\/wp-content\/uploads\/2021\/03\/Spotkanie-OMPiO-1-Large-300x175.png 300w, https:\/\/sp1.kielce.eu\/wp-content\/uploads\/2021\/03\/Spotkanie-OMPiO-1-Large-768x447.png 768w, https:\/\/sp1.kielce.eu\/wp-content\/uploads\/2021\/03\/Spotkanie-OMPiO-1-Large-1536x895.png 1536w, https:\/\/sp1.kielce.eu\/wp-content\/uploads\/2021\/03\/Spotkanie-OMPiO-1-Large-820x478.png 820w, https:\/\/sp1.kielce.eu\/wp-content\/uploads\/2021\/03\/Spotkanie-OMPiO-1-Large.png 1854w\" sizes=\"auto, (max-width: 1400px) 100vw, 1400px\" \/><\/a><figcaption class=\"blocks-gallery-item__caption\">23<\/figcaption><\/figure><\/li><li class=\"blocks-gallery-item\"><figure><a href=\"http:\/\/sp1.kielce.eu\/wp-content\/uploads\/2021\/03\/Spotkanie-OMPiO-2-Large.png\"><img loading=\"lazy\" decoding=\"async\" width=\"1400\" height=\"816\" src=\"http:\/\/sp1.kielce.eu\/wp-content\/uploads\/2021\/03\/Spotkanie-OMPiO-2-Large-1400x816.png\" alt=\"\" data-id=\"15889\" data-full-url=\"http:\/\/sp1.kielce.eu\/wp-content\/uploads\/2021\/03\/Spotkanie-OMPiO-2-Large.png\" data-link=\"http:\/\/sp1.kielce.eu\/index.php\/2021\/03\/23\/stanislaw-staszic-patron-naszej-szkoly\/spotkanie-ompio-2-large\/\" class=\"wp-image-15889\" srcset=\"https:\/\/sp1.kielce.eu\/wp-content\/uploads\/2021\/03\/Spotkanie-OMPiO-2-Large-1400x816.png 1400w, https:\/\/sp1.kielce.eu\/wp-content\/uploads\/2021\/03\/Spotkanie-OMPiO-2-Large-300x175.png 300w, https:\/\/sp1.kielce.eu\/wp-content\/uploads\/2021\/03\/Spotkanie-OMPiO-2-Large-768x448.png 768w, https:\/\/sp1.kielce.eu\/wp-content\/uploads\/2021\/03\/Spotkanie-OMPiO-2-Large-1536x895.png 1536w, https:\/\/sp1.kielce.eu\/wp-content\/uploads\/2021\/03\/Spotkanie-OMPiO-2-Large-820x478.png 820w, https:\/\/sp1.kielce.eu\/wp-content\/uploads\/2021\/03\/Spotkanie-OMPiO-2-Large.png 1853w\" sizes=\"auto, (max-width: 1400px) 100vw, 1400px\" \/><\/a><figcaption class=\"blocks-gallery-item__caption\">24<\/figcaption><\/figure><\/li><li class=\"blocks-gallery-item\"><figure><a href=\"http:\/\/sp1.kielce.eu\/wp-content\/uploads\/2021\/03\/Spotkanie-OMPiO-3-Large.png\"><img loading=\"lazy\" decoding=\"async\" width=\"1400\" height=\"801\" src=\"http:\/\/sp1.kielce.eu\/wp-content\/uploads\/2021\/03\/Spotkanie-OMPiO-3-Large-1400x801.png\" alt=\"\" data-id=\"15890\" data-full-url=\"http:\/\/sp1.kielce.eu\/wp-content\/uploads\/2021\/03\/Spotkanie-OMPiO-3-Large.png\" data-link=\"http:\/\/sp1.kielce.eu\/index.php\/2021\/03\/23\/stanislaw-staszic-patron-naszej-szkoly\/spotkanie-ompio-3-large\/\" class=\"wp-image-15890\" srcset=\"https:\/\/sp1.kielce.eu\/wp-content\/uploads\/2021\/03\/Spotkanie-OMPiO-3-Large-1400x801.png 1400w, https:\/\/sp1.kielce.eu\/wp-content\/uploads\/2021\/03\/Spotkanie-OMPiO-3-Large-300x172.png 300w, https:\/\/sp1.kielce.eu\/wp-content\/uploads\/2021\/03\/Spotkanie-OMPiO-3-Large-768x440.png 768w, https:\/\/sp1.kielce.eu\/wp-content\/uploads\/2021\/03\/Spotkanie-OMPiO-3-Large-1536x879.png 1536w, https:\/\/sp1.kielce.eu\/wp-content\/uploads\/2021\/03\/Spotkanie-OMPiO-3-Large-820x469.png 820w, https:\/\/sp1.kielce.eu\/wp-content\/uploads\/2021\/03\/Spotkanie-OMPiO-3-Large.png 1887w\" sizes=\"auto, (max-width: 1400px) 100vw, 1400px\" \/><\/a><figcaption class=\"blocks-gallery-item__caption\">25<\/figcaption><\/figure><\/li><li class=\"blocks-gallery-item\"><figure><a href=\"http:\/\/sp1.kielce.eu\/wp-content\/uploads\/2021\/03\/Spotkanie-OMPiO-4-Large.png\"><img loading=\"lazy\" decoding=\"async\" width=\"1265\" height=\"900\" src=\"http:\/\/sp1.kielce.eu\/wp-content\/uploads\/2021\/03\/Spotkanie-OMPiO-4-Large-1265x900.png\" alt=\"\" data-id=\"15891\" data-full-url=\"http:\/\/sp1.kielce.eu\/wp-content\/uploads\/2021\/03\/Spotkanie-OMPiO-4-Large.png\" data-link=\"http:\/\/sp1.kielce.eu\/index.php\/2021\/03\/23\/stanislaw-staszic-patron-naszej-szkoly\/spotkanie-ompio-4-large\/\" class=\"wp-image-15891\" srcset=\"https:\/\/sp1.kielce.eu\/wp-content\/uploads\/2021\/03\/Spotkanie-OMPiO-4-Large-1265x900.png 1265w, https:\/\/sp1.kielce.eu\/wp-content\/uploads\/2021\/03\/Spotkanie-OMPiO-4-Large-300x213.png 300w, https:\/\/sp1.kielce.eu\/wp-content\/uploads\/2021\/03\/Spotkanie-OMPiO-4-Large-768x546.png 768w, https:\/\/sp1.kielce.eu\/wp-content\/uploads\/2021\/03\/Spotkanie-OMPiO-4-Large-820x583.png 820w, https:\/\/sp1.kielce.eu\/wp-content\/uploads\/2021\/03\/Spotkanie-OMPiO-4-Large.png 1518w\" sizes=\"auto, (max-width: 1265px) 100vw, 1265px\" \/><\/a><figcaption class=\"blocks-gallery-item__caption\">26<\/figcaption><\/figure><\/li><li class=\"blocks-gallery-item\"><figure><a href=\"http:\/\/sp1.kielce.eu\/wp-content\/uploads\/2021\/03\/3b-Staszic.png\"><img loading=\"lazy\" decoding=\"async\" width=\"659\" height=\"546\" src=\"http:\/\/sp1.kielce.eu\/wp-content\/uploads\/2021\/03\/3b-Staszic.png\" alt=\"\" data-id=\"15991\" data-full-url=\"http:\/\/sp1.kielce.eu\/wp-content\/uploads\/2021\/03\/3b-Staszic.png\" data-link=\"http:\/\/sp1.kielce.eu\/index.php\/2021\/03\/23\/stanislaw-staszic-patron-naszej-szkoly\/3b-staszic\/\" class=\"wp-image-15991\" srcset=\"https:\/\/sp1.kielce.eu\/wp-content\/uploads\/2021\/03\/3b-Staszic.png 659w, https:\/\/sp1.kielce.eu\/wp-content\/uploads\/2021\/03\/3b-Staszic-300x249.png 300w\" sizes=\"auto, (max-width: 659px) 100vw, 659px\" \/><\/a><figcaption class=\"blocks-gallery-item__caption\">27<\/figcaption><\/figure><\/li><\/ul><\/figure>\n\n\n\n<div class=\"wp-block-file\"><a href=\"http:\/\/sp1.kielce.eu\/wp-content\/uploads\/2021\/03\/Prezentacja-Staniseaw-Staszic.odp\">Prezentacja &#8211; Stanis\u0142aw Staszic<\/a><a href=\"http:\/\/sp1.kielce.eu\/wp-content\/uploads\/2021\/03\/Prezentacja-Staniseaw-Staszic.odp\" class=\"wp-block-file__button\" download><\/a><\/div>\n\n\n\n<div class=\"wp-block-file\"><a href=\"http:\/\/sp1.kielce.eu\/wp-content\/uploads\/2021\/03\/List-do-Staszica-Marta-Kubicka.odt\">List do Staszica Marta Kubicka<\/a><a href=\"http:\/\/sp1.kielce.eu\/wp-content\/uploads\/2021\/03\/List-do-Staszica-Marta-Kubicka.odt\" class=\"wp-block-file__button\" download>Pobierz<\/a><\/div>\n\n\n\n<p><\/p>\n","protected":false},"excerpt":{"rendered":"<p>Stanis\u0142aw Staszic patron naszej szko\u0142y to posta\u0107 wybitna. By\u0142 wszechstronnym polskim dzia\u0142aczem o\u015bwieceniowym. By\u0142 przede [&hellip;]<\/p>\n","protected":false},"author":5,"featured_media":15891,"comment_status":"closed","ping_status":"open","sticky":false,"template":"","format":"standard","meta":{"footnotes":""},"categories":[36],"tags":[],"class_list":["post-15865","post","type-post","status-publish","format-standard","has-post-thumbnail","hentry","category-wydarzenia"],"_links":{"self":[{"href":"https:\/\/sp1.kielce.eu\/index.php\/wp-json\/wp\/v2\/posts\/15865","targetHints":{"allow":["GET"]}}],"collection":[{"href":"https:\/\/sp1.kielce.eu\/index.php\/wp-json\/wp\/v2\/posts"}],"about":[{"href":"https:\/\/sp1.kielce.eu\/index.php\/wp-json\/wp\/v2\/types\/post"}],"author":[{"embeddable":true,"href":"https:\/\/sp1.kielce.eu\/index.php\/wp-json\/wp\/v2\/users\/5"}],"replies":[{"embeddable":true,"href":"https:\/\/sp1.kielce.eu\/index.php\/wp-json\/wp\/v2\/comments?post=15865"}],"version-history":[{"count":3,"href":"https:\/\/sp1.kielce.eu\/index.php\/wp-json\/wp\/v2\/posts\/15865\/revisions"}],"predecessor-version":[{"id":15993,"href":"https:\/\/sp1.kielce.eu\/index.php\/wp-json\/wp\/v2\/posts\/15865\/revisions\/15993"}],"wp:featuredmedia":[{"embeddable":true,"href":"https:\/\/sp1.kielce.eu\/index.php\/wp-json\/wp\/v2\/media\/15891"}],"wp:attachment":[{"href":"https:\/\/sp1.kielce.eu\/index.php\/wp-json\/wp\/v2\/media?parent=15865"}],"wp:term":[{"taxonomy":"category","embeddable":true,"href":"https:\/\/sp1.kielce.eu\/index.php\/wp-json\/wp\/v2\/categories?post=15865"},{"taxonomy":"post_tag","embeddable":true,"href":"https:\/\/sp1.kielce.eu\/index.php\/wp-json\/wp\/v2\/tags?post=15865"}],"curies":[{"name":"wp","href":"https:\/\/api.w.org\/{rel}","templated":true}]}}