{"id":15856,"date":"2021-03-21T12:17:13","date_gmt":"2021-03-21T11:17:13","guid":{"rendered":"http:\/\/sp1.kielce.eu\/?p=15856"},"modified":"2021-03-21T12:17:13","modified_gmt":"2021-03-21T11:17:13","slug":"21-marca-2021-swiatowy-dzien-zespolu-downa-dzien-kolorowej-skarpetki","status":"publish","type":"post","link":"https:\/\/sp1.kielce.eu\/index.php\/2021\/03\/21\/21-marca-2021-swiatowy-dzien-zespolu-downa-dzien-kolorowej-skarpetki\/","title":{"rendered":"21 marca 2021 \u2013 \u015awiatowy Dzie\u0144 Zespo\u0142u Downa \u2013 Dzie\u0144 kolorowej skarpetki"},"content":{"rendered":"\n<p>&nbsp;&nbsp;&nbsp;&nbsp;&nbsp;&nbsp;&nbsp;&nbsp;&nbsp;&nbsp;&nbsp; Po raz drugi nasza szko\u0142a w\u0142\u0105czy\u0142a si\u0119 w obchody \u015awiatowego Dnia Zespo\u0142u Downa \u2013 Dzie\u0144 kolorowej skarpetki. Jako wyraz akceptacji, tolerancji, wra\u017cliwo\u015bci i&nbsp;szacunku uczniowie klas I-III za\u0142o\u017cyli &nbsp;kolorowe skarpetki \u2013 \u201enie do pary\u201d, a&nbsp;wychowawcy przeczytali im Bajk\u0119 bez barier \u2013 Zesp\u00f3\u0142 Downa \u2013 \u201eTajemnica zaginionych ciasteczek\u201d Aleksandry Chmielewskiej. W&nbsp;akcji, w&nbsp;formie zdalnej wzi\u0119li r\u00f3wnie\u017c udzia\u0142 uczniowie klas IV-VIII.<\/p>\n\n\n\n<p>&nbsp;&nbsp;&nbsp;&nbsp;&nbsp;&nbsp;&nbsp;&nbsp;&nbsp;&nbsp;&nbsp; \u015awiatowy Dzie\u0144 Zespo\u0142u Downa przypada na 21 dzie\u0144 3 miesi\u0105ca, poniewa\u017c dodatkowy trzeci chromosom w&nbsp;21 parze chromosom\u00f3w w&nbsp;kom\u00f3rkach cz\u0142owieka powoduje wyst\u0119powanie tej wady genetycznej.<\/p>\n\n\n\n<p>\u00a0\u00a0\u00a0\u00a0\u00a0\u00a0\u00a0\u00a0\u00a0\u00a0\u00a0 \u015awiatowy Dzie\u0144 Zespo\u0142u Downa ustanowiony zosta\u0142 w\u00a02005 roku, natomiast od 2012 roku patronat nad obchodami sprawuje Organizacja Narod\u00f3w Zjednoczonych.<\/p>\n\n\n\n<p class=\"has-text-align-right\">Pedagog szkolny \u2013 Beata Smag\u00f3r\u00a0<br>Opiekun Du\u017cego SU \u2013 Renata Kozie\u0142<\/p>\n\n\n\n<figure class=\"wp-block-gallery columns-4 is-cropped wp-block-gallery-1 is-layout-flex wp-block-gallery-is-layout-flex\"><ul class=\"blocks-gallery-grid\"><li class=\"blocks-gallery-item\"><figure><a href=\"http:\/\/sp1.kielce.eu\/wp-content\/uploads\/2021\/03\/Polish_20210320_220502369-Copy.jpg\"><img loading=\"lazy\" decoding=\"async\" width=\"900\" height=\"900\" src=\"http:\/\/sp1.kielce.eu\/wp-content\/uploads\/2021\/03\/Polish_20210320_220502369-Copy.jpg\" alt=\"\" data-id=\"15858\" data-full-url=\"http:\/\/sp1.kielce.eu\/wp-content\/uploads\/2021\/03\/Polish_20210320_220502369-Copy.jpg\" data-link=\"http:\/\/sp1.kielce.eu\/?attachment_id=15858\" class=\"wp-image-15858\" srcset=\"https:\/\/sp1.kielce.eu\/wp-content\/uploads\/2021\/03\/Polish_20210320_220502369-Copy.jpg 900w, https:\/\/sp1.kielce.eu\/wp-content\/uploads\/2021\/03\/Polish_20210320_220502369-Copy-300x300.jpg 300w, https:\/\/sp1.kielce.eu\/wp-content\/uploads\/2021\/03\/Polish_20210320_220502369-Copy-150x150.jpg 150w, https:\/\/sp1.kielce.eu\/wp-content\/uploads\/2021\/03\/Polish_20210320_220502369-Copy-768x768.jpg 768w, https:\/\/sp1.kielce.eu\/wp-content\/uploads\/2021\/03\/Polish_20210320_220502369-Copy-820x820.jpg 820w\" sizes=\"auto, (max-width: 900px) 100vw, 900px\" \/><\/a><\/figure><\/li><li class=\"blocks-gallery-item\"><figure><a href=\"http:\/\/sp1.kielce.eu\/wp-content\/uploads\/2021\/03\/Polish_20210320_220626485-Copy.jpg\"><img loading=\"lazy\" decoding=\"async\" width=\"900\" height=\"900\" src=\"http:\/\/sp1.kielce.eu\/wp-content\/uploads\/2021\/03\/Polish_20210320_220626485-Copy.jpg\" alt=\"\" data-id=\"15859\" data-full-url=\"http:\/\/sp1.kielce.eu\/wp-content\/uploads\/2021\/03\/Polish_20210320_220626485-Copy.jpg\" data-link=\"http:\/\/sp1.kielce.eu\/?attachment_id=15859\" class=\"wp-image-15859\" srcset=\"https:\/\/sp1.kielce.eu\/wp-content\/uploads\/2021\/03\/Polish_20210320_220626485-Copy.jpg 900w, https:\/\/sp1.kielce.eu\/wp-content\/uploads\/2021\/03\/Polish_20210320_220626485-Copy-300x300.jpg 300w, https:\/\/sp1.kielce.eu\/wp-content\/uploads\/2021\/03\/Polish_20210320_220626485-Copy-150x150.jpg 150w, https:\/\/sp1.kielce.eu\/wp-content\/uploads\/2021\/03\/Polish_20210320_220626485-Copy-768x768.jpg 768w, https:\/\/sp1.kielce.eu\/wp-content\/uploads\/2021\/03\/Polish_20210320_220626485-Copy-820x820.jpg 820w\" sizes=\"auto, (max-width: 900px) 100vw, 900px\" \/><\/a><\/figure><\/li><li class=\"blocks-gallery-item\"><figure><a href=\"http:\/\/sp1.kielce.eu\/wp-content\/uploads\/2021\/03\/Polish_20210320_220913639-Copy.jpg\"><img loading=\"lazy\" decoding=\"async\" width=\"900\" height=\"900\" src=\"http:\/\/sp1.kielce.eu\/wp-content\/uploads\/2021\/03\/Polish_20210320_220913639-Copy.jpg\" alt=\"\" data-id=\"15860\" data-full-url=\"http:\/\/sp1.kielce.eu\/wp-content\/uploads\/2021\/03\/Polish_20210320_220913639-Copy.jpg\" data-link=\"http:\/\/sp1.kielce.eu\/?attachment_id=15860\" class=\"wp-image-15860\" srcset=\"https:\/\/sp1.kielce.eu\/wp-content\/uploads\/2021\/03\/Polish_20210320_220913639-Copy.jpg 900w, https:\/\/sp1.kielce.eu\/wp-content\/uploads\/2021\/03\/Polish_20210320_220913639-Copy-300x300.jpg 300w, https:\/\/sp1.kielce.eu\/wp-content\/uploads\/2021\/03\/Polish_20210320_220913639-Copy-150x150.jpg 150w, https:\/\/sp1.kielce.eu\/wp-content\/uploads\/2021\/03\/Polish_20210320_220913639-Copy-768x768.jpg 768w, https:\/\/sp1.kielce.eu\/wp-content\/uploads\/2021\/03\/Polish_20210320_220913639-Copy-820x820.jpg 820w\" sizes=\"auto, (max-width: 900px) 100vw, 900px\" \/><\/a><\/figure><\/li><li class=\"blocks-gallery-item\"><figure><a href=\"http:\/\/sp1.kielce.eu\/wp-content\/uploads\/2021\/03\/Polish_20210320_221057756-Copy.jpg\"><img loading=\"lazy\" decoding=\"async\" width=\"900\" height=\"900\" src=\"http:\/\/sp1.kielce.eu\/wp-content\/uploads\/2021\/03\/Polish_20210320_221057756-Copy.jpg\" alt=\"\" data-id=\"15861\" data-full-url=\"http:\/\/sp1.kielce.eu\/wp-content\/uploads\/2021\/03\/Polish_20210320_221057756-Copy.jpg\" data-link=\"http:\/\/sp1.kielce.eu\/?attachment_id=15861\" class=\"wp-image-15861\" srcset=\"https:\/\/sp1.kielce.eu\/wp-content\/uploads\/2021\/03\/Polish_20210320_221057756-Copy.jpg 900w, https:\/\/sp1.kielce.eu\/wp-content\/uploads\/2021\/03\/Polish_20210320_221057756-Copy-300x300.jpg 300w, https:\/\/sp1.kielce.eu\/wp-content\/uploads\/2021\/03\/Polish_20210320_221057756-Copy-150x150.jpg 150w, https:\/\/sp1.kielce.eu\/wp-content\/uploads\/2021\/03\/Polish_20210320_221057756-Copy-768x768.jpg 768w, https:\/\/sp1.kielce.eu\/wp-content\/uploads\/2021\/03\/Polish_20210320_221057756-Copy-820x820.jpg 820w\" sizes=\"auto, (max-width: 900px) 100vw, 900px\" \/><\/a><\/figure><\/li><\/ul><\/figure>\n","protected":false},"excerpt":{"rendered":"<p>&nbsp;&nbsp;&nbsp;&nbsp;&nbsp;&nbsp;&nbsp;&nbsp;&nbsp;&nbsp;&nbsp; Po raz drugi nasza szko\u0142a w\u0142\u0105czy\u0142a si\u0119 w obchody \u015awiatowego Dnia Zespo\u0142u Downa \u2013 [&hellip;]<\/p>\n","protected":false},"author":13,"featured_media":15857,"comment_status":"closed","ping_status":"open","sticky":false,"template":"","format":"standard","meta":{"footnotes":""},"categories":[36,18],"tags":[],"class_list":["post-15856","post","type-post","status-publish","format-standard","has-post-thumbnail","hentry","category-wydarzenia","category-samorzad-uczniowoski"],"_links":{"self":[{"href":"https:\/\/sp1.kielce.eu\/index.php\/wp-json\/wp\/v2\/posts\/15856","targetHints":{"allow":["GET"]}}],"collection":[{"href":"https:\/\/sp1.kielce.eu\/index.php\/wp-json\/wp\/v2\/posts"}],"about":[{"href":"https:\/\/sp1.kielce.eu\/index.php\/wp-json\/wp\/v2\/types\/post"}],"author":[{"embeddable":true,"href":"https:\/\/sp1.kielce.eu\/index.php\/wp-json\/wp\/v2\/users\/13"}],"replies":[{"embeddable":true,"href":"https:\/\/sp1.kielce.eu\/index.php\/wp-json\/wp\/v2\/comments?post=15856"}],"version-history":[{"count":1,"href":"https:\/\/sp1.kielce.eu\/index.php\/wp-json\/wp\/v2\/posts\/15856\/revisions"}],"predecessor-version":[{"id":15862,"href":"https:\/\/sp1.kielce.eu\/index.php\/wp-json\/wp\/v2\/posts\/15856\/revisions\/15862"}],"wp:featuredmedia":[{"embeddable":true,"href":"https:\/\/sp1.kielce.eu\/index.php\/wp-json\/wp\/v2\/media\/15857"}],"wp:attachment":[{"href":"https:\/\/sp1.kielce.eu\/index.php\/wp-json\/wp\/v2\/media?parent=15856"}],"wp:term":[{"taxonomy":"category","embeddable":true,"href":"https:\/\/sp1.kielce.eu\/index.php\/wp-json\/wp\/v2\/categories?post=15856"},{"taxonomy":"post_tag","embeddable":true,"href":"https:\/\/sp1.kielce.eu\/index.php\/wp-json\/wp\/v2\/tags?post=15856"}],"curies":[{"name":"wp","href":"https:\/\/api.w.org\/{rel}","templated":true}]}}