{"id":15822,"date":"2021-03-19T08:03:26","date_gmt":"2021-03-19T07:03:26","guid":{"rendered":"http:\/\/sp1.kielce.eu\/?p=15822"},"modified":"2021-03-19T08:03:26","modified_gmt":"2021-03-19T07:03:26","slug":"o-ja-znam-i-rozumiem-spotkanie-online-z-pania-iwona-grabczak-z-muzeum-historii-kielc","status":"publish","type":"post","link":"https:\/\/sp1.kielce.eu\/index.php\/2021\/03\/19\/o-ja-znam-i-rozumiem-spotkanie-online-z-pania-iwona-grabczak-z-muzeum-historii-kielc\/","title":{"rendered":",,O ja! Znam i rozumiem\u201d \u2013 spotkanie online z pani\u0105 Iwon\u0105 Grabczak z Muzeum Historii Kielc"},"content":{"rendered":"\n<p>Klasy\u00a07b i 7c\u00a0w ramach obchod\u00f3w\u00a0<strong>XXIX Tygodnia Kultury J\u0119zyka<\/strong>\u00a0wzi\u0119\u0142y udzia\u0142\u00a0w fantastycznych warsztatach\u00a0online\u00a0z pani\u0105 Iwon\u0105 Grabczak z Muzeum Historii Kielc. Uczniowie\u00a0w czasie spotkania zapoznali si\u0119 z terminem ,,m\u0142odomowa\u201d . Mieli okazj\u0119\u00a0 pozna\u0107 slang u\u017cywany przez m\u0142odzie\u017c kiedy\u015b i dzi\u015b. By\u0142a to bardzo ciekawa\u00a0pokoleniowa\u00a0wymiana do\u015bwiadcze\u0144.\u00a0Dyskutowali\u00a0r\u00f3wnie\u017c o\u00a0Youtuberach.\u00a0Uczniowie mieli okazj\u0119 dowiedzie\u0107 si\u0119, jak slang m\u0142odzie\u017cowy wp\u0142ywa na reklamy oraz j\u0119zyk doros\u0142ych.\u00a0Okaza\u0142o si\u0119, \u017ce s\u0142owa \u017cyj\u0105 tylko p\u00f3\u0142 roku i wiele z nich ju\u017c przesz\u0142o do lamusa, poniewa\u017c wsp\u00f3\u0142czesna polszczyzna nieustannie si\u0119 zmienia.\u00a0\u00a0\u00a0<\/p>\n\n\n\n<p>Na zako\u0144czenie pani Iwona zaprezentowa\u0142a&nbsp;zabytkowe&nbsp;eksponaty&nbsp;z Muzeum Historii Kielc,&nbsp;znajduj\u0105ce si\u0119 w tajemniczej walizce, do kt\u00f3rych uczniowie mieli u\u0142o\u017cy\u0107&nbsp;reklamy z wykorzystaniem nowomowy.&nbsp;&nbsp;<\/p>\n\n\n\n<p>Takie zaj\u0119cia to prawdziwa przyjemno\u015b\u0107 dla m\u0142odzie\u017cy. Dzi\u0119kujemy serdecznie !&nbsp;&nbsp;<\/p>\n\n\n\n<p>\u00a0\u00a0\u00a0\u00a0\u00a0\u00a0\u00a0\u00a0\u00a0\u00a0\u00a0\u00a0\u00a0\u00a0\u00a0\u00a0\u00a0\u00a0\u00a0\u00a0\u00a0\u00a0\u00a0\u00a0\u00a0\u00a0\u00a0\u00a0\u00a0\u00a0\u00a0\u00a0\u00a0\u00a0\u00a0\u00a0\u00a0\u00a0\u00a0\u00a0\u00a0\u00a0\u00a0\u00a0\u00a0\u00a0\u00a0\u00a0\u00a0\u00a0\u00a0\u00a0\u00a0\u00a0\u00a0\u00a0\u00a0\u00a0\u00a0\u00a0\u00a0\u00a0\u00a0\u00a0\u00a0\u00a0\u00a0\u00a0\u00a0\u00a0\u00a0\u00a0\u00a0\u00a0\u00a0\u00a0\u00a0\u00a0\u00a0\u00a0\u00a0\u00a0\u00a0\u00a0\u00a0\u00a0\u00a0\u00a0\u00a0\u00a0\u00a0\u00a0\u00a0\u00a0\u00a0\u00a0\u00a0\u00a0\u00a0\u00a0\u00a0\u00a0\u00a0\u00a0\u00a0\u00a0\u00a0\u00a0\u00a0\u00a0\u00a0 Dorota\u00a0Broni\u015b<\/p>\n\n\n\n<figure class=\"wp-block-gallery columns-3 is-cropped wp-block-gallery-1 is-layout-flex wp-block-gallery-is-layout-flex\"><ul class=\"blocks-gallery-grid\"><li class=\"blocks-gallery-item\"><figure><a href=\"http:\/\/sp1.kielce.eu\/wp-content\/uploads\/2021\/03\/Zrzut-ekranu-2021-03-18-101120.png\"><img loading=\"lazy\" decoding=\"async\" width=\"1306\" height=\"600\" src=\"http:\/\/sp1.kielce.eu\/wp-content\/uploads\/2021\/03\/Zrzut-ekranu-2021-03-18-101120.png\" alt=\"\" data-id=\"15821\" data-full-url=\"http:\/\/sp1.kielce.eu\/wp-content\/uploads\/2021\/03\/Zrzut-ekranu-2021-03-18-101120.png\" data-link=\"http:\/\/sp1.kielce.eu\/?attachment_id=15821\" class=\"wp-image-15821\" srcset=\"https:\/\/sp1.kielce.eu\/wp-content\/uploads\/2021\/03\/Zrzut-ekranu-2021-03-18-101120.png 1306w, https:\/\/sp1.kielce.eu\/wp-content\/uploads\/2021\/03\/Zrzut-ekranu-2021-03-18-101120-300x138.png 300w, https:\/\/sp1.kielce.eu\/wp-content\/uploads\/2021\/03\/Zrzut-ekranu-2021-03-18-101120-768x353.png 768w, https:\/\/sp1.kielce.eu\/wp-content\/uploads\/2021\/03\/Zrzut-ekranu-2021-03-18-101120-820x377.png 820w\" sizes=\"auto, (max-width: 1306px) 100vw, 1306px\" \/><\/a><figcaption class=\"blocks-gallery-item__caption\">3<\/figcaption><\/figure><\/li><li class=\"blocks-gallery-item\"><figure><a href=\"http:\/\/sp1.kielce.eu\/wp-content\/uploads\/2021\/03\/Zrzut-ekranu-2021-03-17-095155.png\"><img loading=\"lazy\" decoding=\"async\" width=\"1366\" height=\"597\" src=\"http:\/\/sp1.kielce.eu\/wp-content\/uploads\/2021\/03\/Zrzut-ekranu-2021-03-17-095155.png\" alt=\"\" data-id=\"15820\" data-full-url=\"http:\/\/sp1.kielce.eu\/wp-content\/uploads\/2021\/03\/Zrzut-ekranu-2021-03-17-095155.png\" data-link=\"http:\/\/sp1.kielce.eu\/?attachment_id=15820\" class=\"wp-image-15820\" srcset=\"https:\/\/sp1.kielce.eu\/wp-content\/uploads\/2021\/03\/Zrzut-ekranu-2021-03-17-095155.png 1366w, https:\/\/sp1.kielce.eu\/wp-content\/uploads\/2021\/03\/Zrzut-ekranu-2021-03-17-095155-300x131.png 300w, https:\/\/sp1.kielce.eu\/wp-content\/uploads\/2021\/03\/Zrzut-ekranu-2021-03-17-095155-768x336.png 768w, https:\/\/sp1.kielce.eu\/wp-content\/uploads\/2021\/03\/Zrzut-ekranu-2021-03-17-095155-820x358.png 820w\" sizes=\"auto, (max-width: 1366px) 100vw, 1366px\" \/><\/a><figcaption class=\"blocks-gallery-item__caption\">2<\/figcaption><\/figure><\/li><li class=\"blocks-gallery-item\"><figure><a href=\"http:\/\/sp1.kielce.eu\/wp-content\/uploads\/2021\/03\/Zrzut-ekranu-2021-03-17-095122.png\"><img loading=\"lazy\" decoding=\"async\" width=\"1324\" height=\"638\" src=\"http:\/\/sp1.kielce.eu\/wp-content\/uploads\/2021\/03\/Zrzut-ekranu-2021-03-17-095122.png\" alt=\"\" data-id=\"15819\" data-full-url=\"http:\/\/sp1.kielce.eu\/wp-content\/uploads\/2021\/03\/Zrzut-ekranu-2021-03-17-095122.png\" data-link=\"http:\/\/sp1.kielce.eu\/?attachment_id=15819\" class=\"wp-image-15819\" srcset=\"https:\/\/sp1.kielce.eu\/wp-content\/uploads\/2021\/03\/Zrzut-ekranu-2021-03-17-095122.png 1324w, https:\/\/sp1.kielce.eu\/wp-content\/uploads\/2021\/03\/Zrzut-ekranu-2021-03-17-095122-300x145.png 300w, https:\/\/sp1.kielce.eu\/wp-content\/uploads\/2021\/03\/Zrzut-ekranu-2021-03-17-095122-768x370.png 768w, https:\/\/sp1.kielce.eu\/wp-content\/uploads\/2021\/03\/Zrzut-ekranu-2021-03-17-095122-820x395.png 820w\" sizes=\"auto, (max-width: 1324px) 100vw, 1324px\" \/><\/a><figcaption class=\"blocks-gallery-item__caption\">1<\/figcaption><\/figure><\/li><\/ul><\/figure>\n","protected":false},"excerpt":{"rendered":"<p>Klasy\u00a07b i 7c\u00a0w ramach obchod\u00f3w\u00a0XXIX Tygodnia Kultury J\u0119zyka\u00a0wzi\u0119\u0142y udzia\u0142\u00a0w fantastycznych warsztatach\u00a0online\u00a0z pani\u0105 Iwon\u0105 Grabczak z [&hellip;]<\/p>\n","protected":false},"author":5,"featured_media":15823,"comment_status":"closed","ping_status":"open","sticky":false,"template":"","format":"standard","meta":{"footnotes":""},"categories":[36],"tags":[],"class_list":["post-15822","post","type-post","status-publish","format-standard","has-post-thumbnail","hentry","category-wydarzenia"],"_links":{"self":[{"href":"https:\/\/sp1.kielce.eu\/index.php\/wp-json\/wp\/v2\/posts\/15822","targetHints":{"allow":["GET"]}}],"collection":[{"href":"https:\/\/sp1.kielce.eu\/index.php\/wp-json\/wp\/v2\/posts"}],"about":[{"href":"https:\/\/sp1.kielce.eu\/index.php\/wp-json\/wp\/v2\/types\/post"}],"author":[{"embeddable":true,"href":"https:\/\/sp1.kielce.eu\/index.php\/wp-json\/wp\/v2\/users\/5"}],"replies":[{"embeddable":true,"href":"https:\/\/sp1.kielce.eu\/index.php\/wp-json\/wp\/v2\/comments?post=15822"}],"version-history":[{"count":1,"href":"https:\/\/sp1.kielce.eu\/index.php\/wp-json\/wp\/v2\/posts\/15822\/revisions"}],"predecessor-version":[{"id":15824,"href":"https:\/\/sp1.kielce.eu\/index.php\/wp-json\/wp\/v2\/posts\/15822\/revisions\/15824"}],"wp:featuredmedia":[{"embeddable":true,"href":"https:\/\/sp1.kielce.eu\/index.php\/wp-json\/wp\/v2\/media\/15823"}],"wp:attachment":[{"href":"https:\/\/sp1.kielce.eu\/index.php\/wp-json\/wp\/v2\/media?parent=15822"}],"wp:term":[{"taxonomy":"category","embeddable":true,"href":"https:\/\/sp1.kielce.eu\/index.php\/wp-json\/wp\/v2\/categories?post=15822"},{"taxonomy":"post_tag","embeddable":true,"href":"https:\/\/sp1.kielce.eu\/index.php\/wp-json\/wp\/v2\/tags?post=15822"}],"curies":[{"name":"wp","href":"https:\/\/api.w.org\/{rel}","templated":true}]}}