{"id":1579,"date":"2017-04-09T15:36:56","date_gmt":"2017-04-09T13:36:56","guid":{"rendered":"http:\/\/sp1.kielce.eu\/?p=1579"},"modified":"2017-04-09T18:19:11","modified_gmt":"2017-04-09T16:19:11","slug":"grafika-komputerowa","status":"publish","type":"post","link":"https:\/\/sp1.kielce.eu\/index.php\/2017\/04\/09\/grafika-komputerowa\/","title":{"rendered":"Mi\u0119dzy\u015bwietlicowy Konkurs Grafiki Komputerowej"},"content":{"rendered":"<p style=\"text-align: justify;\">Ucze\u0144 Kamil Mazur z klasy 2b otrzyma\u0142 wyr\u00f3\u017cnienie w Mi\u0119dzy\u015bwietlicowym Konkursie Grafiki Komputerowej \u201eIlustracja ba\u015bni Andersena z okazji Dnia Ksi\u0105\u017cki Dla Dzieci\u201d, kt\u00f3ry odby\u0142 si\u0119 29 marca 2017r. w \u015bwietlicy SP nr 7 w Kielcach.<\/p>\n<p style=\"text-align: right;\">Barbara Sobota<\/p>\n<div id='gallery-1' class='gallery galleryid-1579 gallery-columns-3 gallery-size-thumbnail'><figure class='gallery-item'>\n\t\t\t<div class='gallery-icon landscape'>\n\t\t\t\t<a href='https:\/\/sp1.kielce.eu\/wp-content\/uploads\/2017\/04\/1-1.jpg'><img loading=\"lazy\" decoding=\"async\" width=\"150\" height=\"150\" src=\"https:\/\/sp1.kielce.eu\/wp-content\/uploads\/2017\/04\/1-1-150x150.jpg\" class=\"attachment-thumbnail size-thumbnail\" alt=\"Wyr\u00f3\u017cniona praca\" aria-describedby=\"gallery-1-1580\" \/><\/a>\n\t\t\t<\/div>\n\t\t\t\t<figcaption class='wp-caption-text gallery-caption' id='gallery-1-1580'>\n\t\t\t\t1\n\t\t\t\t<\/figcaption><\/figure><figure class='gallery-item'>\n\t\t\t<div class='gallery-icon portrait'>\n\t\t\t\t<a href='https:\/\/sp1.kielce.eu\/wp-content\/uploads\/2017\/04\/2-1.jpg'><img loading=\"lazy\" decoding=\"async\" width=\"150\" height=\"150\" src=\"https:\/\/sp1.kielce.eu\/wp-content\/uploads\/2017\/04\/2-1-150x150.jpg\" class=\"attachment-thumbnail size-thumbnail\" alt=\"Kamil Mazur\" aria-describedby=\"gallery-1-1581\" \/><\/a>\n\t\t\t<\/div>\n\t\t\t\t<figcaption class='wp-caption-text gallery-caption' id='gallery-1-1581'>\n\t\t\t\t2\n\t\t\t\t<\/figcaption><\/figure><figure class='gallery-item'>\n\t\t\t<div class='gallery-icon portrait'>\n\t\t\t\t<a href='https:\/\/sp1.kielce.eu\/wp-content\/uploads\/2017\/04\/3-1.jpg'><img loading=\"lazy\" decoding=\"async\" width=\"150\" height=\"150\" src=\"https:\/\/sp1.kielce.eu\/wp-content\/uploads\/2017\/04\/3-1-150x150.jpg\" class=\"attachment-thumbnail size-thumbnail\" alt=\"Dyplom\" aria-describedby=\"gallery-1-1582\" \/><\/a>\n\t\t\t<\/div>\n\t\t\t\t<figcaption class='wp-caption-text gallery-caption' id='gallery-1-1582'>\n\t\t\t\t3\n\t\t\t\t<\/figcaption><\/figure>\n\t\t<\/div>\n\n","protected":false},"excerpt":{"rendered":"<p>Ucze\u0144 Kamil Mazur z klasy 2b otrzyma\u0142 wyr\u00f3\u017cnienie w Mi\u0119dzy\u015bwietlicowym Konkursie Grafiki Komputerowej \u201eIlustracja ba\u015bni [&hellip;]<\/p>\n","protected":false},"author":13,"featured_media":1580,"comment_status":"closed","ping_status":"open","sticky":false,"template":"","format":"standard","meta":{"footnotes":""},"categories":[25],"tags":[65,79],"class_list":["post-1579","post","type-post","status-publish","format-standard","has-post-thumbnail","hentry","category-swietlica","tag-konkurs","tag-swietlica"],"_links":{"self":[{"href":"https:\/\/sp1.kielce.eu\/index.php\/wp-json\/wp\/v2\/posts\/1579","targetHints":{"allow":["GET"]}}],"collection":[{"href":"https:\/\/sp1.kielce.eu\/index.php\/wp-json\/wp\/v2\/posts"}],"about":[{"href":"https:\/\/sp1.kielce.eu\/index.php\/wp-json\/wp\/v2\/types\/post"}],"author":[{"embeddable":true,"href":"https:\/\/sp1.kielce.eu\/index.php\/wp-json\/wp\/v2\/users\/13"}],"replies":[{"embeddable":true,"href":"https:\/\/sp1.kielce.eu\/index.php\/wp-json\/wp\/v2\/comments?post=1579"}],"version-history":[{"count":2,"href":"https:\/\/sp1.kielce.eu\/index.php\/wp-json\/wp\/v2\/posts\/1579\/revisions"}],"predecessor-version":[{"id":1587,"href":"https:\/\/sp1.kielce.eu\/index.php\/wp-json\/wp\/v2\/posts\/1579\/revisions\/1587"}],"wp:featuredmedia":[{"embeddable":true,"href":"https:\/\/sp1.kielce.eu\/index.php\/wp-json\/wp\/v2\/media\/1580"}],"wp:attachment":[{"href":"https:\/\/sp1.kielce.eu\/index.php\/wp-json\/wp\/v2\/media?parent=1579"}],"wp:term":[{"taxonomy":"category","embeddable":true,"href":"https:\/\/sp1.kielce.eu\/index.php\/wp-json\/wp\/v2\/categories?post=1579"},{"taxonomy":"post_tag","embeddable":true,"href":"https:\/\/sp1.kielce.eu\/index.php\/wp-json\/wp\/v2\/tags?post=1579"}],"curies":[{"name":"wp","href":"https:\/\/api.w.org\/{rel}","templated":true}]}}