{"id":15704,"date":"2021-03-12T08:12:38","date_gmt":"2021-03-12T07:12:38","guid":{"rendered":"http:\/\/sp1.kielce.eu\/?p=15704"},"modified":"2021-03-12T08:12:38","modified_gmt":"2021-03-12T07:12:38","slug":"xxix-tydzien-kultury-jezyka-w-wojewodztwie-swietokrzyskim-15-20-marca-2021-r","status":"publish","type":"post","link":"https:\/\/sp1.kielce.eu\/index.php\/2021\/03\/12\/xxix-tydzien-kultury-jezyka-w-wojewodztwie-swietokrzyskim-15-20-marca-2021-r\/","title":{"rendered":"XXIX TYDZIE\u0143 KULTURY J\u0118ZYKA W WOJEW\u00d3DZTWIE \u015aWI\u0118TOKRZYSKIM  (15 \u201320 marca 2021 r.)"},"content":{"rendered":"\n<p><strong>Og\u00f3lna idea Projektu<\/strong>&nbsp;<\/p>\n\n\n\n<p>Motyw przewodni projektu: \u201e<strong>Przejrzysty ojczysty. Przez&nbsp;<\/strong><strong>m\u0142odomow\u0119<\/strong><strong>&nbsp;do wsp\u00f3\u0142czesnej kultury\u201d<\/strong>&nbsp;<\/p>\n\n\n\n<p>G\u0142\u00f3wna idea projektu polega na stworzeniu jak najliczniejszemu gronu odbiorc\u00f3w (przede wszystkim uczniom ze wszystkich poziom\u00f3w edukacyjnych) \u202fmo\u017cliwo\u015bci uczestnictwa w ciekawych spotkaniach z j\u0119zykiem polskim. Spotkania te organizowane s\u0105 przez szko\u0142y, instytucje edukacji, kultury i nauki. Ich warto\u015bci\u0105 jest wielka r\u00f3\u017cnorodno\u015b\u0107 form podejmowanych aktywno\u015bci, s\u0105 to: konkursy, zabawy, turnieje,&nbsp;slamy, spotkania z autorytetami, warsztaty, wystawy, spektakle, wyk\u0142ady, recitale i koncerty, prezentacje pasji i talent\u00f3w. Ka\u017cde spotkanie z j\u0119zykiem dostarcza konkretnej wiedzy, rozwija umiej\u0119tno\u015bci w obszarach pisania, m\u00f3wienia, s\u0142uchania, wyra\u017cania w\u0142asnych emocji i opinii, kszta\u0142tuje postawy poprzez stwarzanie szansy uczestnictwa w kulturze \u201ewysokiej\u201d i w dzia\u0142aniach, kt\u00f3re umo\u017cliwiaj\u0105 rozw\u00f3j cz\u0142owieka bez wzgl\u0119du na wiek i osi\u0105ganie samorealizacji.&nbsp;<\/p>\n\n\n\n<p><strong>Tegoroczna idea Projektu:<\/strong>&nbsp;<\/p>\n\n\n\n<p>Udzia\u0142 dzieci i m\u0142odzie\u017cy (oraz wszystkich zainteresowanych) w przedsi\u0119wzi\u0119ciu realizowanym w formie ponadregionalnej debaty naukowej (seminaria, wyk\u0142ady, panele dyskusyjne) nad stanem wsp\u00f3\u0142czesnego j\u0119zyka m\u0142odzie\u017cowego i wp\u0142ywem&nbsp;m\u0142odomowy&nbsp;na j\u0119zyk og\u00f3lnopolski oraz na kultur\u0119 wsp\u00f3\u0142czesn\u0105. M\u0142odzie\u017c we\u017amie udzia\u0142 w obserwacji&nbsp;m\u0142odomowy&nbsp;oraz zaprezentuje wyniki prowadzonych bada\u0144 w wybranej przez siebie formie (m\u0142odzie\u017cowe konferencje, prezentacje, konkursy, warsztaty, dyskusje,&nbsp;miniprojekty, turnieje,&nbsp;slamy&nbsp;i inne). Zgromadzony w ten spos\u00f3b materia\u0142 j\u0119zykowy b\u0119dzie stanowi\u0142 podstaw\u0119 do opracowania hase\u0142 w ramach Obserwatorium J\u0119zyka i Kultury M\u0142odzie\u017cy. Przedsi\u0119wzi\u0119cie zostanie zorganizowane w wersji&nbsp;online&nbsp;lub hybrydowej w zale\u017cno\u015bci od sytuacji pandemicznej w kraju.&nbsp;<\/p>\n\n\n\n<p><strong>Cele og\u00f3lne Projektu:<\/strong>&nbsp;<\/p>\n\n\n\n<ul class=\"wp-block-list\"><li>u\u015bwiadomienie roli j\u0119zyka ojczystego w \u017cyciu cz\u0142owieka i narodu,&nbsp;<\/li><li>stworzenie mo\u017cliwo\u015bci aktywnego uczestnictwa w propozycjach r\u00f3\u017cnorodnych form Tygodnia,&nbsp;<\/li><li>przygotowanie ucznia do \u015bwiadomego uczestnictwa w kulturze poprzez prezentacj\u0119 r\u00f3\u017cnych form ekspresji kulturalnej,&nbsp;<\/li><\/ul>\n\n\n\n<ul class=\"wp-block-list\"><li>propagowanie kultury j\u0119zyka w r\u00f3\u017cnych sytuacjach \u017cyciowych,&nbsp;<\/li><li>kszta\u0142towanie estetyki i formy wypowiedzi w sytuacjach codziennych i publicznych.&nbsp;<\/li><\/ul>\n\n\n\n<p><strong>Tegoroczne cele Projektu:<\/strong>&nbsp;<\/p>\n\n\n\n<ul class=\"wp-block-list\"><li>przegl\u0105d najm\u0142odszej polszczyzny, kszta\u0142towanie \u015bwiadomo\u015bci j\u0119zykowej i propagowanie kultury j\u0119zyka ojczystego,&nbsp;<\/li><li>wszechstronna analiza m\u0142odzie\u017cowej awangardy j\u0119zykowej jako \u015bwiadectwa zmian nie tylko j\u0119zykowych, ale tak\u017ce spo\u0142eczno-kulturowych;&nbsp;<\/li><\/ul>\n\n\n\n<ul class=\"wp-block-list\"><li>w\u0142\u0105czenie m\u0142odzie\u017cy do aktywno\u015bci naukowych, edukacyjnych i popularyzacyjnych.&nbsp;<\/li><\/ul>\n\n\n\n<p><strong>Adresaci Projektu:<\/strong>&nbsp;<\/p>\n\n\n\n<p>Uczniowie wszystkich etap\u00f3w edukacyjnych wojew\u00f3dztwa \u015bwi\u0119tokrzyskiego, nauczyciele, studenci, mieszka\u0144cy Kielc.&nbsp;<\/p>\n\n\n\n<p><strong>Projekt realizuj\u0105 instytucje zwi\u0105zane z edukacj\u0105, kultur\u0105 i nauk\u0105<\/strong>:&nbsp;<\/p>\n\n\n\n<ul class=\"wp-block-list\"><li>Instytut Literaturoznawstwa i J\u0119zykoznawstwa Uniwersytetu Jana Kochanowskiego,&nbsp;<\/li><\/ul>\n\n\n\n<ul class=\"wp-block-list\"><li>Kieleckie Centrum Kultury,&nbsp;<\/li><li>Kieleckie Towarzystwo Naukowe,&nbsp;<\/li><li>Wojew\u00f3dzka Biblioteka Publiczna im. Witolda Gombrowicza,&nbsp;<\/li><li>Pedagogiczna Biblioteka Wojew\u00f3dzka,&nbsp;<\/li><li>Miejska Biblioteka Publiczna,&nbsp;<\/li><\/ul>\n\n\n\n<ul class=\"wp-block-list\"><li>O\u015brodek Kultury \u201eZiemowit&#8221;, Filia D.K. \u201eZameczek\u201d,&nbsp;<\/li><li>Muzeum Zabawek i Zabawy,&nbsp;<\/li><li>Muzeum Historii Kielc,&nbsp;<\/li><li>Teatr Lalki i Aktora \u201eKubu\u015b,&nbsp;<\/li><li>Centrum Edukacyjne Szklany Dom \u2013 Dworek Stefana \u017beromskiego w Ciekotach,&nbsp;<\/li><\/ul>\n\n\n\n<ul class=\"wp-block-list\"><li>Gminna Biblioteka Publiczna w Mas\u0142owie,&nbsp;<\/li><li>Energetyczne Centrum Nauki przy Kieleckim Parku Technologicznym,&nbsp;<\/li><li>Fundacja im. Jerzego Zaremby,&nbsp;<\/li><li>Portal Informacji Kulturalnej wojew\u00f3dztwa \u015bwi\u0119tokrzyskiego,&nbsp;<\/li><li>Uniwersytet Otwarty Uniwersytetu Jana Kochanowskiego w Kielcach,&nbsp;<\/li><\/ul>\n\n\n\n<ul class=\"wp-block-list\"><li>Uniwersyteckie Centrum Medi\u00f3w UJK.&nbsp;<\/li><\/ul>\n\n\n\n<p><strong>Wydarzenia<\/strong>&nbsp;<\/p>\n\n\n\n<figure class=\"wp-block-image size-large\"><img loading=\"lazy\" decoding=\"async\" width=\"1\" height=\"1\" src=\"http:\/\/sp1.kielce.eu\/wp-content\/uploads\/2021\/03\/image.png\" alt=\"Kszta\u0142t\" class=\"wp-image-15706\" \/><\/figure>\n\n\n\n<ul class=\"wp-block-list\"><li><a href=\"https:\/\/www.teatrkubus.pl\/konkursy\/mlodziez-nie-dzban-swoj-slang-tez-ma-nabor-na-warsztaty-dramaturgiczne\" target=\"_blank\" rel=\"noreferrer noopener\">Teatr Lalki i Aktora &#8222;Kubu\u015b&#8221; &#8211; warsztaty dramaturgiczne<\/a>&nbsp;<\/li><\/ul>\n\n\n\n<figure class=\"wp-block-image size-large\"><img loading=\"lazy\" decoding=\"async\" width=\"1\" height=\"1\" src=\"http:\/\/sp1.kielce.eu\/wp-content\/uploads\/2021\/03\/image.png\" alt=\"Kszta\u0142t\" class=\"wp-image-15708\" \/><\/figure>\n\n\n\n<p>WYK\u0141ADY, DEBATY, SALON MISTRZA MOWY POLSKIEJ&nbsp;<\/p>\n\n\n\n<figure class=\"wp-block-image size-large\"><img loading=\"lazy\" decoding=\"async\" width=\"1\" height=\"1\" src=\"http:\/\/sp1.kielce.eu\/wp-content\/uploads\/2021\/03\/image.png\" alt=\"Kszta\u0142t\" class=\"wp-image-15705\" \/><\/figure>\n\n\n\n<p><strong>UWAGA: WSZYSTKIE WYK\u0141ADY I DEBATA (OPR\u00d3CZ IMPREZ KCK)\u202f ODB\u0118DA SI\u0118 W FORMIE ZDALNEJ.\u202f INFORMACJE NA TEMAT SPOSOB\u00d3W UCZESTNICTWA I LINKI S\u0104 DOST\u0118PNE NA STRONACH INTERNETOWYCH G\u0141\u00d3WNYCH ORGANIZATOR\u00d3W WYDARZE\u0143.<\/strong>&nbsp;<\/p>\n\n\n\n<figure class=\"wp-block-image size-large\"><img loading=\"lazy\" decoding=\"async\" width=\"1\" height=\"1\" src=\"http:\/\/sp1.kielce.eu\/wp-content\/uploads\/2021\/03\/image.png\" alt=\"Kszta\u0142t\" class=\"wp-image-15707\" \/><\/figure>\n\n\n\n<p><strong>15 marca (poniedzia\u0142ek) 2021 r.<\/strong>&nbsp;<\/p>\n\n\n\n<ul class=\"wp-block-list\"><li>Wyk\u0142ad\u202f<strong>dra hab. Kazimierza O\u017coga:\u202f<\/strong><strong><em>Czy wsp\u00f3\u0142czesny j\u0119zyk m\u0142odzie\u017cy jest kodem ograniczonym -\u202f<\/em><\/strong>godz. 14.00<em>.\u202f<\/em>Forma zdalna.&nbsp;<br>Link do spotkania &#8211; kana\u0142 Uniwersyteckiego\u202fCentrum Medi\u00f3w w serwisie&nbsp;YouTube:\u202f<a href=\"https:\/\/youtu.be\/YPCg-4BeFLE\" target=\"_blank\" rel=\"noreferrer noopener\">https:\/\/youtu.be\/YPCg-4BeFLE<\/a>&nbsp;<\/li><\/ul>\n\n\n\n<p><strong>17 marca (\u015broda) 2021 r.<\/strong>&nbsp;<\/p>\n\n\n\n<ul class=\"wp-block-list\"><li>Wyk\u0142ad\u202f<strong>dra hab. Marka \u0141azi\u0144skiego, UW:\u202f<\/strong><strong><em>S\u0142ownictwo m\u0142odzie\u017cowe. Geneza, historia i tendencje rozwojowe\u202f<\/em><\/strong><strong>&#8211;<\/strong>&nbsp;<br>godz. 14.00<strong><em>.\u202f\u202f<\/em><\/strong>Forma zdalna. Link do spotkania &#8211; kana\u0142 Uniwersyteckiego Centrum Medi\u00f3w w serwisie&nbsp;YouTube:\u202f<a href=\"https:\/\/www.youtube.com\/watch?v=hEFLJeslRR0\" target=\"_blank\" rel=\"noreferrer noopener\">https:\/\/www.youtube.com\/watch?v=hEFLJeslRR0<\/a>&nbsp;<\/li><\/ul>\n\n\n\n<ul class=\"wp-block-list\"><li>Wyk\u0142ad\u202f<strong>dra hab. Zbigniewa Trzaskowskiego, prof. UJK:\u202f<\/strong><strong><em>Rola rozrywek umys\u0142owych w kszta\u0142ceniu sprawno\u015bci j\u0119zykowej<\/em><\/strong>\u202f\u2013&nbsp;<br>10.00. Forma zdalna. Link do spotkania:\u202f<a href=\"https:\/\/zoom.us\/j\/97225983375?pwd=TGpIb1NISzgzT3MzT3QwdWoxVWlEZz09\" target=\"_blank\" rel=\"noreferrer noopener\">https:\/\/zoom.us\/j\/97225983375?pwd=TGpIb1NISzgzT3MzT3QwdWoxVWlEZz09<\/a>&nbsp;<\/li><\/ul>\n\n\n\n<ul class=\"wp-block-list\"><li>Wyk\u0142ad\u202f<strong>dr hab. Katarzyny K\u0142osi\u0144skiej, prof. UW<\/strong>, przewodnicz\u0105ca RJP-\u202f<strong><em>Po co nam nowe s\u0142owa?\u202f<\/em><\/strong>&#8211; godz. 9.00 Forma zdalna, WBP&nbsp;<\/li><\/ul>\n\n\n\n<p><strong>18 marca (czwartek) 2021 r.<\/strong>&nbsp;<\/p>\n\n\n\n<ul class=\"wp-block-list\"><li>Wyk\u0142ad\u202f<strong>dra hab. Miros\u0142awa&nbsp;<\/strong><strong>P\u0119czaka:<\/strong><strong><em>Kultura<\/em><\/strong><strong><em>&nbsp;m\u0142odzie\u017cowa w PRL \u2013 jak j\u0105 pami\u0119tamy<\/em><\/strong>\u202f- godz. 12.00. Forma zdalna, WBP&nbsp;<\/li><li><strong><em>Salon Mistrza Mowy Polskiej\u202f<\/em><\/strong>z udzia\u0142em aktora\u202f<strong>Jerzego Treli,\u202f<\/strong>dziennikarki radiowej\u202f i telewizyjnej\u202f<strong>Katarzyny&nbsp;<\/strong><strong>Stoparczyk<\/strong><strong>.<\/strong>&nbsp;<br>Prowadzenie: prof. dr hab.\u202f<strong>Boles\u0142aw Faron,\u202f<\/strong>historyk literatury polskiej \u2013 godz. 19.00. Spotkanie otwarte, Du\u017ca Scena KCK&nbsp;<\/li><li><strong>Spotkanie autorskie z Ma\u0142gorzat\u0105 Rejmer<\/strong>\u202f\u2013 godz. 18.00. Forma zdalna, WBP&nbsp;<\/li><\/ul>\n\n\n\n<p><strong>19 marca (pi\u0105tek) 2021 r.<\/strong>&nbsp;<\/p>\n\n\n\n<ul class=\"wp-block-list\"><li><strong><em>Debata o nowych trendach w j\u0119zyku i kulturze:<\/em><\/strong><strong>\u202f<\/strong><strong><em>M\u0142ode s\u0142owa i nowe media.\u202f<\/em><\/strong><strong>Mateusz Adamczyk\u202f<\/strong>(polonista, cz\u0142onek Zespo\u0142u Retoryki i Komunikacji Publicznej Rady J\u0119zyka Polskiego przy Prezydium PAN)<strong>, Ewa Lipowicz,\u202f<\/strong>dziennikarka i redaktorka Polskiego Radia<strong>, Matylda Kozakiewicz\u202f<\/strong>\u2013 polonistka,&nbsp;blogerka&nbsp;(Segritta.pl) i&nbsp;psychoedukatorka&nbsp;na&nbsp;Instagramie,&nbsp;TikToku<strong>,\u202f<\/strong>14.00. Forma zdalna.&nbsp;<br>Link do spotkania &#8211; kana\u0142 Uniwersyteckiego\u202fCentrum Medi\u00f3w w serwisie&nbsp;YouTube:\u202f<a href=\"https:\/\/www.youtube.com\/watch?v=tZyuhxiZbew\" target=\"_blank\" rel=\"noreferrer noopener\">https:\/\/www.youtube.com\/watch?v=tZyuhxiZbew<\/a>&nbsp;<\/li><li><strong><em>Kryminalny Salon Bezsenno\u015b\u0107 z Wojciechem Chmielarzem\u202f<\/em><\/strong>\u2013 autorem powie\u015bci kryminalnych \u2013 godz. 18.00, Ma\u0142a Scena KCK&nbsp;<\/li><\/ul>\n\n\n\n<p>Szczeg\u00f3\u0142y mo\u017cna znale\u017a\u0107 pod adresem :&nbsp; &nbsp;<\/p>\n\n\n\n<figure class=\"wp-block-embed-wordpress wp-block-embed is-type-wp-embed is-provider-instytut-literaturoznawstwa-i-nbsp-jezykoznawstwa\"><div class=\"wp-block-embed__wrapper\">\n<blockquote class=\"wp-embedded-content\" data-secret=\"oqEDfvAH8b\"><a href=\"https:\/\/ilij.ujk.edu.pl\/xxix-tydzien-kultury-jezyka\/\">XXIX TYDZIE\u0143 KULTURY J\u0118ZYKA W WOJEW\u00d3DZTWIE \u015aWI\u0118TOKRZYSKIM<\/a><\/blockquote><iframe loading=\"lazy\" class=\"wp-embedded-content\" sandbox=\"allow-scripts\" security=\"restricted\" style=\"position: absolute; clip: rect(1px, 1px, 1px, 1px);\" title=\"&#8222;XXIX TYDZIE\u0143 KULTURY J\u0118ZYKA W WOJEW\u00d3DZTWIE \u015aWI\u0118TOKRZYSKIM&#8221; &#8212; Instytut Literaturoznawstwa i&nbsp;J\u0119zykoznawstwa\" src=\"https:\/\/ilij.ujk.edu.pl\/xxix-tydzien-kultury-jezyka\/embed\/#?secret=oqEDfvAH8b\" data-secret=\"oqEDfvAH8b\" width=\"600\" height=\"338\" frameborder=\"0\" marginwidth=\"0\" marginheight=\"0\" scrolling=\"no\"><\/iframe>\n<\/div><\/figure>\n\n\n\n<p>Gor\u0105co polecam !&nbsp;&nbsp;<\/p>\n\n\n\n<p class=\"has-text-align-right\">Dorota\u00a0Broni\u015b\u00a0\u2013 nauczyciel j. polskiego<\/p>\n\n\n\n<div class=\"wp-block-file\"><a href=\"http:\/\/sp1.kielce.eu\/wp-content\/uploads\/2021\/03\/PROGRAM-GLOWNY-INSTYTUCJI-KULTURY-I-NAUKI-1.pdf\">PROGRAM-GLOWNY-INSTYTUCJI-KULTURY-I-NAUKI-1<\/a><a href=\"http:\/\/sp1.kielce.eu\/wp-content\/uploads\/2021\/03\/PROGRAM-GLOWNY-INSTYTUCJI-KULTURY-I-NAUKI-1.pdf\" class=\"wp-block-file__button\" download>Pobierz<\/a><\/div>\n\n\n\n<p><\/p>\n","protected":false},"excerpt":{"rendered":"<p>Og\u00f3lna idea Projektu&nbsp; Motyw przewodni projektu: \u201ePrzejrzysty ojczysty. Przez&nbsp;m\u0142odomow\u0119&nbsp;do wsp\u00f3\u0142czesnej kultury\u201d&nbsp; G\u0142\u00f3wna idea projektu polega [&hellip;]<\/p>\n","protected":false},"author":5,"featured_media":15710,"comment_status":"closed","ping_status":"open","sticky":false,"template":"","format":"standard","meta":{"footnotes":""},"categories":[36],"tags":[],"class_list":["post-15704","post","type-post","status-publish","format-standard","has-post-thumbnail","hentry","category-wydarzenia"],"_links":{"self":[{"href":"https:\/\/sp1.kielce.eu\/index.php\/wp-json\/wp\/v2\/posts\/15704","targetHints":{"allow":["GET"]}}],"collection":[{"href":"https:\/\/sp1.kielce.eu\/index.php\/wp-json\/wp\/v2\/posts"}],"about":[{"href":"https:\/\/sp1.kielce.eu\/index.php\/wp-json\/wp\/v2\/types\/post"}],"author":[{"embeddable":true,"href":"https:\/\/sp1.kielce.eu\/index.php\/wp-json\/wp\/v2\/users\/5"}],"replies":[{"embeddable":true,"href":"https:\/\/sp1.kielce.eu\/index.php\/wp-json\/wp\/v2\/comments?post=15704"}],"version-history":[{"count":1,"href":"https:\/\/sp1.kielce.eu\/index.php\/wp-json\/wp\/v2\/posts\/15704\/revisions"}],"predecessor-version":[{"id":15711,"href":"https:\/\/sp1.kielce.eu\/index.php\/wp-json\/wp\/v2\/posts\/15704\/revisions\/15711"}],"wp:featuredmedia":[{"embeddable":true,"href":"https:\/\/sp1.kielce.eu\/index.php\/wp-json\/wp\/v2\/media\/15710"}],"wp:attachment":[{"href":"https:\/\/sp1.kielce.eu\/index.php\/wp-json\/wp\/v2\/media?parent=15704"}],"wp:term":[{"taxonomy":"category","embeddable":true,"href":"https:\/\/sp1.kielce.eu\/index.php\/wp-json\/wp\/v2\/categories?post=15704"},{"taxonomy":"post_tag","embeddable":true,"href":"https:\/\/sp1.kielce.eu\/index.php\/wp-json\/wp\/v2\/tags?post=15704"}],"curies":[{"name":"wp","href":"https:\/\/api.w.org\/{rel}","templated":true}]}}