{"id":15645,"date":"2021-03-04T16:56:35","date_gmt":"2021-03-04T15:56:35","guid":{"rendered":"http:\/\/sp1.kielce.eu\/?p=15645"},"modified":"2021-03-04T16:56:35","modified_gmt":"2021-03-04T15:56:35","slug":"jedynka-z-darem-ksiazki","status":"publish","type":"post","link":"https:\/\/sp1.kielce.eu\/index.php\/2021\/03\/04\/jedynka-z-darem-ksiazki\/","title":{"rendered":"JEDYNKA z darem ksi\u0105\u017cki!"},"content":{"rendered":"\n<p>Dobieg\u0142a ko\u0144ca kolejna pi\u0119kna i szlachetna akcja pt. <strong><em>\u201ePodziel si\u0119 ksi\u0105\u017ck\u0105\u201d,<\/em><\/strong> kt\u00f3rej <strong>celem by\u0142o zebranie ksi\u0105\u017cek, bajek, gier&nbsp; i przekazanie ich dzieciom z biedniejszych rodzin<\/strong>. W \u201eksi\u0105\u017ckow\u0105 inicjatyw\u0119\u201d nasza spo\u0142eczno\u015b\u0107 szkolna jak zwykle <strong>bardzo hojnie si\u0119 w\u0142\u0105czy\u0142a<\/strong>. <strong>Zosta\u0142o zebrane tak wiele ksi\u0105\u017cek<\/strong>, \u017ce \u015awietlica Caritas \u201eU J\u00f3zefa\u201d, kt\u00f3ra zorganizowa\u0142a ow\u0105 akcj\u0119, nie mog\u0142o wyj\u015b\u0107 z podziwu, ile to ksi\u0105\u017cek im przywie\u017ali\u015bmy. Nie zabrak\u0142o przede wszystkim podzi\u0119kowania i wzruszenia tych, do kt\u00f3rych ju\u017c dotar\u0142y pierwsze ksi\u0105\u017cki.<\/p>\n\n\n\n<p>\u015awietlica \u201eU J\u00f3zefa\u201d przesy\u0142a <strong>naszej Spo\u0142eczno\u015bci Szkolnej serdeczne podzi\u0119kowania<\/strong>.<\/p>\n\n\n\n<p><strong>Wielkie podzi\u0119kowanie i B\u00d3G ZAP\u0141A\u0106<\/strong> Wszystkim, kt\u00f3rzy <strong>tak hojnie w\u0142\u0105czyli z zbi\u00f3rk\u0119<\/strong> tych\u017ce <strong>ksi\u0105\u017cek<\/strong>. <strong>Dzi\u0119kujemy Rodzicom i Dzieciom!<\/strong><\/p>\n\n\n\n<p>S\u0142owa podzi\u0119kowania r\u00f3wnie\u017c w imieniu dzieci, kt\u00f3re b\u0119d\u0105 z rado\u015bci\u0105 si\u0119 uczy\u0107 z przekazanych przez Was ksi\u0105\u017cek, bajek, czy gier.<\/p>\n\n\n\n<p>Warto si\u0119 dzieli\u0107 tym \u201ema\u0142ym\u201d dobrem, kt\u00f3ry posiadamy, z innymi, kt\u00f3rzy s\u0105 w potrzebie wi\u0119kszej ni\u017c my.<\/p>\n\n\n\n<p class=\"has-text-align-right\">Ks. Konrad Walerczak<\/p>\n\n\n\n<p class=\"has-text-align-right\">Agnieszka Rycombel<\/p>\n\n\n\n<p class=\"has-text-align-right\">Kinga Kozie\u0142<\/p>\n\n\n\n<p class=\"has-text-align-right\">dkn Micha\u0142 Segiet<\/p>\n\n\n\n<figure class=\"wp-block-gallery columns-3 is-cropped wp-block-gallery-1 is-layout-flex wp-block-gallery-is-layout-flex\"><ul class=\"blocks-gallery-grid\"><li class=\"blocks-gallery-item\"><figure><a href=\"http:\/\/sp1.kielce.eu\/wp-content\/uploads\/2021\/03\/20210226-160930.jpg\"><img loading=\"lazy\" decoding=\"async\" width=\"1200\" height=\"900\" src=\"http:\/\/sp1.kielce.eu\/wp-content\/uploads\/2021\/03\/20210226-160930-1200x900.jpg\" alt=\"\" data-id=\"15646\" data-full-url=\"http:\/\/sp1.kielce.eu\/wp-content\/uploads\/2021\/03\/20210226-160930.jpg\" data-link=\"http:\/\/sp1.kielce.eu\/?attachment_id=15646\" class=\"wp-image-15646\" srcset=\"https:\/\/sp1.kielce.eu\/wp-content\/uploads\/2021\/03\/20210226-160930-1200x900.jpg 1200w, https:\/\/sp1.kielce.eu\/wp-content\/uploads\/2021\/03\/20210226-160930-300x225.jpg 300w, https:\/\/sp1.kielce.eu\/wp-content\/uploads\/2021\/03\/20210226-160930-768x576.jpg 768w, https:\/\/sp1.kielce.eu\/wp-content\/uploads\/2021\/03\/20210226-160930-820x615.jpg 820w, https:\/\/sp1.kielce.eu\/wp-content\/uploads\/2021\/03\/20210226-160930.jpg 1331w\" sizes=\"auto, (max-width: 1200px) 100vw, 1200px\" \/><\/a><figcaption class=\"blocks-gallery-item__caption\">1<\/figcaption><\/figure><\/li><li class=\"blocks-gallery-item\"><figure><a href=\"http:\/\/sp1.kielce.eu\/wp-content\/uploads\/2021\/03\/img-20210225-wa0001.jpg\"><img loading=\"lazy\" decoding=\"async\" width=\"528\" height=\"243\" src=\"http:\/\/sp1.kielce.eu\/wp-content\/uploads\/2021\/03\/img-20210225-wa0001.jpg\" alt=\"\" data-id=\"15647\" data-full-url=\"http:\/\/sp1.kielce.eu\/wp-content\/uploads\/2021\/03\/img-20210225-wa0001.jpg\" data-link=\"http:\/\/sp1.kielce.eu\/?attachment_id=15647\" class=\"wp-image-15647\" srcset=\"https:\/\/sp1.kielce.eu\/wp-content\/uploads\/2021\/03\/img-20210225-wa0001.jpg 528w, https:\/\/sp1.kielce.eu\/wp-content\/uploads\/2021\/03\/img-20210225-wa0001-300x138.jpg 300w\" sizes=\"auto, (max-width: 528px) 100vw, 528px\" \/><\/a><figcaption class=\"blocks-gallery-item__caption\">2<\/figcaption><\/figure><\/li><li class=\"blocks-gallery-item\"><figure><a href=\"http:\/\/sp1.kielce.eu\/wp-content\/uploads\/2021\/03\/Podzi\u00a6Okowanie-Podziel-si\u00a6O-ksi\u00a6u-k\u00a6u.jpg\"><img loading=\"lazy\" decoding=\"async\" width=\"1057\" height=\"748\" src=\"http:\/\/sp1.kielce.eu\/wp-content\/uploads\/2021\/03\/Podzi\u00a6Okowanie-Podziel-si\u00a6O-ksi\u00a6u-k\u00a6u.jpg\" alt=\"\" data-id=\"15648\" data-full-url=\"http:\/\/sp1.kielce.eu\/wp-content\/uploads\/2021\/03\/Podzi\u00a6Okowanie-Podziel-si\u00a6O-ksi\u00a6u-k\u00a6u.jpg\" data-link=\"http:\/\/sp1.kielce.eu\/?attachment_id=15648\" class=\"wp-image-15648\" srcset=\"https:\/\/sp1.kielce.eu\/wp-content\/uploads\/2021\/03\/Podzi\u00a6Okowanie-Podziel-si\u00a6O-ksi\u00a6u-k\u00a6u.jpg 1057w, https:\/\/sp1.kielce.eu\/wp-content\/uploads\/2021\/03\/Podzi\u00a6Okowanie-Podziel-si\u00a6O-ksi\u00a6u-k\u00a6u-300x212.jpg 300w, https:\/\/sp1.kielce.eu\/wp-content\/uploads\/2021\/03\/Podzi\u00a6Okowanie-Podziel-si\u00a6O-ksi\u00a6u-k\u00a6u-768x543.jpg 768w, https:\/\/sp1.kielce.eu\/wp-content\/uploads\/2021\/03\/Podzi\u00a6Okowanie-Podziel-si\u00a6O-ksi\u00a6u-k\u00a6u-820x580.jpg 820w\" sizes=\"auto, (max-width: 1057px) 100vw, 1057px\" \/><\/a><figcaption class=\"blocks-gallery-item__caption\">3<\/figcaption><\/figure><\/li><\/ul><\/figure>\n","protected":false},"excerpt":{"rendered":"<p>Dobieg\u0142a ko\u0144ca kolejna pi\u0119kna i szlachetna akcja pt. \u201ePodziel si\u0119 ksi\u0105\u017ck\u0105\u201d, kt\u00f3rej celem by\u0142o zebranie [&hellip;]<\/p>\n","protected":false},"author":5,"featured_media":15648,"comment_status":"closed","ping_status":"open","sticky":false,"template":"","format":"standard","meta":{"footnotes":""},"categories":[36,163],"tags":[],"class_list":["post-15645","post","type-post","status-publish","format-standard","has-post-thumbnail","hentry","category-wydarzenia","category-skw"],"_links":{"self":[{"href":"https:\/\/sp1.kielce.eu\/index.php\/wp-json\/wp\/v2\/posts\/15645","targetHints":{"allow":["GET"]}}],"collection":[{"href":"https:\/\/sp1.kielce.eu\/index.php\/wp-json\/wp\/v2\/posts"}],"about":[{"href":"https:\/\/sp1.kielce.eu\/index.php\/wp-json\/wp\/v2\/types\/post"}],"author":[{"embeddable":true,"href":"https:\/\/sp1.kielce.eu\/index.php\/wp-json\/wp\/v2\/users\/5"}],"replies":[{"embeddable":true,"href":"https:\/\/sp1.kielce.eu\/index.php\/wp-json\/wp\/v2\/comments?post=15645"}],"version-history":[{"count":1,"href":"https:\/\/sp1.kielce.eu\/index.php\/wp-json\/wp\/v2\/posts\/15645\/revisions"}],"predecessor-version":[{"id":15649,"href":"https:\/\/sp1.kielce.eu\/index.php\/wp-json\/wp\/v2\/posts\/15645\/revisions\/15649"}],"wp:featuredmedia":[{"embeddable":true,"href":"https:\/\/sp1.kielce.eu\/index.php\/wp-json\/wp\/v2\/media\/15648"}],"wp:attachment":[{"href":"https:\/\/sp1.kielce.eu\/index.php\/wp-json\/wp\/v2\/media?parent=15645"}],"wp:term":[{"taxonomy":"category","embeddable":true,"href":"https:\/\/sp1.kielce.eu\/index.php\/wp-json\/wp\/v2\/categories?post=15645"},{"taxonomy":"post_tag","embeddable":true,"href":"https:\/\/sp1.kielce.eu\/index.php\/wp-json\/wp\/v2\/tags?post=15645"}],"curies":[{"name":"wp","href":"https:\/\/api.w.org\/{rel}","templated":true}]}}