{"id":15627,"date":"2021-03-02T21:07:55","date_gmt":"2021-03-02T20:07:55","guid":{"rendered":"http:\/\/sp1.kielce.eu\/?p=15627"},"modified":"2021-03-02T21:07:55","modified_gmt":"2021-03-02T20:07:55","slug":"w-swiecie-basni-2","status":"publish","type":"post","link":"https:\/\/sp1.kielce.eu\/index.php\/2021\/03\/02\/w-swiecie-basni-2\/","title":{"rendered":"W \u015bwiecie ba\u015bni"},"content":{"rendered":"\n<p>\u00a0\u00a0\u00a0\u00a0\u00a0\u00a0\u00a0\u00a0\u00a0\u00a0 W ramach zaj\u0119\u0107 \u015bwietlicowych w\u00a0ubieg\u0142ym tygodniu realizowany by\u0142 blok tematyczny zwi\u0105zany z\u00a0poznawaniem najs\u0142ynniejszych bajek i\u00a0ba\u015bni.<br> \u00a0\u00a0\u00a0\u00a0\u00a0\u00a0\u00a0\u00a0\u00a0\u00a0\u00a0 W czasie ostatnich kilku zaj\u0119\u0107 dzieci zapoznane zosta\u0142y z\u00a0t\u0105 tematyk\u0105 \u2013 ba\u015bniami i\u00a0ich autorami, maj\u0105c na celu przekazanie mora\u0142u, jaki z\u00a0ka\u017cdej ba\u015bni mo\u017cna wysnu\u0107. Na koniec realizacji tego bloku tematycznego wychowankowie \u015bwietlicy rysowali ilustracje do wys\u0142uchanej bajki ,,Kr\u00f3l Lew\u201d. Dzieci z\u00a0zaanga\u017cowaniem wykona\u0142y rysunki, czego efekty prezentujemy poni\u017cej.<\/p>\n\n\n\n<p class=\"has-text-align-right\">Marlena Jamro\u017cek \u2013 Pryciak<br>Ma\u0142gorzata G\u0119bska &#8211; Lisowaska<\/p>\n\n\n\n<figure class=\"wp-block-gallery columns-3 is-cropped wp-block-gallery-1 is-layout-flex wp-block-gallery-is-layout-flex\"><ul class=\"blocks-gallery-grid\"><li class=\"blocks-gallery-item\"><figure><a href=\"http:\/\/sp1.kielce.eu\/wp-content\/uploads\/2021\/03\/IMG_20210223_151953-Copy.jpg\"><img loading=\"lazy\" decoding=\"async\" width=\"1200\" height=\"766\" src=\"http:\/\/sp1.kielce.eu\/wp-content\/uploads\/2021\/03\/IMG_20210223_151953-Copy.jpg\" alt=\"\" data-id=\"15631\" data-full-url=\"http:\/\/sp1.kielce.eu\/wp-content\/uploads\/2021\/03\/IMG_20210223_151953-Copy.jpg\" data-link=\"http:\/\/sp1.kielce.eu\/?attachment_id=15631\" class=\"wp-image-15631\" srcset=\"https:\/\/sp1.kielce.eu\/wp-content\/uploads\/2021\/03\/IMG_20210223_151953-Copy.jpg 1200w, https:\/\/sp1.kielce.eu\/wp-content\/uploads\/2021\/03\/IMG_20210223_151953-Copy-300x192.jpg 300w, https:\/\/sp1.kielce.eu\/wp-content\/uploads\/2021\/03\/IMG_20210223_151953-Copy-768x490.jpg 768w, https:\/\/sp1.kielce.eu\/wp-content\/uploads\/2021\/03\/IMG_20210223_151953-Copy-820x523.jpg 820w\" sizes=\"auto, (max-width: 1200px) 100vw, 1200px\" \/><\/a><\/figure><\/li><li class=\"blocks-gallery-item\"><figure><a href=\"http:\/\/sp1.kielce.eu\/wp-content\/uploads\/2021\/03\/IMG_20210223_152021-Copy.jpg\"><img loading=\"lazy\" decoding=\"async\" width=\"1200\" height=\"752\" src=\"http:\/\/sp1.kielce.eu\/wp-content\/uploads\/2021\/03\/IMG_20210223_152021-Copy.jpg\" alt=\"\" data-id=\"15632\" data-full-url=\"http:\/\/sp1.kielce.eu\/wp-content\/uploads\/2021\/03\/IMG_20210223_152021-Copy.jpg\" data-link=\"http:\/\/sp1.kielce.eu\/?attachment_id=15632\" class=\"wp-image-15632\" srcset=\"https:\/\/sp1.kielce.eu\/wp-content\/uploads\/2021\/03\/IMG_20210223_152021-Copy.jpg 1200w, https:\/\/sp1.kielce.eu\/wp-content\/uploads\/2021\/03\/IMG_20210223_152021-Copy-300x188.jpg 300w, https:\/\/sp1.kielce.eu\/wp-content\/uploads\/2021\/03\/IMG_20210223_152021-Copy-768x481.jpg 768w, https:\/\/sp1.kielce.eu\/wp-content\/uploads\/2021\/03\/IMG_20210223_152021-Copy-820x514.jpg 820w\" sizes=\"auto, (max-width: 1200px) 100vw, 1200px\" \/><\/a><\/figure><\/li><li class=\"blocks-gallery-item\"><figure><a href=\"http:\/\/sp1.kielce.eu\/wp-content\/uploads\/2021\/03\/IMG_20210223_152043-Copy.jpg\"><img loading=\"lazy\" decoding=\"async\" width=\"746\" height=\"900\" src=\"http:\/\/sp1.kielce.eu\/wp-content\/uploads\/2021\/03\/IMG_20210223_152043-Copy.jpg\" alt=\"\" data-id=\"15633\" data-full-url=\"http:\/\/sp1.kielce.eu\/wp-content\/uploads\/2021\/03\/IMG_20210223_152043-Copy.jpg\" data-link=\"http:\/\/sp1.kielce.eu\/?attachment_id=15633\" class=\"wp-image-15633\" srcset=\"https:\/\/sp1.kielce.eu\/wp-content\/uploads\/2021\/03\/IMG_20210223_152043-Copy.jpg 746w, https:\/\/sp1.kielce.eu\/wp-content\/uploads\/2021\/03\/IMG_20210223_152043-Copy-249x300.jpg 249w\" sizes=\"auto, (max-width: 746px) 100vw, 746px\" \/><\/a><\/figure><\/li><\/ul><\/figure>\n","protected":false},"excerpt":{"rendered":"<p>\u00a0\u00a0\u00a0\u00a0\u00a0\u00a0\u00a0\u00a0\u00a0\u00a0 W ramach zaj\u0119\u0107 \u015bwietlicowych w\u00a0ubieg\u0142ym tygodniu realizowany by\u0142 blok tematyczny zwi\u0105zany z\u00a0poznawaniem najs\u0142ynniejszych bajek [&hellip;]<\/p>\n","protected":false},"author":13,"featured_media":15631,"comment_status":"closed","ping_status":"open","sticky":false,"template":"","format":"standard","meta":{"footnotes":""},"categories":[25],"tags":[],"class_list":["post-15627","post","type-post","status-publish","format-standard","has-post-thumbnail","hentry","category-swietlica"],"_links":{"self":[{"href":"https:\/\/sp1.kielce.eu\/index.php\/wp-json\/wp\/v2\/posts\/15627","targetHints":{"allow":["GET"]}}],"collection":[{"href":"https:\/\/sp1.kielce.eu\/index.php\/wp-json\/wp\/v2\/posts"}],"about":[{"href":"https:\/\/sp1.kielce.eu\/index.php\/wp-json\/wp\/v2\/types\/post"}],"author":[{"embeddable":true,"href":"https:\/\/sp1.kielce.eu\/index.php\/wp-json\/wp\/v2\/users\/13"}],"replies":[{"embeddable":true,"href":"https:\/\/sp1.kielce.eu\/index.php\/wp-json\/wp\/v2\/comments?post=15627"}],"version-history":[{"count":4,"href":"https:\/\/sp1.kielce.eu\/index.php\/wp-json\/wp\/v2\/posts\/15627\/revisions"}],"predecessor-version":[{"id":15634,"href":"https:\/\/sp1.kielce.eu\/index.php\/wp-json\/wp\/v2\/posts\/15627\/revisions\/15634"}],"wp:featuredmedia":[{"embeddable":true,"href":"https:\/\/sp1.kielce.eu\/index.php\/wp-json\/wp\/v2\/media\/15631"}],"wp:attachment":[{"href":"https:\/\/sp1.kielce.eu\/index.php\/wp-json\/wp\/v2\/media?parent=15627"}],"wp:term":[{"taxonomy":"category","embeddable":true,"href":"https:\/\/sp1.kielce.eu\/index.php\/wp-json\/wp\/v2\/categories?post=15627"},{"taxonomy":"post_tag","embeddable":true,"href":"https:\/\/sp1.kielce.eu\/index.php\/wp-json\/wp\/v2\/tags?post=15627"}],"curies":[{"name":"wp","href":"https:\/\/api.w.org\/{rel}","templated":true}]}}