{"id":15563,"date":"2021-02-26T07:55:53","date_gmt":"2021-02-26T06:55:53","guid":{"rendered":"http:\/\/sp1.kielce.eu\/?p=15563"},"modified":"2021-02-26T07:55:53","modified_gmt":"2021-02-26T06:55:53","slug":"muzeum-sportu-i-turystyki-online-na-zdalnych-lekcjach-wychowania-fizycznego","status":"publish","type":"post","link":"https:\/\/sp1.kielce.eu\/index.php\/2021\/02\/26\/muzeum-sportu-i-turystyki-online-na-zdalnych-lekcjach-wychowania-fizycznego\/","title":{"rendered":"Muzeum Sportu i Turystyki  online na zdalnych lekcjach wychowania fizycznego"},"content":{"rendered":"\n<p>W styczniu i lutym 2021 r. uczennice klas czwartych , pi\u0105tych oraz \u00f3smej \u201eb\u201d uczestniczy\u0142y<br>&nbsp;w serii unikatowych lekcji zorganizowanych przez Muzeum Sportu i Turystyki w ramach projektu&nbsp; #MuzeumSportuOnline. Po cz\u0119\u015bci aktywnej wychowania fizycznego dziewcz\u0119ta obywa\u0142y podr\u00f3\u017c do Warszawy na spotkanieze \u015bwiatem symboli olimpijskich i histori\u0105 sportu. &nbsp;Filmowa lekcja pt. \u201eW krainie pi\u0119ciu k\u00f3\u0142ek olimpijskich\u201d przybli\u017cy\u0142a histori\u0119 flagi olimpijskiej, pierwszych nowo\u017cytnych Igrzyskach Olimpijskich oraz posta\u0107 ich tw\u00f3rcy&nbsp;barona Pierre de Coubertina.&nbsp;Lekcja \u201eHistoria Pochodni Olimpijskich\u201d ukaza\u0142a histori\u0119 ognia olimpijskiego oraz pi\u0119kno pochodni z poszczeg\u00f3lnych Igrzysk Olimpijskich.Na lekcji\u201eMedale olimpijskie\u201d uczennice dowiedzia\u0142y si\u0119kiedy Polacy zdobyli pierwsze medale olimpijskie oraz gdzie znajduje si\u0119 najwi\u0119ksza w Polsce Galeria Oryginalnych Medali Olimpijskich. \u201eIgrzyska, kt\u00f3rych nie by\u0142o\u201d &#8230; to wyj\u0105tkowo poruszaj\u0105ca historia o przerwanych Igrzyskach Olimpijskich.Na pytanie jak wygl\u0105da\u0142y m.in. pierwsze r\u0119kawki p\u0142ywackie, maszyna do nauki p\u0142ywania czy narty oraz w jaki spos\u00f3b pranie koszul wp\u0142yn\u0119\u0142o na rozw\u00f3j baloniarstwa opowiedzia\u0142a lekcja \u201eDawny sprz\u0119t sportowy\u201d. Eksponaty zwi\u0105zane z wod\u0105 i kajak Jana Paw\u0142a II mo\u017cna by\u0142o zobaczy\u0107 w filmowej lekcji \u201eDawny sprz\u0119t sportowy\u201d. Udzia\u0142 w lekcjach muzealnych by\u0142 wspania\u0142\u0105 przygod\u0105 i inspiracj\u0105 do wykonania w\u0142asnor\u0119cznie, w zaciszu domowym, flag i pochodni olimpijskich oraz namalowania ulubionej aktywno\u015bci sportowej.<\/p>\n\n\n\n<p class=\"has-text-align-right\">Nauczyciel wychowania fizycznego<\/p>\n\n\n\n<p class=\"has-text-align-right\">\u00a0\u00a0\u00a0\u00a0\u00a0\u00a0\u00a0\u00a0\u00a0\u00a0\u00a0\u00a0\u00a0\u00a0\u00a0\u00a0\u00a0\u00a0\u00a0\u00a0\u00a0\u00a0\u00a0\u00a0\u00a0\u00a0\u00a0\u00a0\u00a0\u00a0\u00a0\u00a0\u00a0\u00a0\u00a0\u00a0\u00a0\u00a0\u00a0\u00a0\u00a0\u00a0\u00a0\u00a0\u00a0\u00a0\u00a0\u00a0\u00a0\u00a0\u00a0\u00a0\u00a0\u00a0\u00a0\u00a0\u00a0\u00a0\u00a0\u00a0\u00a0\u00a0\u00a0\u00a0\u00a0\u00a0\u00a0\u00a0\u00a0\u00a0 Urszula Wo\u017aniak<\/p>\n\n\n\n<figure class=\"wp-block-gallery columns-3 is-cropped wp-block-gallery-1 is-layout-flex wp-block-gallery-is-layout-flex\"><ul class=\"blocks-gallery-grid\"><li class=\"blocks-gallery-item\"><figure><a href=\"http:\/\/sp1.kielce.eu\/wp-content\/uploads\/2021\/02\/AktywnoT\u00a6c-Agata-Durlik_1.jpg\"><img loading=\"lazy\" decoding=\"async\" width=\"633\" height=\"900\" src=\"http:\/\/sp1.kielce.eu\/wp-content\/uploads\/2021\/02\/AktywnoT\u00a6c-Agata-Durlik_1-633x900.jpg\" alt=\"\" data-id=\"15564\" data-full-url=\"http:\/\/sp1.kielce.eu\/wp-content\/uploads\/2021\/02\/AktywnoT\u00a6c-Agata-Durlik_1.jpg\" data-link=\"http:\/\/sp1.kielce.eu\/?attachment_id=15564\" class=\"wp-image-15564\" srcset=\"https:\/\/sp1.kielce.eu\/wp-content\/uploads\/2021\/02\/AktywnoT\u00a6c-Agata-Durlik_1-633x900.jpg 633w, https:\/\/sp1.kielce.eu\/wp-content\/uploads\/2021\/02\/AktywnoT\u00a6c-Agata-Durlik_1-211x300.jpg 211w, https:\/\/sp1.kielce.eu\/wp-content\/uploads\/2021\/02\/AktywnoT\u00a6c-Agata-Durlik_1-768x1092.jpg 768w, https:\/\/sp1.kielce.eu\/wp-content\/uploads\/2021\/02\/AktywnoT\u00a6c-Agata-Durlik_1-1080x1536.jpg 1080w, https:\/\/sp1.kielce.eu\/wp-content\/uploads\/2021\/02\/AktywnoT\u00a6c-Agata-Durlik_1-820x1166.jpg 820w, https:\/\/sp1.kielce.eu\/wp-content\/uploads\/2021\/02\/AktywnoT\u00a6c-Agata-Durlik_1.jpg 1280w\" sizes=\"auto, (max-width: 633px) 100vw, 633px\" \/><\/a><figcaption class=\"blocks-gallery-item__caption\">1<\/figcaption><\/figure><\/li><li class=\"blocks-gallery-item\"><figure><a href=\"http:\/\/sp1.kielce.eu\/wp-content\/uploads\/2021\/02\/AktywnoT\u00a6c-ulub.-Agata-Durlik_1.jpg\"><img loading=\"lazy\" decoding=\"async\" width=\"1280\" height=\"881\" src=\"http:\/\/sp1.kielce.eu\/wp-content\/uploads\/2021\/02\/AktywnoT\u00a6c-ulub.-Agata-Durlik_1.jpg\" alt=\"\" data-id=\"15565\" data-full-url=\"http:\/\/sp1.kielce.eu\/wp-content\/uploads\/2021\/02\/AktywnoT\u00a6c-ulub.-Agata-Durlik_1.jpg\" data-link=\"http:\/\/sp1.kielce.eu\/?attachment_id=15565\" class=\"wp-image-15565\" srcset=\"https:\/\/sp1.kielce.eu\/wp-content\/uploads\/2021\/02\/AktywnoT\u00a6c-ulub.-Agata-Durlik_1.jpg 1280w, https:\/\/sp1.kielce.eu\/wp-content\/uploads\/2021\/02\/AktywnoT\u00a6c-ulub.-Agata-Durlik_1-300x206.jpg 300w, https:\/\/sp1.kielce.eu\/wp-content\/uploads\/2021\/02\/AktywnoT\u00a6c-ulub.-Agata-Durlik_1-768x529.jpg 768w, https:\/\/sp1.kielce.eu\/wp-content\/uploads\/2021\/02\/AktywnoT\u00a6c-ulub.-Agata-Durlik_1-820x564.jpg 820w\" sizes=\"auto, (max-width: 1280px) 100vw, 1280px\" \/><\/a><figcaption class=\"blocks-gallery-item__caption\">2<\/figcaption><\/figure><\/li><li class=\"blocks-gallery-item\"><figure><a href=\"http:\/\/sp1.kielce.eu\/wp-content\/uploads\/2021\/02\/Flaga-Natalia-Czy-_1.jpg\"><img loading=\"lazy\" decoding=\"async\" width=\"1241\" height=\"900\" src=\"http:\/\/sp1.kielce.eu\/wp-content\/uploads\/2021\/02\/Flaga-Natalia-Czy-_1-1241x900.jpg\" alt=\"\" data-id=\"15566\" data-full-url=\"http:\/\/sp1.kielce.eu\/wp-content\/uploads\/2021\/02\/Flaga-Natalia-Czy-_1.jpg\" data-link=\"http:\/\/sp1.kielce.eu\/?attachment_id=15566\" class=\"wp-image-15566\" srcset=\"https:\/\/sp1.kielce.eu\/wp-content\/uploads\/2021\/02\/Flaga-Natalia-Czy-_1-1241x900.jpg 1241w, https:\/\/sp1.kielce.eu\/wp-content\/uploads\/2021\/02\/Flaga-Natalia-Czy-_1-300x218.jpg 300w, https:\/\/sp1.kielce.eu\/wp-content\/uploads\/2021\/02\/Flaga-Natalia-Czy-_1-768x557.jpg 768w, https:\/\/sp1.kielce.eu\/wp-content\/uploads\/2021\/02\/Flaga-Natalia-Czy-_1-820x595.jpg 820w, https:\/\/sp1.kielce.eu\/wp-content\/uploads\/2021\/02\/Flaga-Natalia-Czy-_1.jpg 1280w\" sizes=\"auto, (max-width: 1241px) 100vw, 1241px\" \/><\/a><figcaption class=\"blocks-gallery-item__caption\">3<\/figcaption><\/figure><\/li><li class=\"blocks-gallery-item\"><figure><a href=\"http:\/\/sp1.kielce.eu\/wp-content\/uploads\/2021\/02\/Flaga-2-Agata-Durlik_1.jpg\"><img loading=\"lazy\" decoding=\"async\" width=\"1219\" height=\"900\" src=\"http:\/\/sp1.kielce.eu\/wp-content\/uploads\/2021\/02\/Flaga-2-Agata-Durlik_1-1219x900.jpg\" alt=\"\" data-id=\"15567\" data-full-url=\"http:\/\/sp1.kielce.eu\/wp-content\/uploads\/2021\/02\/Flaga-2-Agata-Durlik_1.jpg\" data-link=\"http:\/\/sp1.kielce.eu\/?attachment_id=15567\" class=\"wp-image-15567\" srcset=\"https:\/\/sp1.kielce.eu\/wp-content\/uploads\/2021\/02\/Flaga-2-Agata-Durlik_1-1219x900.jpg 1219w, https:\/\/sp1.kielce.eu\/wp-content\/uploads\/2021\/02\/Flaga-2-Agata-Durlik_1-300x221.jpg 300w, https:\/\/sp1.kielce.eu\/wp-content\/uploads\/2021\/02\/Flaga-2-Agata-Durlik_1-768x567.jpg 768w, https:\/\/sp1.kielce.eu\/wp-content\/uploads\/2021\/02\/Flaga-2-Agata-Durlik_1-820x605.jpg 820w, https:\/\/sp1.kielce.eu\/wp-content\/uploads\/2021\/02\/Flaga-2-Agata-Durlik_1.jpg 1280w\" sizes=\"auto, (max-width: 1219px) 100vw, 1219px\" \/><\/a><figcaption class=\"blocks-gallery-item__caption\">4<\/figcaption><\/figure><\/li><li class=\"blocks-gallery-item\"><figure><a href=\"http:\/\/sp1.kielce.eu\/wp-content\/uploads\/2021\/02\/Flaga-Julia-Graba_1.jpg\"><img loading=\"lazy\" decoding=\"async\" width=\"1280\" height=\"826\" src=\"http:\/\/sp1.kielce.eu\/wp-content\/uploads\/2021\/02\/Flaga-Julia-Graba_1.jpg\" alt=\"\" data-id=\"15568\" data-full-url=\"http:\/\/sp1.kielce.eu\/wp-content\/uploads\/2021\/02\/Flaga-Julia-Graba_1.jpg\" data-link=\"http:\/\/sp1.kielce.eu\/?attachment_id=15568\" class=\"wp-image-15568\" srcset=\"https:\/\/sp1.kielce.eu\/wp-content\/uploads\/2021\/02\/Flaga-Julia-Graba_1.jpg 1280w, https:\/\/sp1.kielce.eu\/wp-content\/uploads\/2021\/02\/Flaga-Julia-Graba_1-300x194.jpg 300w, https:\/\/sp1.kielce.eu\/wp-content\/uploads\/2021\/02\/Flaga-Julia-Graba_1-768x496.jpg 768w, https:\/\/sp1.kielce.eu\/wp-content\/uploads\/2021\/02\/Flaga-Julia-Graba_1-820x529.jpg 820w\" sizes=\"auto, (max-width: 1280px) 100vw, 1280px\" \/><\/a><figcaption class=\"blocks-gallery-item__caption\">5<\/figcaption><\/figure><\/li><li class=\"blocks-gallery-item\"><figure><a href=\"http:\/\/sp1.kielce.eu\/wp-content\/uploads\/2021\/02\/Flaga-Kinga-Ko-uch_1.jpg\"><img loading=\"lazy\" decoding=\"async\" width=\"1280\" height=\"826\" src=\"http:\/\/sp1.kielce.eu\/wp-content\/uploads\/2021\/02\/Flaga-Kinga-Ko-uch_1.jpg\" alt=\"\" data-id=\"15569\" data-full-url=\"http:\/\/sp1.kielce.eu\/wp-content\/uploads\/2021\/02\/Flaga-Kinga-Ko-uch_1.jpg\" data-link=\"http:\/\/sp1.kielce.eu\/?attachment_id=15569\" class=\"wp-image-15569\" srcset=\"https:\/\/sp1.kielce.eu\/wp-content\/uploads\/2021\/02\/Flaga-Kinga-Ko-uch_1.jpg 1280w, https:\/\/sp1.kielce.eu\/wp-content\/uploads\/2021\/02\/Flaga-Kinga-Ko-uch_1-300x194.jpg 300w, https:\/\/sp1.kielce.eu\/wp-content\/uploads\/2021\/02\/Flaga-Kinga-Ko-uch_1-768x496.jpg 768w, https:\/\/sp1.kielce.eu\/wp-content\/uploads\/2021\/02\/Flaga-Kinga-Ko-uch_1-820x529.jpg 820w\" sizes=\"auto, (max-width: 1280px) 100vw, 1280px\" \/><\/a><figcaption class=\"blocks-gallery-item__caption\">6<\/figcaption><\/figure><\/li><li class=\"blocks-gallery-item\"><figure><a href=\"http:\/\/sp1.kielce.eu\/wp-content\/uploads\/2021\/02\/Flaga-Kinga-Wypych_1.jpg\"><img loading=\"lazy\" decoding=\"async\" width=\"1280\" height=\"739\" src=\"http:\/\/sp1.kielce.eu\/wp-content\/uploads\/2021\/02\/Flaga-Kinga-Wypych_1.jpg\" alt=\"\" data-id=\"15570\" data-full-url=\"http:\/\/sp1.kielce.eu\/wp-content\/uploads\/2021\/02\/Flaga-Kinga-Wypych_1.jpg\" data-link=\"http:\/\/sp1.kielce.eu\/?attachment_id=15570\" class=\"wp-image-15570\" srcset=\"https:\/\/sp1.kielce.eu\/wp-content\/uploads\/2021\/02\/Flaga-Kinga-Wypych_1.jpg 1280w, https:\/\/sp1.kielce.eu\/wp-content\/uploads\/2021\/02\/Flaga-Kinga-Wypych_1-300x173.jpg 300w, https:\/\/sp1.kielce.eu\/wp-content\/uploads\/2021\/02\/Flaga-Kinga-Wypych_1-768x443.jpg 768w, https:\/\/sp1.kielce.eu\/wp-content\/uploads\/2021\/02\/Flaga-Kinga-Wypych_1-820x473.jpg 820w\" sizes=\"auto, (max-width: 1280px) 100vw, 1280px\" \/><\/a><figcaption class=\"blocks-gallery-item__caption\">7<\/figcaption><\/figure><\/li><li class=\"blocks-gallery-item\"><figure><a href=\"http:\/\/sp1.kielce.eu\/wp-content\/uploads\/2021\/02\/Flaga-Magdalena-Matanina_1.jpg\"><img loading=\"lazy\" decoding=\"async\" width=\"1280\" height=\"838\" src=\"http:\/\/sp1.kielce.eu\/wp-content\/uploads\/2021\/02\/Flaga-Magdalena-Matanina_1.jpg\" alt=\"\" data-id=\"15571\" data-full-url=\"http:\/\/sp1.kielce.eu\/wp-content\/uploads\/2021\/02\/Flaga-Magdalena-Matanina_1.jpg\" data-link=\"http:\/\/sp1.kielce.eu\/?attachment_id=15571\" class=\"wp-image-15571\" srcset=\"https:\/\/sp1.kielce.eu\/wp-content\/uploads\/2021\/02\/Flaga-Magdalena-Matanina_1.jpg 1280w, https:\/\/sp1.kielce.eu\/wp-content\/uploads\/2021\/02\/Flaga-Magdalena-Matanina_1-300x196.jpg 300w, https:\/\/sp1.kielce.eu\/wp-content\/uploads\/2021\/02\/Flaga-Magdalena-Matanina_1-768x503.jpg 768w, https:\/\/sp1.kielce.eu\/wp-content\/uploads\/2021\/02\/Flaga-Magdalena-Matanina_1-820x537.jpg 820w\" sizes=\"auto, (max-width: 1280px) 100vw, 1280px\" \/><\/a><figcaption class=\"blocks-gallery-item__caption\">8<\/figcaption><\/figure><\/li><li class=\"blocks-gallery-item\"><figure><a href=\"http:\/\/sp1.kielce.eu\/wp-content\/uploads\/2021\/02\/Flaga-Malwina-Ilcewicz_1.jpg\"><img loading=\"lazy\" decoding=\"async\" width=\"1280\" height=\"848\" src=\"http:\/\/sp1.kielce.eu\/wp-content\/uploads\/2021\/02\/Flaga-Malwina-Ilcewicz_1.jpg\" alt=\"\" data-id=\"15572\" data-full-url=\"http:\/\/sp1.kielce.eu\/wp-content\/uploads\/2021\/02\/Flaga-Malwina-Ilcewicz_1.jpg\" data-link=\"http:\/\/sp1.kielce.eu\/?attachment_id=15572\" class=\"wp-image-15572\" srcset=\"https:\/\/sp1.kielce.eu\/wp-content\/uploads\/2021\/02\/Flaga-Malwina-Ilcewicz_1.jpg 1280w, https:\/\/sp1.kielce.eu\/wp-content\/uploads\/2021\/02\/Flaga-Malwina-Ilcewicz_1-300x199.jpg 300w, https:\/\/sp1.kielce.eu\/wp-content\/uploads\/2021\/02\/Flaga-Malwina-Ilcewicz_1-768x509.jpg 768w, https:\/\/sp1.kielce.eu\/wp-content\/uploads\/2021\/02\/Flaga-Malwina-Ilcewicz_1-820x543.jpg 820w\" sizes=\"auto, (max-width: 1280px) 100vw, 1280px\" \/><\/a><figcaption class=\"blocks-gallery-item__caption\">9<\/figcaption><\/figure><\/li><li class=\"blocks-gallery-item\"><figure><a href=\"http:\/\/sp1.kielce.eu\/wp-content\/uploads\/2021\/02\/Flaga-olimp.-Ania-Kowal_1.jpg\"><img loading=\"lazy\" decoding=\"async\" width=\"1280\" height=\"783\" src=\"http:\/\/sp1.kielce.eu\/wp-content\/uploads\/2021\/02\/Flaga-olimp.-Ania-Kowal_1.jpg\" alt=\"\" data-id=\"15573\" data-full-url=\"http:\/\/sp1.kielce.eu\/wp-content\/uploads\/2021\/02\/Flaga-olimp.-Ania-Kowal_1.jpg\" data-link=\"http:\/\/sp1.kielce.eu\/?attachment_id=15573\" class=\"wp-image-15573\" srcset=\"https:\/\/sp1.kielce.eu\/wp-content\/uploads\/2021\/02\/Flaga-olimp.-Ania-Kowal_1.jpg 1280w, https:\/\/sp1.kielce.eu\/wp-content\/uploads\/2021\/02\/Flaga-olimp.-Ania-Kowal_1-300x184.jpg 300w, https:\/\/sp1.kielce.eu\/wp-content\/uploads\/2021\/02\/Flaga-olimp.-Ania-Kowal_1-768x470.jpg 768w, https:\/\/sp1.kielce.eu\/wp-content\/uploads\/2021\/02\/Flaga-olimp.-Ania-Kowal_1-820x502.jpg 820w\" sizes=\"auto, (max-width: 1280px) 100vw, 1280px\" \/><\/a><figcaption class=\"blocks-gallery-item__caption\">10<\/figcaption><\/figure><\/li><li class=\"blocks-gallery-item\"><figure><a href=\"http:\/\/sp1.kielce.eu\/wp-content\/uploads\/2021\/02\/Flaga-Wiktoria-Szymkiewicz_1.jpg\"><img loading=\"lazy\" decoding=\"async\" width=\"1280\" height=\"856\" src=\"http:\/\/sp1.kielce.eu\/wp-content\/uploads\/2021\/02\/Flaga-Wiktoria-Szymkiewicz_1.jpg\" alt=\"\" data-id=\"15574\" data-full-url=\"http:\/\/sp1.kielce.eu\/wp-content\/uploads\/2021\/02\/Flaga-Wiktoria-Szymkiewicz_1.jpg\" data-link=\"http:\/\/sp1.kielce.eu\/?attachment_id=15574\" class=\"wp-image-15574\" srcset=\"https:\/\/sp1.kielce.eu\/wp-content\/uploads\/2021\/02\/Flaga-Wiktoria-Szymkiewicz_1.jpg 1280w, https:\/\/sp1.kielce.eu\/wp-content\/uploads\/2021\/02\/Flaga-Wiktoria-Szymkiewicz_1-300x201.jpg 300w, https:\/\/sp1.kielce.eu\/wp-content\/uploads\/2021\/02\/Flaga-Wiktoria-Szymkiewicz_1-768x514.jpg 768w, https:\/\/sp1.kielce.eu\/wp-content\/uploads\/2021\/02\/Flaga-Wiktoria-Szymkiewicz_1-600x400.jpg 600w, https:\/\/sp1.kielce.eu\/wp-content\/uploads\/2021\/02\/Flaga-Wiktoria-Szymkiewicz_1-820x548.jpg 820w\" sizes=\"auto, (max-width: 1280px) 100vw, 1280px\" \/><\/a><figcaption class=\"blocks-gallery-item__caption\">11<\/figcaption><\/figure><\/li><li class=\"blocks-gallery-item\"><figure><a href=\"http:\/\/sp1.kielce.eu\/wp-content\/uploads\/2021\/02\/Flaga-Ala-Zgo\u00a6dziaska_1.jpg\"><img loading=\"lazy\" decoding=\"async\" width=\"985\" height=\"900\" src=\"http:\/\/sp1.kielce.eu\/wp-content\/uploads\/2021\/02\/Flaga-Ala-Zgo\u00a6dziaska_1-985x900.jpg\" alt=\"\" data-id=\"15575\" data-full-url=\"http:\/\/sp1.kielce.eu\/wp-content\/uploads\/2021\/02\/Flaga-Ala-Zgo\u00a6dziaska_1.jpg\" data-link=\"http:\/\/sp1.kielce.eu\/?attachment_id=15575\" class=\"wp-image-15575\" srcset=\"https:\/\/sp1.kielce.eu\/wp-content\/uploads\/2021\/02\/Flaga-Ala-Zgo\u00a6dziaska_1-985x900.jpg 985w, https:\/\/sp1.kielce.eu\/wp-content\/uploads\/2021\/02\/Flaga-Ala-Zgo\u00a6dziaska_1-300x274.jpg 300w, https:\/\/sp1.kielce.eu\/wp-content\/uploads\/2021\/02\/Flaga-Ala-Zgo\u00a6dziaska_1-768x702.jpg 768w, https:\/\/sp1.kielce.eu\/wp-content\/uploads\/2021\/02\/Flaga-Ala-Zgo\u00a6dziaska_1-820x750.jpg 820w, https:\/\/sp1.kielce.eu\/wp-content\/uploads\/2021\/02\/Flaga-Ala-Zgo\u00a6dziaska_1.jpg 1280w\" sizes=\"auto, (max-width: 985px) 100vw, 985px\" \/><\/a><figcaption class=\"blocks-gallery-item__caption\">12<\/figcaption><\/figure><\/li><li class=\"blocks-gallery-item\"><figure><a href=\"http:\/\/sp1.kielce.eu\/wp-content\/uploads\/2021\/02\/P.-olimp.-Agata-Durlik_1.jpg\"><img loading=\"lazy\" decoding=\"async\" width=\"878\" height=\"900\" src=\"http:\/\/sp1.kielce.eu\/wp-content\/uploads\/2021\/02\/P.-olimp.-Agata-Durlik_1-878x900.jpg\" alt=\"\" data-id=\"15576\" data-full-url=\"http:\/\/sp1.kielce.eu\/wp-content\/uploads\/2021\/02\/P.-olimp.-Agata-Durlik_1.jpg\" data-link=\"http:\/\/sp1.kielce.eu\/?attachment_id=15576\" class=\"wp-image-15576\" srcset=\"https:\/\/sp1.kielce.eu\/wp-content\/uploads\/2021\/02\/P.-olimp.-Agata-Durlik_1-878x900.jpg 878w, https:\/\/sp1.kielce.eu\/wp-content\/uploads\/2021\/02\/P.-olimp.-Agata-Durlik_1-293x300.jpg 293w, https:\/\/sp1.kielce.eu\/wp-content\/uploads\/2021\/02\/P.-olimp.-Agata-Durlik_1-768x787.jpg 768w, https:\/\/sp1.kielce.eu\/wp-content\/uploads\/2021\/02\/P.-olimp.-Agata-Durlik_1-820x841.jpg 820w, https:\/\/sp1.kielce.eu\/wp-content\/uploads\/2021\/02\/P.-olimp.-Agata-Durlik_1.jpg 1280w\" sizes=\"auto, (max-width: 878px) 100vw, 878px\" \/><\/a><figcaption class=\"blocks-gallery-item__caption\">13<\/figcaption><\/figure><\/li><li class=\"blocks-gallery-item\"><figure><a href=\"http:\/\/sp1.kielce.eu\/wp-content\/uploads\/2021\/02\/Poch.-olimp.-Agata-Durlik_1.jpg\"><img loading=\"lazy\" decoding=\"async\" width=\"771\" height=\"900\" src=\"http:\/\/sp1.kielce.eu\/wp-content\/uploads\/2021\/02\/Poch.-olimp.-Agata-Durlik_1-771x900.jpg\" alt=\"\" data-id=\"15577\" data-full-url=\"http:\/\/sp1.kielce.eu\/wp-content\/uploads\/2021\/02\/Poch.-olimp.-Agata-Durlik_1.jpg\" data-link=\"http:\/\/sp1.kielce.eu\/?attachment_id=15577\" class=\"wp-image-15577\" srcset=\"https:\/\/sp1.kielce.eu\/wp-content\/uploads\/2021\/02\/Poch.-olimp.-Agata-Durlik_1-771x900.jpg 771w, https:\/\/sp1.kielce.eu\/wp-content\/uploads\/2021\/02\/Poch.-olimp.-Agata-Durlik_1-257x300.jpg 257w, https:\/\/sp1.kielce.eu\/wp-content\/uploads\/2021\/02\/Poch.-olimp.-Agata-Durlik_1-768x896.jpg 768w, https:\/\/sp1.kielce.eu\/wp-content\/uploads\/2021\/02\/Poch.-olimp.-Agata-Durlik_1-820x957.jpg 820w, https:\/\/sp1.kielce.eu\/wp-content\/uploads\/2021\/02\/Poch.-olimp.-Agata-Durlik_1.jpg 1280w\" sizes=\"auto, (max-width: 771px) 100vw, 771px\" \/><\/a><figcaption class=\"blocks-gallery-item__caption\">14<\/figcaption><\/figure><\/li><li class=\"blocks-gallery-item\"><figure><a href=\"http:\/\/sp1.kielce.eu\/wp-content\/uploads\/2021\/02\/Pochodnia-Agata-Durlik_1.jpg\"><img loading=\"lazy\" decoding=\"async\" width=\"916\" height=\"900\" src=\"http:\/\/sp1.kielce.eu\/wp-content\/uploads\/2021\/02\/Pochodnia-Agata-Durlik_1-916x900.jpg\" alt=\"\" data-id=\"15578\" data-full-url=\"http:\/\/sp1.kielce.eu\/wp-content\/uploads\/2021\/02\/Pochodnia-Agata-Durlik_1.jpg\" data-link=\"http:\/\/sp1.kielce.eu\/?attachment_id=15578\" class=\"wp-image-15578\" srcset=\"https:\/\/sp1.kielce.eu\/wp-content\/uploads\/2021\/02\/Pochodnia-Agata-Durlik_1-916x900.jpg 916w, https:\/\/sp1.kielce.eu\/wp-content\/uploads\/2021\/02\/Pochodnia-Agata-Durlik_1-300x295.jpg 300w, https:\/\/sp1.kielce.eu\/wp-content\/uploads\/2021\/02\/Pochodnia-Agata-Durlik_1-768x754.jpg 768w, https:\/\/sp1.kielce.eu\/wp-content\/uploads\/2021\/02\/Pochodnia-Agata-Durlik_1-820x805.jpg 820w, https:\/\/sp1.kielce.eu\/wp-content\/uploads\/2021\/02\/Pochodnia-Agata-Durlik_1.jpg 1280w\" sizes=\"auto, (max-width: 916px) 100vw, 916px\" \/><\/a><figcaption class=\"blocks-gallery-item__caption\">15<\/figcaption><\/figure><\/li><li class=\"blocks-gallery-item\"><figure><a href=\"http:\/\/sp1.kielce.eu\/wp-content\/uploads\/2021\/02\/Pochodnia-olimp.-Ala-Zago\u00a6dziaska_1.jpg\"><img loading=\"lazy\" decoding=\"async\" width=\"665\" height=\"900\" src=\"http:\/\/sp1.kielce.eu\/wp-content\/uploads\/2021\/02\/Pochodnia-olimp.-Ala-Zago\u00a6dziaska_1-665x900.jpg\" alt=\"\" data-id=\"15579\" data-full-url=\"http:\/\/sp1.kielce.eu\/wp-content\/uploads\/2021\/02\/Pochodnia-olimp.-Ala-Zago\u00a6dziaska_1.jpg\" data-link=\"http:\/\/sp1.kielce.eu\/?attachment_id=15579\" class=\"wp-image-15579\" srcset=\"https:\/\/sp1.kielce.eu\/wp-content\/uploads\/2021\/02\/Pochodnia-olimp.-Ala-Zago\u00a6dziaska_1-665x900.jpg 665w, https:\/\/sp1.kielce.eu\/wp-content\/uploads\/2021\/02\/Pochodnia-olimp.-Ala-Zago\u00a6dziaska_1-222x300.jpg 222w, https:\/\/sp1.kielce.eu\/wp-content\/uploads\/2021\/02\/Pochodnia-olimp.-Ala-Zago\u00a6dziaska_1-768x1039.jpg 768w, https:\/\/sp1.kielce.eu\/wp-content\/uploads\/2021\/02\/Pochodnia-olimp.-Ala-Zago\u00a6dziaska_1-1135x1536.jpg 1135w, https:\/\/sp1.kielce.eu\/wp-content\/uploads\/2021\/02\/Pochodnia-olimp.-Ala-Zago\u00a6dziaska_1-820x1110.jpg 820w, https:\/\/sp1.kielce.eu\/wp-content\/uploads\/2021\/02\/Pochodnia-olimp.-Ala-Zago\u00a6dziaska_1.jpg 1280w\" sizes=\"auto, (max-width: 665px) 100vw, 665px\" \/><\/a><figcaption class=\"blocks-gallery-item__caption\">16<\/figcaption><\/figure><\/li><li class=\"blocks-gallery-item\"><figure><a href=\"http:\/\/sp1.kielce.eu\/wp-content\/uploads\/2021\/02\/Pochodnia-olimp.-Kinga-Wypych_1.jpg\"><img loading=\"lazy\" decoding=\"async\" width=\"667\" height=\"900\" src=\"http:\/\/sp1.kielce.eu\/wp-content\/uploads\/2021\/02\/Pochodnia-olimp.-Kinga-Wypych_1-667x900.jpg\" alt=\"\" data-id=\"15580\" data-full-url=\"http:\/\/sp1.kielce.eu\/wp-content\/uploads\/2021\/02\/Pochodnia-olimp.-Kinga-Wypych_1.jpg\" data-link=\"http:\/\/sp1.kielce.eu\/?attachment_id=15580\" class=\"wp-image-15580\" srcset=\"https:\/\/sp1.kielce.eu\/wp-content\/uploads\/2021\/02\/Pochodnia-olimp.-Kinga-Wypych_1-667x900.jpg 667w, https:\/\/sp1.kielce.eu\/wp-content\/uploads\/2021\/02\/Pochodnia-olimp.-Kinga-Wypych_1-222x300.jpg 222w, https:\/\/sp1.kielce.eu\/wp-content\/uploads\/2021\/02\/Pochodnia-olimp.-Kinga-Wypych_1-768x1036.jpg 768w, https:\/\/sp1.kielce.eu\/wp-content\/uploads\/2021\/02\/Pochodnia-olimp.-Kinga-Wypych_1-1139x1536.jpg 1139w, https:\/\/sp1.kielce.eu\/wp-content\/uploads\/2021\/02\/Pochodnia-olimp.-Kinga-Wypych_1-820x1106.jpg 820w, https:\/\/sp1.kielce.eu\/wp-content\/uploads\/2021\/02\/Pochodnia-olimp.-Kinga-Wypych_1.jpg 1280w\" sizes=\"auto, (max-width: 667px) 100vw, 667px\" \/><\/a><figcaption class=\"blocks-gallery-item__caption\">17<\/figcaption><\/figure><\/li><\/ul><\/figure>\n","protected":false},"excerpt":{"rendered":"<p>W styczniu i lutym 2021 r. uczennice klas czwartych , pi\u0105tych oraz \u00f3smej \u201eb\u201d uczestniczy\u0142y&nbsp;w [&hellip;]<\/p>\n","protected":false},"author":5,"featured_media":15567,"comment_status":"closed","ping_status":"open","sticky":false,"template":"","format":"standard","meta":{"footnotes":""},"categories":[36,11],"tags":[],"class_list":["post-15563","post","type-post","status-publish","format-standard","has-post-thumbnail","hentry","category-wydarzenia","category-zawody-sportowe"],"_links":{"self":[{"href":"https:\/\/sp1.kielce.eu\/index.php\/wp-json\/wp\/v2\/posts\/15563","targetHints":{"allow":["GET"]}}],"collection":[{"href":"https:\/\/sp1.kielce.eu\/index.php\/wp-json\/wp\/v2\/posts"}],"about":[{"href":"https:\/\/sp1.kielce.eu\/index.php\/wp-json\/wp\/v2\/types\/post"}],"author":[{"embeddable":true,"href":"https:\/\/sp1.kielce.eu\/index.php\/wp-json\/wp\/v2\/users\/5"}],"replies":[{"embeddable":true,"href":"https:\/\/sp1.kielce.eu\/index.php\/wp-json\/wp\/v2\/comments?post=15563"}],"version-history":[{"count":1,"href":"https:\/\/sp1.kielce.eu\/index.php\/wp-json\/wp\/v2\/posts\/15563\/revisions"}],"predecessor-version":[{"id":15581,"href":"https:\/\/sp1.kielce.eu\/index.php\/wp-json\/wp\/v2\/posts\/15563\/revisions\/15581"}],"wp:featuredmedia":[{"embeddable":true,"href":"https:\/\/sp1.kielce.eu\/index.php\/wp-json\/wp\/v2\/media\/15567"}],"wp:attachment":[{"href":"https:\/\/sp1.kielce.eu\/index.php\/wp-json\/wp\/v2\/media?parent=15563"}],"wp:term":[{"taxonomy":"category","embeddable":true,"href":"https:\/\/sp1.kielce.eu\/index.php\/wp-json\/wp\/v2\/categories?post=15563"},{"taxonomy":"post_tag","embeddable":true,"href":"https:\/\/sp1.kielce.eu\/index.php\/wp-json\/wp\/v2\/tags?post=15563"}],"curies":[{"name":"wp","href":"https:\/\/api.w.org\/{rel}","templated":true}]}}