{"id":15557,"date":"2021-02-25T07:55:07","date_gmt":"2021-02-25T06:55:07","guid":{"rendered":"http:\/\/sp1.kielce.eu\/?p=15557"},"modified":"2021-02-25T07:55:07","modified_gmt":"2021-02-25T06:55:07","slug":"lekcja-z-ratownikiem","status":"publish","type":"post","link":"https:\/\/sp1.kielce.eu\/index.php\/2021\/02\/25\/lekcja-z-ratownikiem\/","title":{"rendered":"Lekcja z ratownikiem"},"content":{"rendered":"\n<p>W dniach 15 &#8211; 16 lutego klasy VIII w ramach lekcji Edukacji dla bezpiecze\u0144stwa wzi\u0119\u0142y udzia\u0142 w nietypowych zaj\u0119ciach. Go\u015bcili\u015bmy na nich Pana Karola Madeja, ratownika medycznego.<\/p>\n\n\n\n<p><br>Zaj\u0119cia w formie warsztat\u00f3w na platformie Teams by\u0142y po\u015bwi\u0119cone: organizacji ratownictwa medycznego w naszym mie\u015bcie, aspektom prawnym zwi\u0105zanym z udzielaniem pierwszej pomocy oraz codzienno\u015bci w nie\u0142atwej pracy ratownika. Dowiedzieli\u015bmy si\u0119 dzi\u0119ki niemu wielu ciekawych rzeczy.<br>Nie zabrak\u0142o r\u00f3wnie\u017c pyta\u0144 ze strony uczni\u00f3w oraz praktycznych porad ze strony profesjonalisty,<br>dotycz\u0105cych samej techniki udzielania pierwszej pomocy i zachowania si\u0119 w sytuacjach kryzysowych.<\/p>\n\n\n\n<p>Bardzo dzi\u0119kujemy Panu Karolowi za obecno\u015b\u0107 i liczymy, \u017ce uda si\u0119 nam spotka\u0107 na zaj\u0119ciach praktycznych, ju\u017c na terenie szko\u0142y.<\/p>\n\n\n\n<p class=\"has-text-align-right\">Patryk Kozie\u0142<br>n-l Edukacji dla bezpiecze\u0144stwa<\/p>\n\n\n\n<figure class=\"wp-block-gallery columns-2 is-cropped wp-block-gallery-1 is-layout-flex wp-block-gallery-is-layout-flex\"><ul class=\"blocks-gallery-grid\"><li class=\"blocks-gallery-item\"><figure><a href=\"http:\/\/sp1.kielce.eu\/wp-content\/uploads\/2021\/02\/ratownik-8-A.png\"><img loading=\"lazy\" decoding=\"async\" width=\"1400\" height=\"761\" src=\"http:\/\/sp1.kielce.eu\/wp-content\/uploads\/2021\/02\/ratownik-8-A-1400x761.png\" alt=\"\" data-id=\"15558\" data-full-url=\"http:\/\/sp1.kielce.eu\/wp-content\/uploads\/2021\/02\/ratownik-8-A.png\" data-link=\"http:\/\/sp1.kielce.eu\/?attachment_id=15558\" class=\"wp-image-15558\" srcset=\"https:\/\/sp1.kielce.eu\/wp-content\/uploads\/2021\/02\/ratownik-8-A-1400x761.png 1400w, https:\/\/sp1.kielce.eu\/wp-content\/uploads\/2021\/02\/ratownik-8-A-300x163.png 300w, https:\/\/sp1.kielce.eu\/wp-content\/uploads\/2021\/02\/ratownik-8-A-768x418.png 768w, https:\/\/sp1.kielce.eu\/wp-content\/uploads\/2021\/02\/ratownik-8-A-1536x835.png 1536w, https:\/\/sp1.kielce.eu\/wp-content\/uploads\/2021\/02\/ratownik-8-A-820x446.png 820w, https:\/\/sp1.kielce.eu\/wp-content\/uploads\/2021\/02\/ratownik-8-A.png 1916w\" sizes=\"auto, (max-width: 1400px) 100vw, 1400px\" \/><\/a><figcaption class=\"blocks-gallery-item__caption\">1<\/figcaption><\/figure><\/li><li class=\"blocks-gallery-item\"><figure><a href=\"http:\/\/sp1.kielce.eu\/wp-content\/uploads\/2021\/02\/Ratownik-8-B.png\"><img loading=\"lazy\" decoding=\"async\" width=\"1400\" height=\"759\" src=\"http:\/\/sp1.kielce.eu\/wp-content\/uploads\/2021\/02\/Ratownik-8-B-1400x759.png\" alt=\"\" data-id=\"15559\" data-full-url=\"http:\/\/sp1.kielce.eu\/wp-content\/uploads\/2021\/02\/Ratownik-8-B.png\" data-link=\"http:\/\/sp1.kielce.eu\/?attachment_id=15559\" class=\"wp-image-15559\" srcset=\"https:\/\/sp1.kielce.eu\/wp-content\/uploads\/2021\/02\/Ratownik-8-B-1400x759.png 1400w, https:\/\/sp1.kielce.eu\/wp-content\/uploads\/2021\/02\/Ratownik-8-B-300x163.png 300w, https:\/\/sp1.kielce.eu\/wp-content\/uploads\/2021\/02\/Ratownik-8-B-768x416.png 768w, https:\/\/sp1.kielce.eu\/wp-content\/uploads\/2021\/02\/Ratownik-8-B-1536x833.png 1536w, https:\/\/sp1.kielce.eu\/wp-content\/uploads\/2021\/02\/Ratownik-8-B-820x445.png 820w, https:\/\/sp1.kielce.eu\/wp-content\/uploads\/2021\/02\/Ratownik-8-B.png 1920w\" sizes=\"auto, (max-width: 1400px) 100vw, 1400px\" \/><\/a><figcaption class=\"blocks-gallery-item__caption\">2<\/figcaption><\/figure><\/li><\/ul><\/figure>\n","protected":false},"excerpt":{"rendered":"<p>W dniach 15 &#8211; 16 lutego klasy VIII w ramach lekcji Edukacji dla bezpiecze\u0144stwa wzi\u0119\u0142y [&hellip;]<\/p>\n","protected":false},"author":5,"featured_media":15558,"comment_status":"closed","ping_status":"open","sticky":false,"template":"","format":"standard","meta":{"footnotes":""},"categories":[36],"tags":[],"class_list":["post-15557","post","type-post","status-publish","format-standard","has-post-thumbnail","hentry","category-wydarzenia"],"_links":{"self":[{"href":"https:\/\/sp1.kielce.eu\/index.php\/wp-json\/wp\/v2\/posts\/15557","targetHints":{"allow":["GET"]}}],"collection":[{"href":"https:\/\/sp1.kielce.eu\/index.php\/wp-json\/wp\/v2\/posts"}],"about":[{"href":"https:\/\/sp1.kielce.eu\/index.php\/wp-json\/wp\/v2\/types\/post"}],"author":[{"embeddable":true,"href":"https:\/\/sp1.kielce.eu\/index.php\/wp-json\/wp\/v2\/users\/5"}],"replies":[{"embeddable":true,"href":"https:\/\/sp1.kielce.eu\/index.php\/wp-json\/wp\/v2\/comments?post=15557"}],"version-history":[{"count":1,"href":"https:\/\/sp1.kielce.eu\/index.php\/wp-json\/wp\/v2\/posts\/15557\/revisions"}],"predecessor-version":[{"id":15560,"href":"https:\/\/sp1.kielce.eu\/index.php\/wp-json\/wp\/v2\/posts\/15557\/revisions\/15560"}],"wp:featuredmedia":[{"embeddable":true,"href":"https:\/\/sp1.kielce.eu\/index.php\/wp-json\/wp\/v2\/media\/15558"}],"wp:attachment":[{"href":"https:\/\/sp1.kielce.eu\/index.php\/wp-json\/wp\/v2\/media?parent=15557"}],"wp:term":[{"taxonomy":"category","embeddable":true,"href":"https:\/\/sp1.kielce.eu\/index.php\/wp-json\/wp\/v2\/categories?post=15557"},{"taxonomy":"post_tag","embeddable":true,"href":"https:\/\/sp1.kielce.eu\/index.php\/wp-json\/wp\/v2\/tags?post=15557"}],"curies":[{"name":"wp","href":"https:\/\/api.w.org\/{rel}","templated":true}]}}