{"id":15357,"date":"2021-02-16T08:56:33","date_gmt":"2021-02-16T07:56:33","guid":{"rendered":"http:\/\/sp1.kielce.eu\/?p=15357"},"modified":"2021-02-16T08:56:33","modified_gmt":"2021-02-16T07:56:33","slug":"spotkanie-z-przedstawicielem-zespolu-swietokrzyskich-i-nadnidzianskich-parkow-krajobrazowych-w-kielcach","status":"publish","type":"post","link":"https:\/\/sp1.kielce.eu\/index.php\/2021\/02\/16\/spotkanie-z-przedstawicielem-zespolu-swietokrzyskich-i-nadnidzianskich-parkow-krajobrazowych-w-kielcach\/","title":{"rendered":"Spotkanie z przedstawicielem Zespo\u0142u \u015awi\u0119tokrzyskich i  Nadnidzia\u0144skich Park\u00f3w Krajobrazowych w Kielcach"},"content":{"rendered":"\n<p>Dnia 11 lutego uczniowie klas 5a i 5b odbyli spotkanie z pani\u0105 Wiktori\u0105 Porzucek przedstawicielem Zespo\u0142u \u015awi\u0119tokrzyskich i Nadnidzia\u0144skich Park\u00f3w Krajobrazowych w Kielcach na temat: \u201dFlora i fauna mokrade\u0142\u201d. Temat prelekcji zwi\u0105zany by\u0142 z niedawno obchodzonym \u015awiatowym Dniem Mokrade\u0142, kt\u00f3ry przypada na dzie\u0144 2 lutego. Na pocz\u0105tku spotkania pani Wiktoria przybli\u017cy\u0142a uczniom poj\u0119cie: \u201emokrad\u0142a\u201d i wyja\u015bni\u0142a jego ogromn\u0105 rol\u0119 w ekosystemie. Nast\u0119pnie uczniowie poznawali przedstawicieli ro\u015blin i zwierz\u0105t \u017cyj\u0105cych na terenach wodno \u2013 b\u0142otnych. Zaj\u0119cia obfitowa\u0142y w wiele r\u00f3\u017cnych ciekawostek, kt\u00f3re fascynowa\u0142y, a czasem wzbudza\u0142y ogromne zdziwienie. Na zako\u0144czenie prelekcji uczniowie rozwi\u0105zywali krzy\u017c\u00f3wk\u0119 w celu powt\u00f3rzenia i utrwalenia zdobytych wiadomo\u015bci o mokrad\u0142ach.<\/p>\n\n\n\n<p><strong>\u00a0\u00a0\u00a0\u00a0\u00a0\u00a0\u00a0\u00a0\u00a0\u00a0\u00a0\u00a0\u00a0\u00a0\u00a0\u00a0\u00a0\u00a0\u00a0\u00a0\u00a0\u00a0\u00a0\u00a0\u00a0\u00a0\u00a0\u00a0\u00a0\u00a0\u00a0\u00a0\u00a0\u00a0\u00a0\u00a0\u00a0\u00a0\u00a0\u00a0\u00a0\u00a0\u00a0 Krystyna Banasik \u2013 nauczyciel biologii, przyrody<\/strong><\/p>\n\n\n\n<p><strong>\u00a0\u00a0\u00a0\u00a0\u00a0\u00a0\u00a0\u00a0\u00a0\u00a0\u00a0\u00a0\u00a0\u00a0\u00a0\u00a0\u00a0\u00a0\u00a0\u00a0\u00a0\u00a0\u00a0\u00a0\u00a0\u00a0\u00a0\u00a0\u00a0\u00a0\u00a0\u00a0\u00a0\u00a0\u00a0\u00a0\u00a0\u00a0\u00a0\u00a0\u00a0\u00a0\u00a0\u00a0\u00a0\u00a0\u00a0\u00a0\u00a0\u00a0\u00a0\u00a0\u00a0\u00a0\u00a0\u00a0\u00a0\u00a0\u00a0\u00a0\u00a0\u00a0\u00a0 Anna Mazur \u2013 nauczyciel matematyki<\/strong><\/p>\n\n\n\n<figure class=\"wp-block-gallery columns-3 is-cropped wp-block-gallery-1 is-layout-flex wp-block-gallery-is-layout-flex\"><ul class=\"blocks-gallery-grid\"><li class=\"blocks-gallery-item\"><figure><a href=\"http:\/\/sp1.kielce.eu\/wp-content\/uploads\/2021\/02\/01-Spotkanie-Parki-1-Large.png\"><img loading=\"lazy\" decoding=\"async\" width=\"1400\" height=\"781\" src=\"http:\/\/sp1.kielce.eu\/wp-content\/uploads\/2021\/02\/01-Spotkanie-Parki-1-Large-1400x781.png\" alt=\"\" data-id=\"15358\" data-full-url=\"http:\/\/sp1.kielce.eu\/wp-content\/uploads\/2021\/02\/01-Spotkanie-Parki-1-Large.png\" data-link=\"http:\/\/sp1.kielce.eu\/?attachment_id=15358\" class=\"wp-image-15358\" srcset=\"https:\/\/sp1.kielce.eu\/wp-content\/uploads\/2021\/02\/01-Spotkanie-Parki-1-Large-1400x781.png 1400w, https:\/\/sp1.kielce.eu\/wp-content\/uploads\/2021\/02\/01-Spotkanie-Parki-1-Large-300x167.png 300w, https:\/\/sp1.kielce.eu\/wp-content\/uploads\/2021\/02\/01-Spotkanie-Parki-1-Large-768x428.png 768w, https:\/\/sp1.kielce.eu\/wp-content\/uploads\/2021\/02\/01-Spotkanie-Parki-1-Large-1536x857.png 1536w, https:\/\/sp1.kielce.eu\/wp-content\/uploads\/2021\/02\/01-Spotkanie-Parki-1-Large-820x457.png 820w, https:\/\/sp1.kielce.eu\/wp-content\/uploads\/2021\/02\/01-Spotkanie-Parki-1-Large.png 1920w\" sizes=\"auto, (max-width: 1400px) 100vw, 1400px\" \/><\/a><figcaption class=\"blocks-gallery-item__caption\">1<\/figcaption><\/figure><\/li><li class=\"blocks-gallery-item\"><figure><a href=\"http:\/\/sp1.kielce.eu\/wp-content\/uploads\/2021\/02\/Parki-na-strone-1-Large.png\"><img loading=\"lazy\" decoding=\"async\" width=\"1400\" height=\"789\" src=\"http:\/\/sp1.kielce.eu\/wp-content\/uploads\/2021\/02\/Parki-na-strone-1-Large-1400x789.png\" alt=\"\" data-id=\"15359\" data-full-url=\"http:\/\/sp1.kielce.eu\/wp-content\/uploads\/2021\/02\/Parki-na-strone-1-Large.png\" data-link=\"http:\/\/sp1.kielce.eu\/?attachment_id=15359\" class=\"wp-image-15359\" srcset=\"https:\/\/sp1.kielce.eu\/wp-content\/uploads\/2021\/02\/Parki-na-strone-1-Large-1400x789.png 1400w, https:\/\/sp1.kielce.eu\/wp-content\/uploads\/2021\/02\/Parki-na-strone-1-Large-300x169.png 300w, https:\/\/sp1.kielce.eu\/wp-content\/uploads\/2021\/02\/Parki-na-strone-1-Large-768x433.png 768w, https:\/\/sp1.kielce.eu\/wp-content\/uploads\/2021\/02\/Parki-na-strone-1-Large-1536x866.png 1536w, https:\/\/sp1.kielce.eu\/wp-content\/uploads\/2021\/02\/Parki-na-strone-1-Large-820x462.png 820w, https:\/\/sp1.kielce.eu\/wp-content\/uploads\/2021\/02\/Parki-na-strone-1-Large.png 1916w\" sizes=\"auto, (max-width: 1400px) 100vw, 1400px\" \/><\/a><figcaption class=\"blocks-gallery-item__caption\">2<\/figcaption><\/figure><\/li><li class=\"blocks-gallery-item\"><figure><a href=\"http:\/\/sp1.kielce.eu\/wp-content\/uploads\/2021\/02\/Parki-na-strone-3-Large.png\"><img loading=\"lazy\" decoding=\"async\" width=\"1400\" height=\"800\" src=\"http:\/\/sp1.kielce.eu\/wp-content\/uploads\/2021\/02\/Parki-na-strone-3-Large-1400x800.png\" alt=\"\" data-id=\"15360\" data-full-url=\"http:\/\/sp1.kielce.eu\/wp-content\/uploads\/2021\/02\/Parki-na-strone-3-Large.png\" data-link=\"http:\/\/sp1.kielce.eu\/?attachment_id=15360\" class=\"wp-image-15360\" srcset=\"https:\/\/sp1.kielce.eu\/wp-content\/uploads\/2021\/02\/Parki-na-strone-3-Large-1400x800.png 1400w, https:\/\/sp1.kielce.eu\/wp-content\/uploads\/2021\/02\/Parki-na-strone-3-Large-300x171.png 300w, https:\/\/sp1.kielce.eu\/wp-content\/uploads\/2021\/02\/Parki-na-strone-3-Large-768x439.png 768w, https:\/\/sp1.kielce.eu\/wp-content\/uploads\/2021\/02\/Parki-na-strone-3-Large-1536x878.png 1536w, https:\/\/sp1.kielce.eu\/wp-content\/uploads\/2021\/02\/Parki-na-strone-3-Large-820x469.png 820w, https:\/\/sp1.kielce.eu\/wp-content\/uploads\/2021\/02\/Parki-na-strone-3-Large.png 1890w\" sizes=\"auto, (max-width: 1400px) 100vw, 1400px\" \/><\/a><figcaption class=\"blocks-gallery-item__caption\">3<\/figcaption><\/figure><\/li><li class=\"blocks-gallery-item\"><figure><a href=\"http:\/\/sp1.kielce.eu\/wp-content\/uploads\/2021\/02\/Parki-na-strone-4-Large.png\"><img loading=\"lazy\" decoding=\"async\" width=\"1400\" height=\"848\" src=\"http:\/\/sp1.kielce.eu\/wp-content\/uploads\/2021\/02\/Parki-na-strone-4-Large-1400x848.png\" alt=\"\" data-id=\"15361\" data-full-url=\"http:\/\/sp1.kielce.eu\/wp-content\/uploads\/2021\/02\/Parki-na-strone-4-Large.png\" data-link=\"http:\/\/sp1.kielce.eu\/?attachment_id=15361\" class=\"wp-image-15361\" srcset=\"https:\/\/sp1.kielce.eu\/wp-content\/uploads\/2021\/02\/Parki-na-strone-4-Large-1400x848.png 1400w, https:\/\/sp1.kielce.eu\/wp-content\/uploads\/2021\/02\/Parki-na-strone-4-Large-300x182.png 300w, https:\/\/sp1.kielce.eu\/wp-content\/uploads\/2021\/02\/Parki-na-strone-4-Large-768x465.png 768w, https:\/\/sp1.kielce.eu\/wp-content\/uploads\/2021\/02\/Parki-na-strone-4-Large-1536x930.png 1536w, https:\/\/sp1.kielce.eu\/wp-content\/uploads\/2021\/02\/Parki-na-strone-4-Large-820x497.png 820w, https:\/\/sp1.kielce.eu\/wp-content\/uploads\/2021\/02\/Parki-na-strone-4-Large.png 1783w\" sizes=\"auto, (max-width: 1400px) 100vw, 1400px\" \/><\/a><figcaption class=\"blocks-gallery-item__caption\">4<\/figcaption><\/figure><\/li><li class=\"blocks-gallery-item\"><figure><a href=\"http:\/\/sp1.kielce.eu\/wp-content\/uploads\/2021\/02\/Parki-na-strone-5-Large.png\"><img loading=\"lazy\" decoding=\"async\" width=\"1400\" height=\"880\" src=\"http:\/\/sp1.kielce.eu\/wp-content\/uploads\/2021\/02\/Parki-na-strone-5-Large-1400x880.png\" alt=\"\" data-id=\"15362\" data-full-url=\"http:\/\/sp1.kielce.eu\/wp-content\/uploads\/2021\/02\/Parki-na-strone-5-Large.png\" data-link=\"http:\/\/sp1.kielce.eu\/?attachment_id=15362\" class=\"wp-image-15362\" srcset=\"https:\/\/sp1.kielce.eu\/wp-content\/uploads\/2021\/02\/Parki-na-strone-5-Large-1400x880.png 1400w, https:\/\/sp1.kielce.eu\/wp-content\/uploads\/2021\/02\/Parki-na-strone-5-Large-300x188.png 300w, https:\/\/sp1.kielce.eu\/wp-content\/uploads\/2021\/02\/Parki-na-strone-5-Large-768x483.png 768w, https:\/\/sp1.kielce.eu\/wp-content\/uploads\/2021\/02\/Parki-na-strone-5-Large-1536x965.png 1536w, https:\/\/sp1.kielce.eu\/wp-content\/uploads\/2021\/02\/Parki-na-strone-5-Large-820x515.png 820w, https:\/\/sp1.kielce.eu\/wp-content\/uploads\/2021\/02\/Parki-na-strone-5-Large.png 1719w\" sizes=\"auto, (max-width: 1400px) 100vw, 1400px\" \/><\/a><figcaption class=\"blocks-gallery-item__caption\">5<\/figcaption><\/figure><\/li><li class=\"blocks-gallery-item\"><figure><a href=\"http:\/\/sp1.kielce.eu\/wp-content\/uploads\/2021\/02\/Parki-na-strone2-Large.png\"><img loading=\"lazy\" decoding=\"async\" width=\"1400\" height=\"855\" src=\"http:\/\/sp1.kielce.eu\/wp-content\/uploads\/2021\/02\/Parki-na-strone2-Large-1400x855.png\" alt=\"\" data-id=\"15363\" data-full-url=\"http:\/\/sp1.kielce.eu\/wp-content\/uploads\/2021\/02\/Parki-na-strone2-Large.png\" data-link=\"http:\/\/sp1.kielce.eu\/?attachment_id=15363\" class=\"wp-image-15363\" srcset=\"https:\/\/sp1.kielce.eu\/wp-content\/uploads\/2021\/02\/Parki-na-strone2-Large-1400x855.png 1400w, https:\/\/sp1.kielce.eu\/wp-content\/uploads\/2021\/02\/Parki-na-strone2-Large-300x183.png 300w, https:\/\/sp1.kielce.eu\/wp-content\/uploads\/2021\/02\/Parki-na-strone2-Large-768x469.png 768w, https:\/\/sp1.kielce.eu\/wp-content\/uploads\/2021\/02\/Parki-na-strone2-Large-1536x938.png 1536w, https:\/\/sp1.kielce.eu\/wp-content\/uploads\/2021\/02\/Parki-na-strone2-Large-820x501.png 820w, https:\/\/sp1.kielce.eu\/wp-content\/uploads\/2021\/02\/Parki-na-strone2-Large.png 1769w\" sizes=\"auto, (max-width: 1400px) 100vw, 1400px\" \/><\/a><figcaption class=\"blocks-gallery-item__caption\">6<\/figcaption><\/figure><\/li><\/ul><\/figure>\n","protected":false},"excerpt":{"rendered":"<p>Dnia 11 lutego uczniowie klas 5a i 5b odbyli spotkanie z pani\u0105 Wiktori\u0105 Porzucek przedstawicielem [&hellip;]<\/p>\n","protected":false},"author":5,"featured_media":15358,"comment_status":"closed","ping_status":"open","sticky":false,"template":"","format":"standard","meta":{"footnotes":""},"categories":[36,17],"tags":[],"class_list":["post-15357","post","type-post","status-publish","format-standard","has-post-thumbnail","hentry","category-wydarzenia","category-lop"],"_links":{"self":[{"href":"https:\/\/sp1.kielce.eu\/index.php\/wp-json\/wp\/v2\/posts\/15357","targetHints":{"allow":["GET"]}}],"collection":[{"href":"https:\/\/sp1.kielce.eu\/index.php\/wp-json\/wp\/v2\/posts"}],"about":[{"href":"https:\/\/sp1.kielce.eu\/index.php\/wp-json\/wp\/v2\/types\/post"}],"author":[{"embeddable":true,"href":"https:\/\/sp1.kielce.eu\/index.php\/wp-json\/wp\/v2\/users\/5"}],"replies":[{"embeddable":true,"href":"https:\/\/sp1.kielce.eu\/index.php\/wp-json\/wp\/v2\/comments?post=15357"}],"version-history":[{"count":1,"href":"https:\/\/sp1.kielce.eu\/index.php\/wp-json\/wp\/v2\/posts\/15357\/revisions"}],"predecessor-version":[{"id":15364,"href":"https:\/\/sp1.kielce.eu\/index.php\/wp-json\/wp\/v2\/posts\/15357\/revisions\/15364"}],"wp:featuredmedia":[{"embeddable":true,"href":"https:\/\/sp1.kielce.eu\/index.php\/wp-json\/wp\/v2\/media\/15358"}],"wp:attachment":[{"href":"https:\/\/sp1.kielce.eu\/index.php\/wp-json\/wp\/v2\/media?parent=15357"}],"wp:term":[{"taxonomy":"category","embeddable":true,"href":"https:\/\/sp1.kielce.eu\/index.php\/wp-json\/wp\/v2\/categories?post=15357"},{"taxonomy":"post_tag","embeddable":true,"href":"https:\/\/sp1.kielce.eu\/index.php\/wp-json\/wp\/v2\/tags?post=15357"}],"curies":[{"name":"wp","href":"https:\/\/api.w.org\/{rel}","templated":true}]}}