{"id":15307,"date":"2021-02-15T13:11:40","date_gmt":"2021-02-15T12:11:40","guid":{"rendered":"http:\/\/sp1.kielce.eu\/?p=15307"},"modified":"2021-02-15T13:11:40","modified_gmt":"2021-02-15T12:11:40","slug":"uwaznie-i-z-szacunkiem-w-bezpiecznym-internecie","status":"publish","type":"post","link":"https:\/\/sp1.kielce.eu\/index.php\/2021\/02\/15\/uwaznie-i-z-szacunkiem-w-bezpiecznym-internecie\/","title":{"rendered":"\u201eUWA\u017bNIE I Z SZACUNKIEM W BEZPIECZNYM INTERNECIE\u201d"},"content":{"rendered":"\n<p>Z okazji&nbsp;Dnia Bezpiecznego Internetu 2021, kt\u00f3ry obchodzili\u015bmy 9 lutego &nbsp;uczniowie &nbsp;naszej szko\u0142y na lekcjach informatyki i techniki wykonywali plakaty promuj\u0105ce pozytywne zastosowanie Internetu.<\/p>\n\n\n\n<p class=\"has-text-align-right\">Aneta Trzci\u0144ska<\/p>\n\n\n\n<figure class=\"wp-block-gallery columns-3 is-cropped wp-block-gallery-1 is-layout-flex wp-block-gallery-is-layout-flex\"><ul class=\"blocks-gallery-grid\"><li class=\"blocks-gallery-item\"><figure><a href=\"http:\/\/sp1.kielce.eu\/wp-content\/uploads\/2021\/02\/img_20210210_073736-3-Large-1.jpg\"><img loading=\"lazy\" decoding=\"async\" width=\"1200\" height=\"900\" src=\"http:\/\/sp1.kielce.eu\/wp-content\/uploads\/2021\/02\/img_20210210_073736-3-Large-1-1200x900.jpg\" alt=\"\" data-id=\"15316\" data-full-url=\"http:\/\/sp1.kielce.eu\/wp-content\/uploads\/2021\/02\/img_20210210_073736-3-Large-1.jpg\" data-link=\"http:\/\/sp1.kielce.eu\/?attachment_id=15316\" class=\"wp-image-15316\" srcset=\"https:\/\/sp1.kielce.eu\/wp-content\/uploads\/2021\/02\/img_20210210_073736-3-Large-1-1200x900.jpg 1200w, https:\/\/sp1.kielce.eu\/wp-content\/uploads\/2021\/02\/img_20210210_073736-3-Large-1-300x225.jpg 300w, https:\/\/sp1.kielce.eu\/wp-content\/uploads\/2021\/02\/img_20210210_073736-3-Large-1-768x576.jpg 768w, https:\/\/sp1.kielce.eu\/wp-content\/uploads\/2021\/02\/img_20210210_073736-3-Large-1-820x615.jpg 820w, https:\/\/sp1.kielce.eu\/wp-content\/uploads\/2021\/02\/img_20210210_073736-3-Large-1.jpg 1440w\" sizes=\"auto, (max-width: 1200px) 100vw, 1200px\" \/><\/a><figcaption class=\"blocks-gallery-item__caption\">1<\/figcaption><\/figure><\/li><li class=\"blocks-gallery-item\"><figure><a href=\"http:\/\/sp1.kielce.eu\/wp-content\/uploads\/2021\/02\/Wojciech-klimczak-kl-5-b-Large.png\"><img loading=\"lazy\" decoding=\"async\" width=\"1400\" height=\"634\" src=\"http:\/\/sp1.kielce.eu\/wp-content\/uploads\/2021\/02\/Wojciech-klimczak-kl-5-b-Large-1400x634.png\" alt=\"\" data-id=\"15315\" data-full-url=\"http:\/\/sp1.kielce.eu\/wp-content\/uploads\/2021\/02\/Wojciech-klimczak-kl-5-b-Large.png\" data-link=\"http:\/\/sp1.kielce.eu\/?attachment_id=15315\" class=\"wp-image-15315\" srcset=\"https:\/\/sp1.kielce.eu\/wp-content\/uploads\/2021\/02\/Wojciech-klimczak-kl-5-b-Large-1400x634.png 1400w, https:\/\/sp1.kielce.eu\/wp-content\/uploads\/2021\/02\/Wojciech-klimczak-kl-5-b-Large-300x136.png 300w, https:\/\/sp1.kielce.eu\/wp-content\/uploads\/2021\/02\/Wojciech-klimczak-kl-5-b-Large-768x348.png 768w, https:\/\/sp1.kielce.eu\/wp-content\/uploads\/2021\/02\/Wojciech-klimczak-kl-5-b-Large-1536x696.png 1536w, https:\/\/sp1.kielce.eu\/wp-content\/uploads\/2021\/02\/Wojciech-klimczak-kl-5-b-Large-820x372.png 820w, https:\/\/sp1.kielce.eu\/wp-content\/uploads\/2021\/02\/Wojciech-klimczak-kl-5-b-Large.png 1920w\" sizes=\"auto, (max-width: 1400px) 100vw, 1400px\" \/><\/a><figcaption class=\"blocks-gallery-item__caption\">2<\/figcaption><\/figure><\/li><li class=\"blocks-gallery-item\"><figure><a href=\"http:\/\/sp1.kielce.eu\/wp-content\/uploads\/2021\/02\/Natasza-Malinowska-Large.png\"><img loading=\"lazy\" decoding=\"async\" width=\"1400\" height=\"684\" src=\"http:\/\/sp1.kielce.eu\/wp-content\/uploads\/2021\/02\/Natasza-Malinowska-Large-1400x684.png\" alt=\"\" data-id=\"15314\" data-full-url=\"http:\/\/sp1.kielce.eu\/wp-content\/uploads\/2021\/02\/Natasza-Malinowska-Large.png\" data-link=\"http:\/\/sp1.kielce.eu\/?attachment_id=15314\" class=\"wp-image-15314\" srcset=\"https:\/\/sp1.kielce.eu\/wp-content\/uploads\/2021\/02\/Natasza-Malinowska-Large-1400x684.png 1400w, https:\/\/sp1.kielce.eu\/wp-content\/uploads\/2021\/02\/Natasza-Malinowska-Large-300x147.png 300w, https:\/\/sp1.kielce.eu\/wp-content\/uploads\/2021\/02\/Natasza-Malinowska-Large-768x375.png 768w, https:\/\/sp1.kielce.eu\/wp-content\/uploads\/2021\/02\/Natasza-Malinowska-Large-1536x750.png 1536w, https:\/\/sp1.kielce.eu\/wp-content\/uploads\/2021\/02\/Natasza-Malinowska-Large-820x401.png 820w, https:\/\/sp1.kielce.eu\/wp-content\/uploads\/2021\/02\/Natasza-Malinowska-Large.png 1920w\" sizes=\"auto, (max-width: 1400px) 100vw, 1400px\" \/><\/a><figcaption class=\"blocks-gallery-item__caption\">3<\/figcaption><\/figure><\/li><li class=\"blocks-gallery-item\"><figure><a href=\"http:\/\/sp1.kielce.eu\/wp-content\/uploads\/2021\/02\/Konkurs-Uwa-nie-i-z-szacunkiem-w-bezpiecznym-internecie-Large.png\"><img loading=\"lazy\" decoding=\"async\" width=\"1400\" height=\"816\" src=\"http:\/\/sp1.kielce.eu\/wp-content\/uploads\/2021\/02\/Konkurs-Uwa-nie-i-z-szacunkiem-w-bezpiecznym-internecie-Large-1400x816.png\" alt=\"\" data-id=\"15313\" data-full-url=\"http:\/\/sp1.kielce.eu\/wp-content\/uploads\/2021\/02\/Konkurs-Uwa-nie-i-z-szacunkiem-w-bezpiecznym-internecie-Large.png\" data-link=\"http:\/\/sp1.kielce.eu\/?attachment_id=15313\" class=\"wp-image-15313\" srcset=\"https:\/\/sp1.kielce.eu\/wp-content\/uploads\/2021\/02\/Konkurs-Uwa-nie-i-z-szacunkiem-w-bezpiecznym-internecie-Large-1400x816.png 1400w, https:\/\/sp1.kielce.eu\/wp-content\/uploads\/2021\/02\/Konkurs-Uwa-nie-i-z-szacunkiem-w-bezpiecznym-internecie-Large-300x175.png 300w, https:\/\/sp1.kielce.eu\/wp-content\/uploads\/2021\/02\/Konkurs-Uwa-nie-i-z-szacunkiem-w-bezpiecznym-internecie-Large-768x447.png 768w, https:\/\/sp1.kielce.eu\/wp-content\/uploads\/2021\/02\/Konkurs-Uwa-nie-i-z-szacunkiem-w-bezpiecznym-internecie-Large-1536x895.png 1536w, https:\/\/sp1.kielce.eu\/wp-content\/uploads\/2021\/02\/Konkurs-Uwa-nie-i-z-szacunkiem-w-bezpiecznym-internecie-Large-820x478.png 820w, https:\/\/sp1.kielce.eu\/wp-content\/uploads\/2021\/02\/Konkurs-Uwa-nie-i-z-szacunkiem-w-bezpiecznym-internecie-Large.png 1854w\" sizes=\"auto, (max-width: 1400px) 100vw, 1400px\" \/><\/a><figcaption class=\"blocks-gallery-item__caption\">4<\/figcaption><\/figure><\/li><li class=\"blocks-gallery-item\"><figure><a href=\"http:\/\/sp1.kielce.eu\/wp-content\/uploads\/2021\/02\/bezpieczenstwo-w-sieci-Large.png\"><img loading=\"lazy\" decoding=\"async\" width=\"1400\" height=\"840\" src=\"http:\/\/sp1.kielce.eu\/wp-content\/uploads\/2021\/02\/bezpieczenstwo-w-sieci-Large-1400x840.png\" alt=\"\" data-id=\"15309\" data-full-url=\"http:\/\/sp1.kielce.eu\/wp-content\/uploads\/2021\/02\/bezpieczenstwo-w-sieci-Large.png\" data-link=\"http:\/\/sp1.kielce.eu\/?attachment_id=15309\" class=\"wp-image-15309\" srcset=\"https:\/\/sp1.kielce.eu\/wp-content\/uploads\/2021\/02\/bezpieczenstwo-w-sieci-Large-1400x840.png 1400w, https:\/\/sp1.kielce.eu\/wp-content\/uploads\/2021\/02\/bezpieczenstwo-w-sieci-Large-300x180.png 300w, https:\/\/sp1.kielce.eu\/wp-content\/uploads\/2021\/02\/bezpieczenstwo-w-sieci-Large-768x461.png 768w, https:\/\/sp1.kielce.eu\/wp-content\/uploads\/2021\/02\/bezpieczenstwo-w-sieci-Large-1536x921.png 1536w, https:\/\/sp1.kielce.eu\/wp-content\/uploads\/2021\/02\/bezpieczenstwo-w-sieci-Large-820x492.png 820w, https:\/\/sp1.kielce.eu\/wp-content\/uploads\/2021\/02\/bezpieczenstwo-w-sieci-Large.png 1801w\" sizes=\"auto, (max-width: 1400px) 100vw, 1400px\" \/><\/a><figcaption class=\"blocks-gallery-item__caption\">5<\/figcaption><\/figure><\/li><li class=\"blocks-gallery-item\"><figure><a href=\"http:\/\/sp1.kielce.eu\/wp-content\/uploads\/2021\/02\/Durlik-Agata-kl-6b-Large.jpg\"><img loading=\"lazy\" decoding=\"async\" width=\"1200\" height=\"900\" src=\"http:\/\/sp1.kielce.eu\/wp-content\/uploads\/2021\/02\/Durlik-Agata-kl-6b-Large-1200x900.jpg\" alt=\"\" data-id=\"15310\" data-full-url=\"http:\/\/sp1.kielce.eu\/wp-content\/uploads\/2021\/02\/Durlik-Agata-kl-6b-Large.jpg\" data-link=\"http:\/\/sp1.kielce.eu\/?attachment_id=15310\" class=\"wp-image-15310\" srcset=\"https:\/\/sp1.kielce.eu\/wp-content\/uploads\/2021\/02\/Durlik-Agata-kl-6b-Large-1200x900.jpg 1200w, https:\/\/sp1.kielce.eu\/wp-content\/uploads\/2021\/02\/Durlik-Agata-kl-6b-Large-300x225.jpg 300w, https:\/\/sp1.kielce.eu\/wp-content\/uploads\/2021\/02\/Durlik-Agata-kl-6b-Large-768x576.jpg 768w, https:\/\/sp1.kielce.eu\/wp-content\/uploads\/2021\/02\/Durlik-Agata-kl-6b-Large-820x615.jpg 820w, https:\/\/sp1.kielce.eu\/wp-content\/uploads\/2021\/02\/Durlik-Agata-kl-6b-Large.jpg 1440w\" sizes=\"auto, (max-width: 1200px) 100vw, 1200px\" \/><\/a><figcaption class=\"blocks-gallery-item__caption\">6<\/figcaption><\/figure><\/li><li class=\"blocks-gallery-item\"><figure><a href=\"http:\/\/sp1.kielce.eu\/wp-content\/uploads\/2021\/02\/img_20210210_073736-3-Large.jpg\"><img loading=\"lazy\" decoding=\"async\" width=\"675\" height=\"900\" src=\"http:\/\/sp1.kielce.eu\/wp-content\/uploads\/2021\/02\/img_20210210_073736-3-Large-675x900.jpg\" alt=\"\" data-id=\"15311\" data-full-url=\"http:\/\/sp1.kielce.eu\/wp-content\/uploads\/2021\/02\/img_20210210_073736-3-Large.jpg\" data-link=\"http:\/\/sp1.kielce.eu\/?attachment_id=15311\" class=\"wp-image-15311\" srcset=\"https:\/\/sp1.kielce.eu\/wp-content\/uploads\/2021\/02\/img_20210210_073736-3-Large-675x900.jpg 675w, https:\/\/sp1.kielce.eu\/wp-content\/uploads\/2021\/02\/img_20210210_073736-3-Large-225x300.jpg 225w, https:\/\/sp1.kielce.eu\/wp-content\/uploads\/2021\/02\/img_20210210_073736-3-Large-768x1024.jpg 768w, https:\/\/sp1.kielce.eu\/wp-content\/uploads\/2021\/02\/img_20210210_073736-3-Large-820x1093.jpg 820w, https:\/\/sp1.kielce.eu\/wp-content\/uploads\/2021\/02\/img_20210210_073736-3-Large.jpg 1080w\" sizes=\"auto, (max-width: 675px) 100vw, 675px\" \/><\/a><figcaption class=\"blocks-gallery-item__caption\">7<\/figcaption><\/figure><\/li><li class=\"blocks-gallery-item\"><figure><a href=\"http:\/\/sp1.kielce.eu\/wp-content\/uploads\/2021\/02\/Karolina-Plech-kl-6b-Large.png\"><img loading=\"lazy\" decoding=\"async\" width=\"1400\" height=\"612\" src=\"http:\/\/sp1.kielce.eu\/wp-content\/uploads\/2021\/02\/Karolina-Plech-kl-6b-Large-1400x612.png\" alt=\"\" data-id=\"15312\" data-full-url=\"http:\/\/sp1.kielce.eu\/wp-content\/uploads\/2021\/02\/Karolina-Plech-kl-6b-Large.png\" data-link=\"http:\/\/sp1.kielce.eu\/?attachment_id=15312\" class=\"wp-image-15312\" srcset=\"https:\/\/sp1.kielce.eu\/wp-content\/uploads\/2021\/02\/Karolina-Plech-kl-6b-Large-1400x612.png 1400w, https:\/\/sp1.kielce.eu\/wp-content\/uploads\/2021\/02\/Karolina-Plech-kl-6b-Large-300x131.png 300w, https:\/\/sp1.kielce.eu\/wp-content\/uploads\/2021\/02\/Karolina-Plech-kl-6b-Large-768x336.png 768w, https:\/\/sp1.kielce.eu\/wp-content\/uploads\/2021\/02\/Karolina-Plech-kl-6b-Large-1536x671.png 1536w, https:\/\/sp1.kielce.eu\/wp-content\/uploads\/2021\/02\/Karolina-Plech-kl-6b-Large-820x358.png 820w, https:\/\/sp1.kielce.eu\/wp-content\/uploads\/2021\/02\/Karolina-Plech-kl-6b-Large.png 1920w\" sizes=\"auto, (max-width: 1400px) 100vw, 1400px\" \/><\/a><figcaption class=\"blocks-gallery-item__caption\">8<\/figcaption><\/figure><\/li><\/ul><\/figure>\n","protected":false},"excerpt":{"rendered":"<p>Z okazji&nbsp;Dnia Bezpiecznego Internetu 2021, kt\u00f3ry obchodzili\u015bmy 9 lutego &nbsp;uczniowie &nbsp;naszej szko\u0142y na lekcjach informatyki [&hellip;]<\/p>\n","protected":false},"author":5,"featured_media":15316,"comment_status":"closed","ping_status":"open","sticky":false,"template":"","format":"standard","meta":{"footnotes":""},"categories":[36],"tags":[],"class_list":["post-15307","post","type-post","status-publish","format-standard","has-post-thumbnail","hentry","category-wydarzenia"],"_links":{"self":[{"href":"https:\/\/sp1.kielce.eu\/index.php\/wp-json\/wp\/v2\/posts\/15307","targetHints":{"allow":["GET"]}}],"collection":[{"href":"https:\/\/sp1.kielce.eu\/index.php\/wp-json\/wp\/v2\/posts"}],"about":[{"href":"https:\/\/sp1.kielce.eu\/index.php\/wp-json\/wp\/v2\/types\/post"}],"author":[{"embeddable":true,"href":"https:\/\/sp1.kielce.eu\/index.php\/wp-json\/wp\/v2\/users\/5"}],"replies":[{"embeddable":true,"href":"https:\/\/sp1.kielce.eu\/index.php\/wp-json\/wp\/v2\/comments?post=15307"}],"version-history":[{"count":1,"href":"https:\/\/sp1.kielce.eu\/index.php\/wp-json\/wp\/v2\/posts\/15307\/revisions"}],"predecessor-version":[{"id":15317,"href":"https:\/\/sp1.kielce.eu\/index.php\/wp-json\/wp\/v2\/posts\/15307\/revisions\/15317"}],"wp:featuredmedia":[{"embeddable":true,"href":"https:\/\/sp1.kielce.eu\/index.php\/wp-json\/wp\/v2\/media\/15316"}],"wp:attachment":[{"href":"https:\/\/sp1.kielce.eu\/index.php\/wp-json\/wp\/v2\/media?parent=15307"}],"wp:term":[{"taxonomy":"category","embeddable":true,"href":"https:\/\/sp1.kielce.eu\/index.php\/wp-json\/wp\/v2\/categories?post=15307"},{"taxonomy":"post_tag","embeddable":true,"href":"https:\/\/sp1.kielce.eu\/index.php\/wp-json\/wp\/v2\/tags?post=15307"}],"curies":[{"name":"wp","href":"https:\/\/api.w.org\/{rel}","templated":true}]}}