{"id":15260,"date":"2021-02-14T13:50:51","date_gmt":"2021-02-14T12:50:51","guid":{"rendered":"http:\/\/sp1.kielce.eu\/?p=15260"},"modified":"2021-05-24T09:20:25","modified_gmt":"2021-05-24T07:20:25","slug":"konkurs-okomode-ekologiczna-moda-niemieckiego-obszaru-jezykowego","status":"publish","type":"post","link":"https:\/\/sp1.kielce.eu\/index.php\/2021\/02\/14\/konkurs-okomode-ekologiczna-moda-niemieckiego-obszaru-jezykowego\/","title":{"rendered":"Konkurs &#8211; \u201e\u00d6komode &#8211; ekologiczna moda niemieckiego obszaru j\u0119zykowego\u201d"},"content":{"rendered":"\n<p>Dyrekcja Szko\u0142y Podstawowej nr 1 im. Stanis\u0142awa Staszica w Kielcach wraz nauczycielami zapraszaj\u0105 uczni\u00f3w do udzia\u0142u w I&nbsp;edycji wojew\u00f3dzkiego konkursu&nbsp;<strong><em>\u201e\u00d6komode &#8211; ekologiczna moda niemieckiego obszaru j\u0119zykowego\u201d&nbsp;<\/em><\/strong><\/p>\n\n\n\n<p><strong><em>dla uczni\u00f3w klas IV-VIII szk\u00f3\u0142 podstawowych.<\/em><\/strong><\/p>\n\n\n\n<p>Celem konkursu jest pog\u0142\u0119bianie wiedzy na temat ochrony \u015brodowiska oraz rozbudzenie zainteresowa\u0144 j\u0119zykiem niemieckim.<\/p>\n\n\n\n<p>Konkurs przeprowadzony b\u0119dzie w trzech etapach. Poszczeg\u00f3lne etapy konkursu odb\u0119d\u0105 si\u0119 w dniach:<\/p>\n\n\n\n<p>I etap &#8211; 23 marca 2021, odb\u0119dzie si\u0119 w szkole macierzystej ucznia. Tan etap polega na napisaniu przez ucznia testu leksykalno \u2013 j\u0119zykowego w j\u0119zyku niemieckim.<\/p>\n\n\n\n<p>II etap \u2013 polega na przys\u0142aniu do dnia 30 kwietnia 2021 roku do organizatora konkursu prezentacji multimedialnej. Tematem przewodnim prezentacji wykonanej w j\u0119zyku niemieckim jest ochrona \u015brodowiska&nbsp; ze szczeg\u00f3lnym uwzgl\u0119dnieniem zagadnienia \u201eRecykling \u2013 odzyskaj-korzystaj\u201d.<\/p>\n\n\n\n<p>III etap \u2013 odb\u0119dzie si\u0119 w dniu 02.06.2021 roku na platformie edukacyjnej teams.<\/p>\n\n\n\n<p>Na zg\u0142oszenia do konkursu organizatorzy czekaj\u0105 do dnia 22 marca 2021 roku. Zg\u0142oszenia nades\u0142ane po terminie nie b\u0119d\u0105 bra\u0142y udzia\u0142u w konkursie.<\/p>\n\n\n\n<p>Szczeg\u00f3\u0142owe kryteria oceny prac konkursowych znajduj\u0105 si\u0119 w regulaminie konkursu.<\/p>\n\n\n\n<p><a href=\"http:\/\/sp1.kielce.eu\/wp-content\/uploads\/2021\/05\/regulamin_konkurs_niemiecki3.pdf\">Regulamin<\/a><br><a href=\"http:\/\/sp1.kielce.eu\/wp-content\/uploads\/2021\/03\/karta_zgloszeniowa.pdf\">Karta zg\u0142oszeniowa<\/a><br><a href=\"http:\/\/sp1.kielce.eu\/wp-content\/uploads\/2021\/03\/rodo-konkurs.pdf\">Zgoda rodzic\u00f3w\/opiekun\u00f3w prawnych na udzia\u0142 dziecka w konkursie<\/a><\/p>\n","protected":false},"excerpt":{"rendered":"<p>Dyrekcja Szko\u0142y Podstawowej nr 1 im. Stanis\u0142awa Staszica w Kielcach wraz nauczycielami zapraszaj\u0105 uczni\u00f3w do [&hellip;]<\/p>\n","protected":false},"author":1,"featured_media":15242,"comment_status":"closed","ping_status":"open","sticky":false,"template":"","format":"standard","meta":{"footnotes":""},"categories":[1],"tags":[],"class_list":["post-15260","post","type-post","status-publish","format-standard","has-post-thumbnail","hentry","category-bez-kategorii"],"_links":{"self":[{"href":"https:\/\/sp1.kielce.eu\/index.php\/wp-json\/wp\/v2\/posts\/15260","targetHints":{"allow":["GET"]}}],"collection":[{"href":"https:\/\/sp1.kielce.eu\/index.php\/wp-json\/wp\/v2\/posts"}],"about":[{"href":"https:\/\/sp1.kielce.eu\/index.php\/wp-json\/wp\/v2\/types\/post"}],"author":[{"embeddable":true,"href":"https:\/\/sp1.kielce.eu\/index.php\/wp-json\/wp\/v2\/users\/1"}],"replies":[{"embeddable":true,"href":"https:\/\/sp1.kielce.eu\/index.php\/wp-json\/wp\/v2\/comments?post=15260"}],"version-history":[{"count":7,"href":"https:\/\/sp1.kielce.eu\/index.php\/wp-json\/wp\/v2\/posts\/15260\/revisions"}],"predecessor-version":[{"id":16858,"href":"https:\/\/sp1.kielce.eu\/index.php\/wp-json\/wp\/v2\/posts\/15260\/revisions\/16858"}],"wp:featuredmedia":[{"embeddable":true,"href":"https:\/\/sp1.kielce.eu\/index.php\/wp-json\/wp\/v2\/media\/15242"}],"wp:attachment":[{"href":"https:\/\/sp1.kielce.eu\/index.php\/wp-json\/wp\/v2\/media?parent=15260"}],"wp:term":[{"taxonomy":"category","embeddable":true,"href":"https:\/\/sp1.kielce.eu\/index.php\/wp-json\/wp\/v2\/categories?post=15260"},{"taxonomy":"post_tag","embeddable":true,"href":"https:\/\/sp1.kielce.eu\/index.php\/wp-json\/wp\/v2\/tags?post=15260"}],"curies":[{"name":"wp","href":"https:\/\/api.w.org\/{rel}","templated":true}]}}