{"id":15197,"date":"2021-02-11T18:56:38","date_gmt":"2021-02-11T17:56:38","guid":{"rendered":"http:\/\/sp1.kielce.eu\/?p=15197"},"modified":"2021-02-11T18:56:38","modified_gmt":"2021-02-11T17:56:38","slug":"pilka-reczna-zajecia-sks","status":"publish","type":"post","link":"https:\/\/sp1.kielce.eu\/index.php\/2021\/02\/11\/pilka-reczna-zajecia-sks\/","title":{"rendered":"Pi\u0142ka r\u0119czna \u2013 zaj\u0119cia SKS"},"content":{"rendered":"\n<p>&nbsp;&nbsp;&nbsp;&nbsp;&nbsp;&nbsp;&nbsp;&nbsp;&nbsp;&nbsp;&nbsp; Od wrze\u015bnia do grudnia w&nbsp;naszej szkole odbywa\u0142y si\u0119 zaj\u0119cia z&nbsp;pi\u0142ki r\u0119cznej w&nbsp;ramach uczestnictwa w&nbsp;programie SKS. Pierwsza edycja cieszy\u0142a si\u0119 sporym zainteresowaniem w\u015br\u00f3d uczni\u00f3w. Pi\u0142ka r\u0119czna jest bardzo popularn\u0105 dyscyplin\u0105 sportow\u0105. Charakteryzuje si\u0119 ona dynamik\u0105 i&nbsp;wymaga du\u017cej sprawno\u015bci fizycznej zawodnik\u00f3w.<br>Druga edycja zaj\u0119\u0107 odb\u0119dzie si\u0119 ju\u017c wkr\u00f3tce. Liczba miejsc ograniczona. Wszystkich ch\u0119tnych zapraszamy.<\/p>\n\n\n\n<p class=\"has-text-align-right\">Nauczyciel wychowania fizycznego<br>\u0141ukasz Kurek<\/p>\n","protected":false},"excerpt":{"rendered":"<p>&nbsp;&nbsp;&nbsp;&nbsp;&nbsp;&nbsp;&nbsp;&nbsp;&nbsp;&nbsp;&nbsp; Od wrze\u015bnia do grudnia w&nbsp;naszej szkole odbywa\u0142y si\u0119 zaj\u0119cia z&nbsp;pi\u0142ki r\u0119cznej w&nbsp;ramach uczestnictwa w&nbsp;programie [&hellip;]<\/p>\n","protected":false},"author":13,"featured_media":15198,"comment_status":"closed","ping_status":"open","sticky":false,"template":"","format":"standard","meta":{"footnotes":""},"categories":[11],"tags":[],"class_list":["post-15197","post","type-post","status-publish","format-standard","has-post-thumbnail","hentry","category-zawody-sportowe"],"_links":{"self":[{"href":"https:\/\/sp1.kielce.eu\/index.php\/wp-json\/wp\/v2\/posts\/15197","targetHints":{"allow":["GET"]}}],"collection":[{"href":"https:\/\/sp1.kielce.eu\/index.php\/wp-json\/wp\/v2\/posts"}],"about":[{"href":"https:\/\/sp1.kielce.eu\/index.php\/wp-json\/wp\/v2\/types\/post"}],"author":[{"embeddable":true,"href":"https:\/\/sp1.kielce.eu\/index.php\/wp-json\/wp\/v2\/users\/13"}],"replies":[{"embeddable":true,"href":"https:\/\/sp1.kielce.eu\/index.php\/wp-json\/wp\/v2\/comments?post=15197"}],"version-history":[{"count":1,"href":"https:\/\/sp1.kielce.eu\/index.php\/wp-json\/wp\/v2\/posts\/15197\/revisions"}],"predecessor-version":[{"id":15199,"href":"https:\/\/sp1.kielce.eu\/index.php\/wp-json\/wp\/v2\/posts\/15197\/revisions\/15199"}],"wp:featuredmedia":[{"embeddable":true,"href":"https:\/\/sp1.kielce.eu\/index.php\/wp-json\/wp\/v2\/media\/15198"}],"wp:attachment":[{"href":"https:\/\/sp1.kielce.eu\/index.php\/wp-json\/wp\/v2\/media?parent=15197"}],"wp:term":[{"taxonomy":"category","embeddable":true,"href":"https:\/\/sp1.kielce.eu\/index.php\/wp-json\/wp\/v2\/categories?post=15197"},{"taxonomy":"post_tag","embeddable":true,"href":"https:\/\/sp1.kielce.eu\/index.php\/wp-json\/wp\/v2\/tags?post=15197"}],"curies":[{"name":"wp","href":"https:\/\/api.w.org\/{rel}","templated":true}]}}