{"id":15132,"date":"2021-02-08T23:33:48","date_gmt":"2021-02-08T22:33:48","guid":{"rendered":"http:\/\/sp1.kielce.eu\/?p=15132"},"modified":"2021-02-08T23:33:48","modified_gmt":"2021-02-08T22:33:48","slug":"9-luty-dzien-bezpiecznego-internetu","status":"publish","type":"post","link":"https:\/\/sp1.kielce.eu\/index.php\/2021\/02\/08\/9-luty-dzien-bezpiecznego-internetu\/","title":{"rendered":"9 luty Dzie\u0144 Bezpiecznego Internetu"},"content":{"rendered":"\n<p>\u015awietlica szkolna przy\u0142\u0105czy\u0142a si\u0119 do wydarzenia i\u00a0zorganizowa\u0142a dla dzieci zaj\u0119cia edukacyjne w\u00a0zakresie bezpiecznego i\u00a0odpowiedzialnego korzystania z\u00a0nowoczesnych technologii. Wsp\u00f3lnie dyskutowano nie tylko o\u00a0zaletach Internetu ale i\u00a0o\u00a0zagro\u017ceniach, z\u00a0jakimi mog\u0105 si\u0119 spotka\u0107 w\u00a0Sieci. Pozna\u0142y netykiet\u0119, czyli zasady dobrego zachowania w\u00a0Internecie. Dzieci z\u00a0uwag\u0105 obejrza\u0142y kilka wybranych filmik\u00f3w z\u00a0serii &#8222;Owce w\u00a0Sieci&#8221; (m.in. Bez ko\u017cuszka, Papla, Tajemniczy przyjaciel), po czym wsp\u00f3lnie formu\u0142owa\u0142y mora\u0142. Zaj\u0119cia zako\u0144czy\u0142y si\u0119 quizem, kt\u00f3ry wywo\u0142a\u0142 du\u017co rado\u015bci. <\/p>\n\n\n\n<p class=\"has-text-align-right\">Alina Dziopa<\/p>\n\n\n\n<figure class=\"wp-block-gallery columns-3 is-cropped wp-block-gallery-1 is-layout-flex wp-block-gallery-is-layout-flex\"><ul class=\"blocks-gallery-grid\"><li class=\"blocks-gallery-item\"><figure><a href=\"http:\/\/sp1.kielce.eu\/wp-content\/uploads\/2021\/02\/20210208_125626-Copy.jpg\"><img loading=\"lazy\" decoding=\"async\" width=\"675\" height=\"900\" src=\"http:\/\/sp1.kielce.eu\/wp-content\/uploads\/2021\/02\/20210208_125626-Copy.jpg\" alt=\"\" data-id=\"15133\" data-full-url=\"http:\/\/sp1.kielce.eu\/wp-content\/uploads\/2021\/02\/20210208_125626-Copy.jpg\" data-link=\"http:\/\/sp1.kielce.eu\/?attachment_id=15133\" class=\"wp-image-15133\" srcset=\"https:\/\/sp1.kielce.eu\/wp-content\/uploads\/2021\/02\/20210208_125626-Copy.jpg 675w, https:\/\/sp1.kielce.eu\/wp-content\/uploads\/2021\/02\/20210208_125626-Copy-225x300.jpg 225w\" sizes=\"auto, (max-width: 675px) 100vw, 675px\" \/><\/a><\/figure><\/li><li class=\"blocks-gallery-item\"><figure><a href=\"http:\/\/sp1.kielce.eu\/wp-content\/uploads\/2021\/02\/20210208_132736-Copy.jpg\"><img loading=\"lazy\" decoding=\"async\" width=\"675\" height=\"900\" src=\"http:\/\/sp1.kielce.eu\/wp-content\/uploads\/2021\/02\/20210208_132736-Copy.jpg\" alt=\"\" data-id=\"15134\" data-full-url=\"http:\/\/sp1.kielce.eu\/wp-content\/uploads\/2021\/02\/20210208_132736-Copy.jpg\" data-link=\"http:\/\/sp1.kielce.eu\/?attachment_id=15134\" class=\"wp-image-15134\" srcset=\"https:\/\/sp1.kielce.eu\/wp-content\/uploads\/2021\/02\/20210208_132736-Copy.jpg 675w, https:\/\/sp1.kielce.eu\/wp-content\/uploads\/2021\/02\/20210208_132736-Copy-225x300.jpg 225w\" sizes=\"auto, (max-width: 675px) 100vw, 675px\" \/><\/a><\/figure><\/li><li class=\"blocks-gallery-item\"><figure><a href=\"http:\/\/sp1.kielce.eu\/wp-content\/uploads\/2021\/02\/20210208_135705-Copy.jpg\"><img loading=\"lazy\" decoding=\"async\" width=\"1090\" height=\"900\" src=\"http:\/\/sp1.kielce.eu\/wp-content\/uploads\/2021\/02\/20210208_135705-Copy.jpg\" alt=\"\" data-id=\"15135\" data-full-url=\"http:\/\/sp1.kielce.eu\/wp-content\/uploads\/2021\/02\/20210208_135705-Copy.jpg\" data-link=\"http:\/\/sp1.kielce.eu\/?attachment_id=15135\" class=\"wp-image-15135\" srcset=\"https:\/\/sp1.kielce.eu\/wp-content\/uploads\/2021\/02\/20210208_135705-Copy.jpg 1090w, https:\/\/sp1.kielce.eu\/wp-content\/uploads\/2021\/02\/20210208_135705-Copy-300x248.jpg 300w, https:\/\/sp1.kielce.eu\/wp-content\/uploads\/2021\/02\/20210208_135705-Copy-768x634.jpg 768w, https:\/\/sp1.kielce.eu\/wp-content\/uploads\/2021\/02\/20210208_135705-Copy-820x677.jpg 820w\" sizes=\"auto, (max-width: 1090px) 100vw, 1090px\" \/><\/a><\/figure><\/li><\/ul><\/figure>\n","protected":false},"excerpt":{"rendered":"<p>\u015awietlica szkolna przy\u0142\u0105czy\u0142a si\u0119 do wydarzenia i\u00a0zorganizowa\u0142a dla dzieci zaj\u0119cia edukacyjne w\u00a0zakresie bezpiecznego i\u00a0odpowiedzialnego korzystania [&hellip;]<\/p>\n","protected":false},"author":13,"featured_media":15135,"comment_status":"closed","ping_status":"open","sticky":false,"template":"","format":"standard","meta":{"footnotes":""},"categories":[25],"tags":[],"class_list":["post-15132","post","type-post","status-publish","format-standard","has-post-thumbnail","hentry","category-swietlica"],"_links":{"self":[{"href":"https:\/\/sp1.kielce.eu\/index.php\/wp-json\/wp\/v2\/posts\/15132","targetHints":{"allow":["GET"]}}],"collection":[{"href":"https:\/\/sp1.kielce.eu\/index.php\/wp-json\/wp\/v2\/posts"}],"about":[{"href":"https:\/\/sp1.kielce.eu\/index.php\/wp-json\/wp\/v2\/types\/post"}],"author":[{"embeddable":true,"href":"https:\/\/sp1.kielce.eu\/index.php\/wp-json\/wp\/v2\/users\/13"}],"replies":[{"embeddable":true,"href":"https:\/\/sp1.kielce.eu\/index.php\/wp-json\/wp\/v2\/comments?post=15132"}],"version-history":[{"count":1,"href":"https:\/\/sp1.kielce.eu\/index.php\/wp-json\/wp\/v2\/posts\/15132\/revisions"}],"predecessor-version":[{"id":15136,"href":"https:\/\/sp1.kielce.eu\/index.php\/wp-json\/wp\/v2\/posts\/15132\/revisions\/15136"}],"wp:featuredmedia":[{"embeddable":true,"href":"https:\/\/sp1.kielce.eu\/index.php\/wp-json\/wp\/v2\/media\/15135"}],"wp:attachment":[{"href":"https:\/\/sp1.kielce.eu\/index.php\/wp-json\/wp\/v2\/media?parent=15132"}],"wp:term":[{"taxonomy":"category","embeddable":true,"href":"https:\/\/sp1.kielce.eu\/index.php\/wp-json\/wp\/v2\/categories?post=15132"},{"taxonomy":"post_tag","embeddable":true,"href":"https:\/\/sp1.kielce.eu\/index.php\/wp-json\/wp\/v2\/tags?post=15132"}],"curies":[{"name":"wp","href":"https:\/\/api.w.org\/{rel}","templated":true}]}}