{"id":15113,"date":"2021-02-07T18:58:00","date_gmt":"2021-02-07T17:58:00","guid":{"rendered":"http:\/\/sp1.kielce.eu\/?p=15113"},"modified":"2021-02-08T09:23:15","modified_gmt":"2021-02-08T08:23:15","slug":"walentynki-4","status":"publish","type":"post","link":"https:\/\/sp1.kielce.eu\/index.php\/2021\/02\/07\/walentynki-4\/","title":{"rendered":"WALENTYNKI"},"content":{"rendered":"\n<p class=\"has-text-align-center\">Chocia\u017c zmuszeni jeste\u015bmy ograniczy\u0107 wzajemne osobiste kontakty,<br>nie zapominajmy o&nbsp;przyjacio\u0142ach!<br>Ju\u017c nied\u0142ugo nadarzy si\u0119 sposobno\u015b\u0107, aby zrobi\u0107 co\u015b mi\u0142ego dla tych, kt\u00f3rych lubimy i&nbsp;kochamy.<br><strong>Zbli\u017caj\u0105 si\u0119 WALENTYNKI!<\/strong><br>Samorz\u0105d Uczniowski proponuje, w&nbsp;zmienionej formie,<br>POCZT\u0118 WALENTYNKOW\u0104.<\/p>\n\n\n\n<div class=\"wp-block-image\"><figure class=\"aligncenter size-large is-resized\"><img loading=\"lazy\" decoding=\"async\" src=\"http:\/\/sp1.kielce.eu\/wp-content\/uploads\/2021\/02\/1-1.jpg\" alt=\"\" class=\"wp-image-15116\" width=\"225\" height=\"102\" srcset=\"https:\/\/sp1.kielce.eu\/wp-content\/uploads\/2021\/02\/1-1.jpg 450w, https:\/\/sp1.kielce.eu\/wp-content\/uploads\/2021\/02\/1-1-300x135.jpg 300w\" sizes=\"auto, (max-width: 225px) 100vw, 225px\" \/><\/figure><\/div>\n\n\n\n<p>Uczniowie klas I \u2013 III mog\u0105 przygotowa\u0107 tradycyjne kartki walentynkowe i\u00a0przekaza\u0107 je, z\u00a0pomoc\u0105 wychowawc\u00f3w, opiekunowi Ma\u0142ego Samorz\u0105du Uczniowskiego pani Kindze Kozie\u0142 mi\u0119dzy 9 &#8211; 12 lutego.<\/p>\n\n\n\n<p>Starsi uczniowie, z racji nauki zdalnej, mog\u0105 w\u0142\u0105czy\u0107 si\u0119 do wsp\u00f3lnej zabawy poprzez:<\/p>\n\n\n\n<p>&#8211; nale\u017cy wykona\u0107 kartk\u0119 walentynkow\u0105 (polecamy porady jak j\u0105 zrobi\u0107 pod adresem&nbsp;<\/p>\n\n\n\n<p><a href=\"https:\/\/www.youtube.com\/watch?app=desktop&amp;v=p0JhgCcHXyU\">https:\/\/www.youtube.com\/watch?app=desktop&amp;v=p0JhgCcHXyU<\/a> \u201e29 niezwyk\u0142ych pomys\u0142\u00f3w na pi\u0119kne Walentynki\u201d);<\/p>\n\n\n\n<p>&#8211; zaadresowa\u0107 j\u0105 wyra\u017anie i&nbsp;w&nbsp;dobrze widocznym miejscu;<\/p>\n\n\n\n<p>&#8211; zrobi\u0107 pi\u0119kne zdj\u0119cie, pami\u0119tajcie &#8211; <strong>musi by\u0107 widoczny napis z danymi adresata<\/strong>;<\/p>\n\n\n\n<p>&#8211; nades\u0142a\u0107 je w&nbsp;dniach <strong>9 \u2013 12 lutego<\/strong> na adres opiekuna Du\u017cego Samorz\u0105du Uczniowskiego \u2013 Renaty Kozie\u0142 <a href=\"mailto:renata.koziel@sp1.kielce.eu\">renata.koziel@sp1.kielce.eu<\/a>.<\/p>\n\n\n\n<p>&#8211; wszystkie nades\u0142ane zdj\u0119cia zostan\u0105 umieszczone na stronie szko\u0142y; obdarowane osoby b\u0119d\u0105 mog\u0142y, t\u0105 drog\u0105 poczu\u0107, \u017ce kto\u015b o nich mi\u0142o my\u015bli \ud83d\ude42<\/p>\n\n\n\n<p>Czekamy na Wasze Walentynki!<\/p>\n\n\n\n<p class=\"has-text-align-right\">Opiekunki SU: <br>Renata Kozie\u0142<br>Kinga Kozie\u0142<\/p>\n","protected":false},"excerpt":{"rendered":"<p>Chocia\u017c zmuszeni jeste\u015bmy ograniczy\u0107 wzajemne osobiste kontakty,nie zapominajmy o&nbsp;przyjacio\u0142ach!Ju\u017c nied\u0142ugo nadarzy si\u0119 sposobno\u015b\u0107, aby zrobi\u0107 [&hellip;]<\/p>\n","protected":false},"author":13,"featured_media":15121,"comment_status":"closed","ping_status":"open","sticky":false,"template":"","format":"standard","meta":{"footnotes":""},"categories":[1,170,18],"tags":[],"class_list":["post-15113","post","type-post","status-publish","format-standard","has-post-thumbnail","hentry","category-bez-kategorii","category-msu","category-samorzad-uczniowoski"],"_links":{"self":[{"href":"https:\/\/sp1.kielce.eu\/index.php\/wp-json\/wp\/v2\/posts\/15113","targetHints":{"allow":["GET"]}}],"collection":[{"href":"https:\/\/sp1.kielce.eu\/index.php\/wp-json\/wp\/v2\/posts"}],"about":[{"href":"https:\/\/sp1.kielce.eu\/index.php\/wp-json\/wp\/v2\/types\/post"}],"author":[{"embeddable":true,"href":"https:\/\/sp1.kielce.eu\/index.php\/wp-json\/wp\/v2\/users\/13"}],"replies":[{"embeddable":true,"href":"https:\/\/sp1.kielce.eu\/index.php\/wp-json\/wp\/v2\/comments?post=15113"}],"version-history":[{"count":7,"href":"https:\/\/sp1.kielce.eu\/index.php\/wp-json\/wp\/v2\/posts\/15113\/revisions"}],"predecessor-version":[{"id":15122,"href":"https:\/\/sp1.kielce.eu\/index.php\/wp-json\/wp\/v2\/posts\/15113\/revisions\/15122"}],"wp:featuredmedia":[{"embeddable":true,"href":"https:\/\/sp1.kielce.eu\/index.php\/wp-json\/wp\/v2\/media\/15121"}],"wp:attachment":[{"href":"https:\/\/sp1.kielce.eu\/index.php\/wp-json\/wp\/v2\/media?parent=15113"}],"wp:term":[{"taxonomy":"category","embeddable":true,"href":"https:\/\/sp1.kielce.eu\/index.php\/wp-json\/wp\/v2\/categories?post=15113"},{"taxonomy":"post_tag","embeddable":true,"href":"https:\/\/sp1.kielce.eu\/index.php\/wp-json\/wp\/v2\/tags?post=15113"}],"curies":[{"name":"wp","href":"https:\/\/api.w.org\/{rel}","templated":true}]}}