{"id":1510,"date":"2017-04-04T21:28:53","date_gmt":"2017-04-04T19:28:53","guid":{"rendered":"http:\/\/sp1.kielce.eu\/?p=1510"},"modified":"2017-04-04T21:38:41","modified_gmt":"2017-04-04T19:38:41","slug":"biblioteka-szkolna","status":"publish","type":"post","link":"https:\/\/sp1.kielce.eu\/index.php\/2017\/04\/04\/biblioteka-szkolna\/","title":{"rendered":"Biblioteka Szkolna"},"content":{"rendered":"<p style=\"text-align: justify\">Biblioteka szkolna w naszej plac\u00f3wce pr\u0119\u017cnie anga\u017cuje naszych uczni\u00f3w do brania udzia\u0142u w r\u00f3\u017cnego rodzaju inicjatywach we wsp\u00f3\u0142pracy z bibliotekami na terenie miasta Kielce.<\/p>\n<ul>\n<li style=\"text-align: justify\">Konkurs czytelniczo-plastyczny zorganizowany przez Pedagogiczn\u0105 Bibliotek\u0119 Wojew\u00f3dzk\u0105 w Kielcach, pt. \u201eMoja ulubiona ksi\u0105\u017cka\u201d lub \u201ePozytywny bohater literacki\u201d<\/li>\n<\/ul>\n<p style=\"text-align: justify\">Wi\u0119cej informacji <a href=\"http:\/\/sp1.kielce.eu\/index.php\/2017\/03\/19\/konkurs-czytelniczo-plastyczny\/\">tutaj<\/a><\/p>\n<ul>\n<li style=\"text-align: justify\">W naszej szkole odby\u0142o si\u0119 r\u00f3wnie\u017c g\u0142o\u015bne czytanie \u00a0\u201eJanka Muzykanta\u201d<\/li>\n<\/ul>\n<p style=\"text-align: justify\">Wi\u0119cej informacji \u00a0<a href=\"http:\/\/sp1.kielce.eu\/index.php\/2017\/03\/19\/glosne-czytanie\/\">tutaj<\/a><\/p>\n<p style=\"text-align: right\">Piotr Surma<\/p>\n<p style=\"text-align: right\">\n","protected":false},"excerpt":{"rendered":"<p>Biblioteka szkolna w naszej plac\u00f3wce pr\u0119\u017cnie anga\u017cuje naszych uczni\u00f3w do brania udzia\u0142u w r\u00f3\u017cnego rodzaju [&hellip;]<\/p>\n","protected":false},"author":5,"featured_media":1511,"comment_status":"closed","ping_status":"open","sticky":false,"template":"","format":"standard","meta":{"footnotes":""},"categories":[72],"tags":[73],"class_list":["post-1510","post","type-post","status-publish","format-standard","has-post-thumbnail","hentry","category-biblioteka","tag-biblioteka"],"_links":{"self":[{"href":"https:\/\/sp1.kielce.eu\/index.php\/wp-json\/wp\/v2\/posts\/1510","targetHints":{"allow":["GET"]}}],"collection":[{"href":"https:\/\/sp1.kielce.eu\/index.php\/wp-json\/wp\/v2\/posts"}],"about":[{"href":"https:\/\/sp1.kielce.eu\/index.php\/wp-json\/wp\/v2\/types\/post"}],"author":[{"embeddable":true,"href":"https:\/\/sp1.kielce.eu\/index.php\/wp-json\/wp\/v2\/users\/5"}],"replies":[{"embeddable":true,"href":"https:\/\/sp1.kielce.eu\/index.php\/wp-json\/wp\/v2\/comments?post=1510"}],"version-history":[{"count":2,"href":"https:\/\/sp1.kielce.eu\/index.php\/wp-json\/wp\/v2\/posts\/1510\/revisions"}],"predecessor-version":[{"id":1513,"href":"https:\/\/sp1.kielce.eu\/index.php\/wp-json\/wp\/v2\/posts\/1510\/revisions\/1513"}],"wp:featuredmedia":[{"embeddable":true,"href":"https:\/\/sp1.kielce.eu\/index.php\/wp-json\/wp\/v2\/media\/1511"}],"wp:attachment":[{"href":"https:\/\/sp1.kielce.eu\/index.php\/wp-json\/wp\/v2\/media?parent=1510"}],"wp:term":[{"taxonomy":"category","embeddable":true,"href":"https:\/\/sp1.kielce.eu\/index.php\/wp-json\/wp\/v2\/categories?post=1510"},{"taxonomy":"post_tag","embeddable":true,"href":"https:\/\/sp1.kielce.eu\/index.php\/wp-json\/wp\/v2\/tags?post=1510"}],"curies":[{"name":"wp","href":"https:\/\/api.w.org\/{rel}","templated":true}]}}