{"id":15047,"date":"2021-02-08T08:18:00","date_gmt":"2021-02-08T07:18:00","guid":{"rendered":"http:\/\/sp1.kielce.eu\/?p=15047"},"modified":"2021-06-25T20:27:54","modified_gmt":"2021-06-25T18:27:54","slug":"rekrutacja-do-publicznych-przedszkoli-i-oddzialow-przedszkolnych-w-publicznych-szkolach-podstawowych","status":"publish","type":"post","link":"https:\/\/sp1.kielce.eu\/index.php\/2021\/02\/08\/rekrutacja-do-publicznych-przedszkoli-i-oddzialow-przedszkolnych-w-publicznych-szkolach-podstawowych\/","title":{"rendered":"Rekrutacja do publicznych przedszkoli i oddzia\u0142\u00f3w przedszkolnych w publicznych szko\u0142ach podstawowych"},"content":{"rendered":"\n<p><strong>Rekrutacja do publicznych przedszkoli i oddzia\u0142\u00f3w przedszkolnych w publicznych szko\u0142ach podstawowych na terenie Miasta Kielce na rok szkolny 2021\/2022.<\/strong><\/p>\n\n\n\n<p><a href=\"http:\/\/sp1.kielce.eu\/index.php\/oddzial-przedszkolny\/\">W zak\u0142adce ZAPISY DO KLASY I \u2013 oddzia\u0142 przedszkolny znajduj\u0105 si\u0119 szczeg\u00f3\u0142owe informacje dotycz\u0105ce rekrutacji.<\/a><\/p>\n\n\n\n<p><\/p>\n\n\n\n<p><\/p>\n","protected":false},"excerpt":{"rendered":"<p>Rekrutacja do publicznych przedszkoli i oddzia\u0142\u00f3w przedszkolnych w publicznych szko\u0142ach podstawowych na terenie Miasta Kielce [&hellip;]<\/p>\n","protected":false},"author":5,"featured_media":15055,"comment_status":"closed","ping_status":"open","sticky":false,"template":"","format":"standard","meta":{"footnotes":""},"categories":[1],"tags":[],"class_list":["post-15047","post","type-post","status-publish","format-standard","has-post-thumbnail","hentry","category-bez-kategorii"],"_links":{"self":[{"href":"https:\/\/sp1.kielce.eu\/index.php\/wp-json\/wp\/v2\/posts\/15047","targetHints":{"allow":["GET"]}}],"collection":[{"href":"https:\/\/sp1.kielce.eu\/index.php\/wp-json\/wp\/v2\/posts"}],"about":[{"href":"https:\/\/sp1.kielce.eu\/index.php\/wp-json\/wp\/v2\/types\/post"}],"author":[{"embeddable":true,"href":"https:\/\/sp1.kielce.eu\/index.php\/wp-json\/wp\/v2\/users\/5"}],"replies":[{"embeddable":true,"href":"https:\/\/sp1.kielce.eu\/index.php\/wp-json\/wp\/v2\/comments?post=15047"}],"version-history":[{"count":2,"href":"https:\/\/sp1.kielce.eu\/index.php\/wp-json\/wp\/v2\/posts\/15047\/revisions"}],"predecessor-version":[{"id":15050,"href":"https:\/\/sp1.kielce.eu\/index.php\/wp-json\/wp\/v2\/posts\/15047\/revisions\/15050"}],"wp:featuredmedia":[{"embeddable":true,"href":"https:\/\/sp1.kielce.eu\/index.php\/wp-json\/wp\/v2\/media\/15055"}],"wp:attachment":[{"href":"https:\/\/sp1.kielce.eu\/index.php\/wp-json\/wp\/v2\/media?parent=15047"}],"wp:term":[{"taxonomy":"category","embeddable":true,"href":"https:\/\/sp1.kielce.eu\/index.php\/wp-json\/wp\/v2\/categories?post=15047"},{"taxonomy":"post_tag","embeddable":true,"href":"https:\/\/sp1.kielce.eu\/index.php\/wp-json\/wp\/v2\/tags?post=15047"}],"curies":[{"name":"wp","href":"https:\/\/api.w.org\/{rel}","templated":true}]}}