{"id":15017,"date":"2021-02-01T09:29:24","date_gmt":"2021-02-01T08:29:24","guid":{"rendered":"http:\/\/sp1.kielce.eu\/?p=15017"},"modified":"2021-02-01T13:29:33","modified_gmt":"2021-02-01T12:29:33","slug":"terminy-postepowania-rekrutacyjnego-na-rok-szkolny-2021-2022","status":"publish","type":"post","link":"https:\/\/sp1.kielce.eu\/index.php\/2021\/02\/01\/terminy-postepowania-rekrutacyjnego-na-rok-szkolny-2021-2022\/","title":{"rendered":"Wa\u017cne informacje dla Uczni\u00f3w klas VIII oraz Rodzic\u00f3w"},"content":{"rendered":"\n<p>Terminy post\u0119powania rekrutacyjnego na rok szkolny 2021\/2022<\/p>\n\n\n\n<p>Og\u0142aszamy terminy post\u0119powania rekrutacyjnego i sk\u0142adania dokument\u00f3w do klas pierwszych szk\u00f3\u0142 ponadpodstawowych i klas wst\u0119pnych szk\u00f3\u0142 ponadpodstawowych. Ustalony przez Ministra Edukacji i Nauki harmonogram post\u0119powania rekrutacyjnego do szk\u00f3\u0142 dla m\u0142odzie\u017cy dostosowany jest do zmienionego harmonogramu przeprowadzanych egzamin\u00f3w \u00f3smoklasisty, w tym terminu wydania za\u015bwiadczenia o wyniku tego egzaminu przez Okr\u0119gowe Komisje Egzaminacyjne.<\/p>\n\n\n\n<h3 class=\"wp-block-heading\"><strong>Najwa\u017cniejsze informacje<\/strong><\/h3>\n\n\n\n<p>Wniosek o przyj\u0119cie do szko\u0142y ponadpodstawowej wraz z dokumentami b\u0119dzie mo\u017cna sk\u0142ada\u0107&nbsp;<strong>od 17 maja 2021 r. do 21 czerwca 2021 r.<\/strong>, z wyj\u0105tkiem szko\u0142y ponadpodstawowej dwuj\u0119zycznej, oddzia\u0142u dwuj\u0119zycznego, oddzia\u0142u mi\u0119dzynarodowego, oddzia\u0142u przygotowania wojskowego w szkole ponadpodstawowej, oddzia\u0142\u00f3w wymagaj\u0105cych od kandydat\u00f3w szczeg\u00f3lnych indywidualnych predyspozycji oraz do szk\u00f3\u0142 i oddzia\u0142\u00f3w prowadz\u0105cych szkolenie sportowe w szko\u0142ach ponadpodstawowych, do kt\u00f3rych wnioski sk\u0142adane&nbsp;<strong>od 17 maja 2021 r. do 31 maja 2021 r.<\/strong><\/p>\n\n\n\n<p>Uzupe\u0142nienie wniosku o przyj\u0119cie do szko\u0142y ponadpodstawowej o za\u015bwiadczenie o wynikach egzaminu \u00f3smoklasisty nale\u017cy z\u0142o\u017cy\u0107&nbsp;<strong>od 25 czerwca 2021 r. do 14 lipca 2021 r.<\/strong><\/p>\n\n\n\n<p>Listy kandydat\u00f3w zakwalifikowanych i kandydat\u00f3w niezakwalifikowanych og\u0142oszone zostan\u0105&nbsp;<strong>22 lipca 2021 r.<\/strong><\/p>\n\n\n\n<p>Listy kandydat\u00f3w przyj\u0119tych i kandydat\u00f3w nieprzyj\u0119tych og\u0142oszone b\u0119d\u0105&nbsp;<strong>2 sierpnia 2021 r.<\/strong><\/p>\n\n\n\n<p>W terminie&nbsp;<strong>od 23 lipca 2021 r. do 30 lipca 2021 r.<\/strong>, w przypadku kandydat\u00f3w zakwalifikowanych, sk\u0142ada si\u0119 potwierdzenie woli przyj\u0119cia w postaci przed\u0142o\u017cenia orygina\u0142u \u015bwiadectwa uko\u0144czenia szko\u0142y i orygina\u0142u za\u015bwiadczenia o wynikach egzaminu zewn\u0119trznego, o ile nie zosta\u0142y one z\u0142o\u017cone w uzupe\u0142nieniu wniosku o przyj\u0119cie do szko\u0142y ponadpodstawowej. W przypadku szko\u0142y prowadz\u0105cej kszta\u0142cenie zawodowe \u2013 tak\u017ce za\u015bwiadczenia lekarskiego zawieraj\u0105cego orzeczenie o braku przeciwwskaza\u0144 zdrowotnych do podj\u0119cia praktycznej nauki zawodu oraz odpowiednio orzeczenia lekarskiego o braku przeciwwskaza\u0144 zdrowotnych do kierowania pojazdami i orzeczenia psychologicznego o braku przeciwwskaza\u0144 psychologicznych do kierowania pojazdem.<\/p>\n\n\n\n<p>W przypadku braku mo\u017cliwo\u015bci przed\u0142o\u017cenia takiego za\u015bwiadczenia lub orzeczenia, rodzic kandydata lub kandydat pe\u0142noletni informuje o tym dyrektora szko\u0142y w terminie&nbsp;<strong>do 20 sierpnia 2021 r. do godz. 15.00<\/strong>. Nale\u017cy wskaza\u0107 w\u00f3wczas przyczyn\u0119 niedotrzymania pierwotnego terminu. W\u00f3wczas za\u015bwiadczenie lub orzeczenie sk\u0142ada si\u0119 dyrektorowi szko\u0142y, do kt\u00f3rej ucze\u0144 zosta\u0142 przyj\u0119ty, nie p\u00f3\u017aniej ni\u017c&nbsp;<strong>do 24 wrze\u015bnia 2021 r.<\/strong><\/p>\n\n\n\n<p>Nieprzed\u0142o\u017cenie&nbsp;<strong>do 24 wrze\u015bnia 2021 r.<\/strong>&nbsp;za\u015bwiadczenia lub orzeczenia b\u0119dzie r\u00f3wnoznaczne z rezygnacj\u0105 z kontynuowania nauki w szkole, do kt\u00f3rej ucze\u0144 zosta\u0142 przyj\u0119ty. W przypadku szko\u0142y prowadz\u0105cej kszta\u0142cenie zawodowe \u2013 w oddziale realizuj\u0105cym kszta\u0142cenie w zawodzie, do kt\u00f3rego zosta\u0142 przyj\u0119ty.<\/p>\n\n\n\n<p>Og\u0142oszony&nbsp;<a href=\"https:\/\/www.gov.pl\/attachment\/1bfbb2db-d4f3-4e08-a102-87ce6b211458\">harmonogram<\/a>&nbsp;uwzgl\u0119dnia r\u00f3wnie\u017c terminy przewidziane na czynno\u015bci sprawdzaj\u0105ce (o kt\u00f3rych mowa w&nbsp;<em>art. 150 ust. 7 ustawy z dnia 14 grudnia 2016 r. \u2013 Prawo o\u015bwiatowe<\/em>) oraz czynno\u015bci przewidziane w post\u0119powaniu odwo\u0142awczym (<em>o kt\u00f3rych mowa w art. 158 ust. 6-9 ustawy \u2013 Prawo o\u015bwiatowe<\/em>).<\/p>\n\n\n\n<p>W post\u0119powaniu rekrutacyjnym do szk\u00f3\u0142 ponadpodstawowych na rok szkolny 2021\/2022 przeprowadza si\u0119 post\u0119powanie uzupe\u0142niaj\u0105ce w terminach okre\u015blonych&nbsp;<a href=\"https:\/\/www.gov.pl\/attachment\/1bfbb2db-d4f3-4e08-a102-87ce6b211458\">w tabeli<\/a>.<\/p>\n\n\n\n<p>Kandydaci do szk\u00f3\u0142 ponadpodstawowych, kt\u00f3rzy nie zostan\u0105 przyj\u0119ci do szk\u00f3\u0142 dla m\u0142odzie\u017cy w post\u0119powaniu rekrutacyjnym i post\u0119powaniu uzupe\u0142niaj\u0105cym na rok szkolny 2021\/2022, b\u0119d\u0105 przyjmowani do tych szk\u00f3\u0142 w trakcie roku szkolnego (na podstawie&nbsp;<em>art. 130 ust. 2 ustawy \u2013 Prawo o\u015bwiatowe).<\/em><\/p>\n\n\n\n<p>Za zapewnienie miejsca w szkole ponadpodstawowej wszystkim realizuj\u0105cym obowi\u0105zek nauki dzieciom i m\u0142odzie\u017cy zamieszkuj\u0105cym na obszarze powiatu odpowiada rada powiatu (zgodnie z&nbsp;<em>art. 39 ust. 7 ustawy \u2013 Prawo o\u015bwiatowe<\/em>).<\/p>\n\n\n\n<figure class=\"wp-block-embed\"><div class=\"wp-block-embed__wrapper\">\nhttps:\/\/kuratorium.kielce.pl\/48251\/terminy-postepowania-rekrutacyjnego-na-rok-szkolny-2021-2022\/\n<\/div><\/figure>\n\n\n\n<p>Materia\u0142y: &nbsp;<\/p>\n\n\n\n<p><a href=\"https:\/\/www.gov.pl\/attachment\/529fdce8-2802-46b5-a7e7-de0573368611\">Terminy rekrutacji do szk\u00f3\u0142 na rok szkolny 2021\/2022<\/a> <a href=\"https:\/\/www.gov.pl\/attachment\/529fdce8-2802-46b5-a7e7-de0573368611\">https:\/\/www.gov.pl\/attachment\/529fdce8-2802-46b5-a7e7-de057336861<\/a><\/p>\n\n\n\n<p>Polecam zapoznanie si\u0119 z materia\u0142ami<\/p>\n\n\n\n<p>Beata Smag\u00f3r \u2013 pedagog szkolny\/doradca zawodowy<\/p>\n","protected":false},"excerpt":{"rendered":"<p>Terminy post\u0119powania rekrutacyjnego na rok szkolny 2021\/2022 Og\u0142aszamy terminy post\u0119powania rekrutacyjnego i sk\u0142adania dokument\u00f3w do [&hellip;]<\/p>\n","protected":false},"author":5,"featured_media":15018,"comment_status":"closed","ping_status":"open","sticky":false,"template":"","format":"standard","meta":{"footnotes":""},"categories":[143],"tags":[],"class_list":["post-15017","post","type-post","status-publish","format-standard","has-post-thumbnail","hentry","category-dorzaw"],"_links":{"self":[{"href":"https:\/\/sp1.kielce.eu\/index.php\/wp-json\/wp\/v2\/posts\/15017","targetHints":{"allow":["GET"]}}],"collection":[{"href":"https:\/\/sp1.kielce.eu\/index.php\/wp-json\/wp\/v2\/posts"}],"about":[{"href":"https:\/\/sp1.kielce.eu\/index.php\/wp-json\/wp\/v2\/types\/post"}],"author":[{"embeddable":true,"href":"https:\/\/sp1.kielce.eu\/index.php\/wp-json\/wp\/v2\/users\/5"}],"replies":[{"embeddable":true,"href":"https:\/\/sp1.kielce.eu\/index.php\/wp-json\/wp\/v2\/comments?post=15017"}],"version-history":[{"count":2,"href":"https:\/\/sp1.kielce.eu\/index.php\/wp-json\/wp\/v2\/posts\/15017\/revisions"}],"predecessor-version":[{"id":15024,"href":"https:\/\/sp1.kielce.eu\/index.php\/wp-json\/wp\/v2\/posts\/15017\/revisions\/15024"}],"wp:featuredmedia":[{"embeddable":true,"href":"https:\/\/sp1.kielce.eu\/index.php\/wp-json\/wp\/v2\/media\/15018"}],"wp:attachment":[{"href":"https:\/\/sp1.kielce.eu\/index.php\/wp-json\/wp\/v2\/media?parent=15017"}],"wp:term":[{"taxonomy":"category","embeddable":true,"href":"https:\/\/sp1.kielce.eu\/index.php\/wp-json\/wp\/v2\/categories?post=15017"},{"taxonomy":"post_tag","embeddable":true,"href":"https:\/\/sp1.kielce.eu\/index.php\/wp-json\/wp\/v2\/tags?post=15017"}],"curies":[{"name":"wp","href":"https:\/\/api.w.org\/{rel}","templated":true}]}}