{"id":14833,"date":"2021-01-12T10:30:07","date_gmt":"2021-01-12T09:30:07","guid":{"rendered":"http:\/\/sp1.kielce.eu\/?p=14833"},"modified":"2021-01-16T02:08:33","modified_gmt":"2021-01-16T01:08:33","slug":"zakonczylismy-realizacje-ogolnopolskiego-projektu-dar-na-100-lecie-jana-pawla-ii","status":"publish","type":"post","link":"https:\/\/sp1.kielce.eu\/index.php\/2021\/01\/12\/zakonczylismy-realizacje-ogolnopolskiego-projektu-dar-na-100-lecie-jana-pawla-ii\/","title":{"rendered":"Zako\u0144czyli\u015bmy realizacj\u0119 Og\u00f3lnopolskiego Projektu \u2013 \u201eDar na 100 lecie Jana Paw\u0142a II\u201d"},"content":{"rendered":"\n<p>Szko\u0142a Podstawowa nr\u00a01 w\u0142\u0105czy\u0142a si\u0119 w\u00a0realizacj\u0119 og\u00f3lnopolskiego projektu \u2013 \u201eDar na stulecie Jana Paw\u0142a\u00a0II\u201d. Celem projektu by\u0142o rozwijanie zainteresowania w\u015br\u00f3d dzieci osob\u0105 \u015aw. Jana Paw\u0142a\u00a0II, piel\u0119gnowanie i\u00a0utrwalanie warto\u015bci g\u0142oszonych przez naszego Rodaka oraz kszta\u0142towanie na ich fundamencie w\u0142a\u015bciwych postaw spo\u0142ecznych.<br>Nasi uczniowie w\u00a0ramach realizacji projektu wykonali plakaty pod has\u0142em <em>\u2013 \u201eJan Pawe\u0142\u00a0II &#8211; Nie l\u0119kajcie si\u0119 Mi\u0142o\u015bci!\u201d<\/em>. Najlepsze prace przygotowali \u2013 Agata Durlik 5a, Kacper Le\u017co\u0144 4a, Wojciech Klimczak 5b.<\/p>\n\n\n\n<p>Sk\u0142adamy serdeczne podzi\u0119kowania kierownikowi \u201e\u015awietlicy \u015arodowiskowej 4\u00a0K\u0105ty Filia nr\u00a03 w\u00a0Kielcach\u201d \u2013 pani Monice Zakrzewskiej oraz pracownikom tej\u017ce plac\u00f3wki \u2013 szczeg\u00f3lnie \u2013 pani Agacie Szrek za wsparcie i\u00a0pomoc w\u00a0realizacji zaplanowanych dzia\u0142a\u0144.<\/p>\n\n\n\n<p class=\"has-text-align-right\"><em>s. Faustyna Czajkowska<\/em><\/p>\n\n\n\n<figure class=\"wp-block-gallery columns-3 is-cropped wp-block-gallery-1 is-layout-flex wp-block-gallery-is-layout-flex\"><ul class=\"blocks-gallery-grid\"><li class=\"blocks-gallery-item\"><figure><a href=\"http:\/\/sp1.kielce.eu\/wp-content\/uploads\/2021\/01\/zdjecie-1-Copy.jpg\"><img loading=\"lazy\" decoding=\"async\" width=\"1200\" height=\"675\" src=\"http:\/\/sp1.kielce.eu\/wp-content\/uploads\/2021\/01\/zdjecie-1-Copy.jpg\" alt=\"\" data-id=\"14834\" data-full-url=\"http:\/\/sp1.kielce.eu\/wp-content\/uploads\/2021\/01\/zdjecie-1-Copy.jpg\" data-link=\"http:\/\/sp1.kielce.eu\/?attachment_id=14834\" class=\"wp-image-14834\" srcset=\"https:\/\/sp1.kielce.eu\/wp-content\/uploads\/2021\/01\/zdjecie-1-Copy.jpg 1200w, https:\/\/sp1.kielce.eu\/wp-content\/uploads\/2021\/01\/zdjecie-1-Copy-300x169.jpg 300w, https:\/\/sp1.kielce.eu\/wp-content\/uploads\/2021\/01\/zdjecie-1-Copy-768x432.jpg 768w, https:\/\/sp1.kielce.eu\/wp-content\/uploads\/2021\/01\/zdjecie-1-Copy-820x461.jpg 820w\" sizes=\"auto, (max-width: 1200px) 100vw, 1200px\" \/><\/a><\/figure><\/li><li class=\"blocks-gallery-item\"><figure><a href=\"http:\/\/sp1.kielce.eu\/wp-content\/uploads\/2021\/01\/zdjecie-2-Copy.jpg\"><img loading=\"lazy\" decoding=\"async\" width=\"1200\" height=\"675\" src=\"http:\/\/sp1.kielce.eu\/wp-content\/uploads\/2021\/01\/zdjecie-2-Copy.jpg\" alt=\"\" data-id=\"14835\" data-full-url=\"http:\/\/sp1.kielce.eu\/wp-content\/uploads\/2021\/01\/zdjecie-2-Copy.jpg\" data-link=\"http:\/\/sp1.kielce.eu\/?attachment_id=14835\" class=\"wp-image-14835\" srcset=\"https:\/\/sp1.kielce.eu\/wp-content\/uploads\/2021\/01\/zdjecie-2-Copy.jpg 1200w, https:\/\/sp1.kielce.eu\/wp-content\/uploads\/2021\/01\/zdjecie-2-Copy-300x169.jpg 300w, https:\/\/sp1.kielce.eu\/wp-content\/uploads\/2021\/01\/zdjecie-2-Copy-768x432.jpg 768w, https:\/\/sp1.kielce.eu\/wp-content\/uploads\/2021\/01\/zdjecie-2-Copy-820x461.jpg 820w\" sizes=\"auto, (max-width: 1200px) 100vw, 1200px\" \/><\/a><\/figure><\/li><li class=\"blocks-gallery-item\"><figure><a href=\"http:\/\/sp1.kielce.eu\/wp-content\/uploads\/2021\/01\/zdjecie3-Copy.jpg\"><img loading=\"lazy\" decoding=\"async\" width=\"1200\" height=\"675\" src=\"http:\/\/sp1.kielce.eu\/wp-content\/uploads\/2021\/01\/zdjecie3-Copy.jpg\" alt=\"\" data-id=\"14836\" data-full-url=\"http:\/\/sp1.kielce.eu\/wp-content\/uploads\/2021\/01\/zdjecie3-Copy.jpg\" data-link=\"http:\/\/sp1.kielce.eu\/?attachment_id=14836\" class=\"wp-image-14836\" srcset=\"https:\/\/sp1.kielce.eu\/wp-content\/uploads\/2021\/01\/zdjecie3-Copy.jpg 1200w, https:\/\/sp1.kielce.eu\/wp-content\/uploads\/2021\/01\/zdjecie3-Copy-300x169.jpg 300w, https:\/\/sp1.kielce.eu\/wp-content\/uploads\/2021\/01\/zdjecie3-Copy-768x432.jpg 768w, https:\/\/sp1.kielce.eu\/wp-content\/uploads\/2021\/01\/zdjecie3-Copy-820x461.jpg 820w\" sizes=\"auto, (max-width: 1200px) 100vw, 1200px\" \/><\/a><\/figure><\/li><\/ul><\/figure>\n","protected":false},"excerpt":{"rendered":"<p>Szko\u0142a Podstawowa nr\u00a01 w\u0142\u0105czy\u0142a si\u0119 w\u00a0realizacj\u0119 og\u00f3lnopolskiego projektu \u2013 \u201eDar na stulecie Jana Paw\u0142a\u00a0II\u201d. Celem [&hellip;]<\/p>\n","protected":false},"author":13,"featured_media":14837,"comment_status":"closed","ping_status":"open","sticky":false,"template":"","format":"standard","meta":{"footnotes":""},"categories":[36],"tags":[],"class_list":["post-14833","post","type-post","status-publish","format-standard","has-post-thumbnail","hentry","category-wydarzenia"],"_links":{"self":[{"href":"https:\/\/sp1.kielce.eu\/index.php\/wp-json\/wp\/v2\/posts\/14833","targetHints":{"allow":["GET"]}}],"collection":[{"href":"https:\/\/sp1.kielce.eu\/index.php\/wp-json\/wp\/v2\/posts"}],"about":[{"href":"https:\/\/sp1.kielce.eu\/index.php\/wp-json\/wp\/v2\/types\/post"}],"author":[{"embeddable":true,"href":"https:\/\/sp1.kielce.eu\/index.php\/wp-json\/wp\/v2\/users\/13"}],"replies":[{"embeddable":true,"href":"https:\/\/sp1.kielce.eu\/index.php\/wp-json\/wp\/v2\/comments?post=14833"}],"version-history":[{"count":1,"href":"https:\/\/sp1.kielce.eu\/index.php\/wp-json\/wp\/v2\/posts\/14833\/revisions"}],"predecessor-version":[{"id":14838,"href":"https:\/\/sp1.kielce.eu\/index.php\/wp-json\/wp\/v2\/posts\/14833\/revisions\/14838"}],"wp:featuredmedia":[{"embeddable":true,"href":"https:\/\/sp1.kielce.eu\/index.php\/wp-json\/wp\/v2\/media\/14837"}],"wp:attachment":[{"href":"https:\/\/sp1.kielce.eu\/index.php\/wp-json\/wp\/v2\/media?parent=14833"}],"wp:term":[{"taxonomy":"category","embeddable":true,"href":"https:\/\/sp1.kielce.eu\/index.php\/wp-json\/wp\/v2\/categories?post=14833"},{"taxonomy":"post_tag","embeddable":true,"href":"https:\/\/sp1.kielce.eu\/index.php\/wp-json\/wp\/v2\/tags?post=14833"}],"curies":[{"name":"wp","href":"https:\/\/api.w.org\/{rel}","templated":true}]}}