{"id":14762,"date":"2021-01-15T13:35:14","date_gmt":"2021-01-15T12:35:14","guid":{"rendered":"http:\/\/sp1.kielce.eu\/?p=14762"},"modified":"2021-01-15T17:53:01","modified_gmt":"2021-01-15T16:53:01","slug":"informacja-dotyczaca-nauczania-od-18-stycznia-2021-r","status":"publish","type":"post","link":"https:\/\/sp1.kielce.eu\/index.php\/2021\/01\/15\/informacja-dotyczaca-nauczania-od-18-stycznia-2021-r\/","title":{"rendered":"Informacja dotycz\u0105ca nauczania od 18 stycznia 2021 r."},"content":{"rendered":"\n<p>Drodzy Rodzice i Opiekunowie\u2026<\/p>\n\n\n\n<p>Od 18 stycznia 2021 r. <strong>w klasach 1-3 prowadzone b\u0119dzie nauczanie w&nbsp;formie stacjonarnej<\/strong>.<\/p>\n\n\n\n<p><strong>W klasach 4-8 kontynuowana b\u0119dzie nauka<\/strong> z wykorzystaniem metod i&nbsp;technik kszta\u0142cenia na odleg\u0142o\u015b\u0107 za po\u015brednictwem platformy Microsoft Teams. Lekcje trwaj\u0105 45 minut, <strong>z&nbsp;czego 30 minut to czas bezpo\u015bredniej pracy z&nbsp;nauczycielem<\/strong>.<\/p>\n\n\n\n<p>Informuj\u0119, \u017ce w&nbsp;dalszym ci\u0105gu obowi\u0105zuj\u0105 <strong><em>Procedury bezpiecze\u0144stwa w&nbsp;zwi\u0105zku z&nbsp;konieczno\u015bci\u0105 stosowania podwy\u017cszonego re\u017cimu sanitarnego, zwi\u0105zanego ze stanem epidemicznym w&nbsp;kraju<\/em><\/strong>, opracowane na podstawie wytycznych MEN, MZ i GIS, znajduj\u0105ce si\u0119 na stronie internetowej szko\u0142y.<\/p>\n\n\n\n<p><strong>Organizacja pracy szko\u0142y od 18.01.2021 r. przedstawia si\u0119 nast\u0119puj\u0105co:<\/strong><\/p>\n\n\n\n<ul class=\"wp-block-list\"><li>Plan nie ulega zmianie. <strong>Uczniowie klas 4-8 <\/strong>uczestnicz\u0105 w\u00a0zaj\u0119ciach on-line. Czas trwania lekcji to 45 minut, <strong>z\u00a0czego 30 minut to czas bezpo\u015bredniej pracy z\u00a0nauczycielem<\/strong>, a\u00a0pozosta\u0142e 15\u00a0minut to czas przeznaczony na konsultacje z\u00a0nauczycielem lub samodzieln\u0105 prac\u0119 ucznia.<\/li><li><strong>Dla uczni\u00f3w klas 1-3<\/strong> wprowadza si\u0119 dodatkowy harmonogram rozpocz\u0119cia i\u00a0zako\u0144czenia zaj\u0119\u0107. Na stronie szko\u0142y znajduje si\u0119 tak\u017ce harmonogram wej\u015b\u0107 dla poszczeg\u00f3lnych klas (<strong>szczeg\u00f3\u0142owe informacje przeka\u017c\u0105 wychowawcy klas<\/strong>) <br><a href=\"http:\/\/sp1.kielce.eu\/wp-content\/uploads\/2021\/01\/Harmonogram-zajec-1-3.pdf\">harmonogram kl. 1- 3 od 18.01.2021r.<\/a><\/li><\/ul>\n\n\n\n<p>Przypominam, \u017ce do szko\u0142y mo\u017ce ucz\u0119szcza\u0107 ucze\u0144 bez objaw\u00f3w chorobowych, sugeruj\u0105cych infekcj\u0119 dr\u00f3g oddechowych oraz gdy domownicy nie przebywaj\u0105 w&nbsp;izolacji w&nbsp;warunkach domowych lub w&nbsp;izolacji.<\/p>\n\n\n\n<p>Uczniowie mog\u0105 by\u0107 przyprowadzani do szko\u0142y i&nbsp;z&nbsp;niej odbierani przez opiekun\u00f3w <strong>nieposiadaj\u0105cych objaw\u00f3w chorobowych sugeruj\u0105cych infekcj\u0119 dr\u00f3g oddechowych<\/strong>. W&nbsp;drodze do i&nbsp;ze szko\u0142y opiekunowie z dzie\u0107mi oraz uczniowie przestrzegaj\u0105 aktualnych przepis\u00f3w prawa dotycz\u0105cych zachowania w&nbsp;przestrzeni publicznej (m.in. stosowanie \u015brodk\u00f3w ochronnych: os\u0142ona ust i&nbsp;nosa).<\/p>\n\n\n\n<p>Rodzice\/opiekunowie dziecka maj\u0105 obowi\u0105zek zaopatrzy\u0107 je w&nbsp;indywidualn\u0105 os\u0142on\u0119 nosa i&nbsp;ust do zastosowania w&nbsp;przestrzeni wsp\u00f3lnej szko\u0142y oraz w&nbsp;przestrzeni publicznej \u2013 zgodnie z&nbsp;aktualnymi przepisami prawa.<\/p>\n\n\n\n<p class=\"has-text-align-right\">Z powa\u017caniem<br>Dyrektor szko\u0142y \u2013 \u017baneta Szczepaniak<\/p>\n\n\n\n<p>Wszystkie dokumenty znajduj\u0105 si\u0119 na stronie internetowej szko\u0142y w zak\u0142adce &#8222;Dla Rodzic\u00f3w&#8221;.<\/p>\n\n\n\n<p>OG\u0141OSZENIE &#8211; INFORMACJA DOTYCZ\u0104CA NAUCZANIA OD 18 STYCZNIA 2021 R.<br>Wytyczne MEiN, MZ i GIS.<br>Procedury bezpiecze\u0144stwa w zwi\u0105zku z konieczno\u015bci\u0105 stosowania podwy\u017cszonego re\u017cimu sanitarnego, zwi\u0105zanego ze stanem epidemicznym w kraju w Szkole Podstawowej nr 1 Stanis\u0142awa Staszica w Kielcach.<br>Harmonogram (godziny przychodzenia i wychodzenia ze szko\u0142y) klas 1 &#8211; 3 od 18.01.2021r.<br>Harmonogram przerw dla klas 1-3 od 18.01.2021r.<br>Harmonogram korzystania ze sto\u0142\u00f3wki szkolnej dla klas 1 -3 od 18.01.2021r.<br>Regulamin zaj\u0119\u0107 prowadzonych w formie online w Szkole Podstawowej nr 1 im. Stanis\u0142awa Staszica w Kielcach.<br>Nowe zasady korzystania z biblioteki szkolnej <br>Zasady bezpiecznego korzystania z pojazd\u00f3w publicznego transportu zbiorowego w trakcie epidemii SARS-CoV-2 w Polsce \u2013 wytyczne MI i GIS<\/p>\n","protected":false},"excerpt":{"rendered":"<p>Drodzy Rodzice i Opiekunowie\u2026 Od 18 stycznia 2021 r. w klasach 1-3 prowadzone b\u0119dzie nauczanie [&hellip;]<\/p>\n","protected":false},"author":13,"featured_media":11834,"comment_status":"closed","ping_status":"open","sticky":false,"template":"","format":"standard","meta":{"footnotes":""},"categories":[1],"tags":[],"class_list":["post-14762","post","type-post","status-publish","format-standard","has-post-thumbnail","hentry","category-bez-kategorii"],"_links":{"self":[{"href":"https:\/\/sp1.kielce.eu\/index.php\/wp-json\/wp\/v2\/posts\/14762","targetHints":{"allow":["GET"]}}],"collection":[{"href":"https:\/\/sp1.kielce.eu\/index.php\/wp-json\/wp\/v2\/posts"}],"about":[{"href":"https:\/\/sp1.kielce.eu\/index.php\/wp-json\/wp\/v2\/types\/post"}],"author":[{"embeddable":true,"href":"https:\/\/sp1.kielce.eu\/index.php\/wp-json\/wp\/v2\/users\/13"}],"replies":[{"embeddable":true,"href":"https:\/\/sp1.kielce.eu\/index.php\/wp-json\/wp\/v2\/comments?post=14762"}],"version-history":[{"count":7,"href":"https:\/\/sp1.kielce.eu\/index.php\/wp-json\/wp\/v2\/posts\/14762\/revisions"}],"predecessor-version":[{"id":14789,"href":"https:\/\/sp1.kielce.eu\/index.php\/wp-json\/wp\/v2\/posts\/14762\/revisions\/14789"}],"wp:featuredmedia":[{"embeddable":true,"href":"https:\/\/sp1.kielce.eu\/index.php\/wp-json\/wp\/v2\/media\/11834"}],"wp:attachment":[{"href":"https:\/\/sp1.kielce.eu\/index.php\/wp-json\/wp\/v2\/media?parent=14762"}],"wp:term":[{"taxonomy":"category","embeddable":true,"href":"https:\/\/sp1.kielce.eu\/index.php\/wp-json\/wp\/v2\/categories?post=14762"},{"taxonomy":"post_tag","embeddable":true,"href":"https:\/\/sp1.kielce.eu\/index.php\/wp-json\/wp\/v2\/tags?post=14762"}],"curies":[{"name":"wp","href":"https:\/\/api.w.org\/{rel}","templated":true}]}}