{"id":14716,"date":"2021-01-06T15:28:16","date_gmt":"2021-01-06T14:28:16","guid":{"rendered":"http:\/\/sp1.kielce.eu\/?p=14716"},"modified":"2021-01-06T15:28:16","modified_gmt":"2021-01-06T14:28:16","slug":"propozycja-na-ferie-noc-biologow-na-ujk","status":"publish","type":"post","link":"https:\/\/sp1.kielce.eu\/index.php\/2021\/01\/06\/propozycja-na-ferie-noc-biologow-na-ujk\/","title":{"rendered":"Propozycja na ferie &#8211;  NOC  BIOLOG\u00d3W  na  UJK"},"content":{"rendered":"\n<p>W pi\u0105tek 8 stycznia 2021 od godziny 17:00 UJK zaprasza na Jubileuszow\u0105 X edycj\u0119 Nocy Biolog\u00f3w, kt\u00f3ra odbywa\u0107 si\u0119 b\u0119dzie wy\u0142\u0105cznie w formie zdalnej.<br>Has\u0142em przewodnim Nocy Biolog\u00f3w jest &#8222;Cz\u0142owiek i mikroorganizmy&#8221;.<br>Program:<br><a href=\"https:\/\/liblink.pl\/ULBDo49351\" target=\"_blank\" rel=\"noreferrer noopener\">https:\/\/liblink.pl\/ULBDo49351<\/a><br><br>W tym roku organizowany jest konkurs dla dzieci i m\u0142odzie\u017cy &#8222;Mikroorganizmy w\u015br\u00f3d nas&#8221; &#8211; prezentacja multimedialna.<br>Nagrody: OPASKI SPORTOWE &#8211; SMARTBAND<br><br>Regulamin konkursu:<br><a href=\"https:\/\/liblink.pl\/ISe4HrcQMu\" target=\"_blank\" rel=\"noreferrer noopener\">https:\/\/liblink.pl\/ISe4HrcQMu<\/a><\/p>\n\n\n\n<p>Uczniowie klas IV \u2013 VIII<br>&#8222;Choroby brudnych r\u0105k&#8221; \u2013 prezentacja multimedialna<br>\u27a2 Uczestnik wykonuje prezentacj\u0119 multimedialn\u0105 na podany wy\u017cej temat.<br>\u27a2 Ilo\u015b\u0107 slajd\u00f3w: minimalnie 10 \u2013 maksymalnie 15.<br>\u27a2 Prezentacja musi zawiera\u0107 tekst i grafik\u0119.<br>\u27a2 Ka\u017cda umieszczona w prezentacji grafika musi zawiera\u0107 opis \u017ar\u00f3d\u0142a, z kt\u00f3rego<br>pochodzi.<br>\u27a2 Ostatni slajd prezentacji powinien zawiera\u0107 bibliografi\u0119 \u2013 wykaz publikacji,<br>artyku\u0142\u00f3w, ksi\u0105\u017cek, stron internetowych, z kt\u00f3rych korzysta\u0142 uczestnik.<br>\u27a2 Prezentacj\u0119 nale\u017cy wys\u0142a\u0107 na adres&nbsp;<a href=\"mailto:noc.biologow@ujk.edu.pl\" target=\"_blank\" rel=\"noreferrer noopener\">noc.biologow@ujk.edu.pl<\/a><br>\u27a2 Temat maila: Choroby brudnych r\u0105k \u2013 imi\u0119 i nazwisko uczestnika.<br>\u27a2 Do pracy nale\u017cy do\u0142\u0105czy\u0107 skan podpisanego przez rodzica lub prawnego opiekuna<br>o\u015bwiadczenia (wz\u00f3r do\u0142\u0105czony do regulaminu).<\/p>\n\n\n\n<p>Zach\u0119camy do udzia\u0142u<\/p>\n\n\n\n<p>Beata Ko\u0142cz i Iwona M\u0142ynarczyk-Halicka ( wych. kl. 6b)<\/p>\n","protected":false},"excerpt":{"rendered":"<p>W pi\u0105tek 8 stycznia 2021 od godziny 17:00 UJK zaprasza na Jubileuszow\u0105 X edycj\u0119 Nocy [&hellip;]<\/p>\n","protected":false},"author":5,"featured_media":14717,"comment_status":"closed","ping_status":"open","sticky":false,"template":"","format":"standard","meta":{"footnotes":""},"categories":[36],"tags":[],"class_list":["post-14716","post","type-post","status-publish","format-standard","has-post-thumbnail","hentry","category-wydarzenia"],"_links":{"self":[{"href":"https:\/\/sp1.kielce.eu\/index.php\/wp-json\/wp\/v2\/posts\/14716","targetHints":{"allow":["GET"]}}],"collection":[{"href":"https:\/\/sp1.kielce.eu\/index.php\/wp-json\/wp\/v2\/posts"}],"about":[{"href":"https:\/\/sp1.kielce.eu\/index.php\/wp-json\/wp\/v2\/types\/post"}],"author":[{"embeddable":true,"href":"https:\/\/sp1.kielce.eu\/index.php\/wp-json\/wp\/v2\/users\/5"}],"replies":[{"embeddable":true,"href":"https:\/\/sp1.kielce.eu\/index.php\/wp-json\/wp\/v2\/comments?post=14716"}],"version-history":[{"count":1,"href":"https:\/\/sp1.kielce.eu\/index.php\/wp-json\/wp\/v2\/posts\/14716\/revisions"}],"predecessor-version":[{"id":14718,"href":"https:\/\/sp1.kielce.eu\/index.php\/wp-json\/wp\/v2\/posts\/14716\/revisions\/14718"}],"wp:featuredmedia":[{"embeddable":true,"href":"https:\/\/sp1.kielce.eu\/index.php\/wp-json\/wp\/v2\/media\/14717"}],"wp:attachment":[{"href":"https:\/\/sp1.kielce.eu\/index.php\/wp-json\/wp\/v2\/media?parent=14716"}],"wp:term":[{"taxonomy":"category","embeddable":true,"href":"https:\/\/sp1.kielce.eu\/index.php\/wp-json\/wp\/v2\/categories?post=14716"},{"taxonomy":"post_tag","embeddable":true,"href":"https:\/\/sp1.kielce.eu\/index.php\/wp-json\/wp\/v2\/tags?post=14716"}],"curies":[{"name":"wp","href":"https:\/\/api.w.org\/{rel}","templated":true}]}}