{"id":14538,"date":"2020-12-22T09:47:28","date_gmt":"2020-12-22T08:47:28","guid":{"rendered":"http:\/\/sp1.kielce.eu\/?p=14538"},"modified":"2020-12-22T10:20:35","modified_gmt":"2020-12-22T09:20:35","slug":"maluchy-koleduja","status":"publish","type":"post","link":"https:\/\/sp1.kielce.eu\/index.php\/2020\/12\/22\/maluchy-koleduja\/","title":{"rendered":"Maluchy kol\u0119duj\u0105"},"content":{"rendered":"\n<p>W \u015bwietlicy szkolnej odby\u0142 si\u0119 konkurs kol\u0119d&nbsp; i pastora\u0142ek.&nbsp; Jury mia\u0142o bardzo trudne zadanie z wy\u0142onieniem zwyci\u0119zc\u00f3w, gdy\u017c wszystkie dzieci zaprezentowa\u0142y si\u0119 pi\u0119knie. Oto zwyci\u0119zcy:<\/p>\n\n\n\n<p>1 miejsce &#8211; Miko\u0142aj \u015amigielski klasa 2a<\/p>\n\n\n\n<p>2 miejsce &#8211; Nadia Sosowska klasa 1a<\/p>\n\n\n\n<p>3 miejsce&nbsp; &#8211; Erwin Rodziewicz klasa 2a<\/p>\n\n\n\n<p>W kategorii zespo\u0142y bezkonkurencyjni byli Filip \u0141abuz z klasy 1a, Micha\u0142 \u0141azurkiewicz z klasy 1 a oraz Alan \u0141azurkiewicz z klasy 2 b<\/p>\n\n\n\n<figure class=\"wp-block-video\"><video controls src=\"http:\/\/sp1.kielce.eu\/wp-content\/uploads\/2020\/12\/Rodziewicz-Erwin-2a.mp4\"><\/video><\/figure>\n\n\n\n<p><a href=\"https:\/\/drive.google.com\/file\/d\/1Cpdjx3gGC7Br6ZQ3WABOnKSOnDO0VV-t\/view?usp=sharing\">https:\/\/drive.google.com\/file\/d\/1Cpdjx3gGC7Br6ZQ3WABOnKSOnDO0VV-t\/view?usp=sharing<\/a><\/p>\n\n\n\n<p><a href=\"https:\/\/drive.google.com\/file\/d\/1mPnrctbs7NPb_B3aGeJ5vUzj4yIsF_Sk\/view?usp=sharing\">https:\/\/drive.google.com\/file\/d\/1mPnrctbs7NPb_B3aGeJ5vUzj4yIsF_Sk\/view?usp=sharing<\/a><\/p>\n\n\n\n<figure class=\"wp-block-audio\"><audio controls src=\"http:\/\/sp1.kielce.eu\/wp-content\/uploads\/2020\/12\/Smigielski-Mikolaj-2a.mp3\"><\/audio><\/figure>\n","protected":false},"excerpt":{"rendered":"<p>W \u015bwietlicy szkolnej odby\u0142 si\u0119 konkurs kol\u0119d&nbsp; i pastora\u0142ek.&nbsp; Jury mia\u0142o bardzo trudne zadanie z [&hellip;]<\/p>\n","protected":false},"author":5,"featured_media":14546,"comment_status":"closed","ping_status":"open","sticky":false,"template":"","format":"standard","meta":{"footnotes":""},"categories":[36],"tags":[],"class_list":["post-14538","post","type-post","status-publish","format-standard","has-post-thumbnail","hentry","category-wydarzenia"],"_links":{"self":[{"href":"https:\/\/sp1.kielce.eu\/index.php\/wp-json\/wp\/v2\/posts\/14538","targetHints":{"allow":["GET"]}}],"collection":[{"href":"https:\/\/sp1.kielce.eu\/index.php\/wp-json\/wp\/v2\/posts"}],"about":[{"href":"https:\/\/sp1.kielce.eu\/index.php\/wp-json\/wp\/v2\/types\/post"}],"author":[{"embeddable":true,"href":"https:\/\/sp1.kielce.eu\/index.php\/wp-json\/wp\/v2\/users\/5"}],"replies":[{"embeddable":true,"href":"https:\/\/sp1.kielce.eu\/index.php\/wp-json\/wp\/v2\/comments?post=14538"}],"version-history":[{"count":6,"href":"https:\/\/sp1.kielce.eu\/index.php\/wp-json\/wp\/v2\/posts\/14538\/revisions"}],"predecessor-version":[{"id":14547,"href":"https:\/\/sp1.kielce.eu\/index.php\/wp-json\/wp\/v2\/posts\/14538\/revisions\/14547"}],"wp:featuredmedia":[{"embeddable":true,"href":"https:\/\/sp1.kielce.eu\/index.php\/wp-json\/wp\/v2\/media\/14546"}],"wp:attachment":[{"href":"https:\/\/sp1.kielce.eu\/index.php\/wp-json\/wp\/v2\/media?parent=14538"}],"wp:term":[{"taxonomy":"category","embeddable":true,"href":"https:\/\/sp1.kielce.eu\/index.php\/wp-json\/wp\/v2\/categories?post=14538"},{"taxonomy":"post_tag","embeddable":true,"href":"https:\/\/sp1.kielce.eu\/index.php\/wp-json\/wp\/v2\/tags?post=14538"}],"curies":[{"name":"wp","href":"https:\/\/api.w.org\/{rel}","templated":true}]}}